{"id":152579,"date":"2026-09-03T18:10:05","date_gmt":"2026-09-03T18:10:05","guid":{"rendered":"https:\/\/rdnews.al\/?p=152579"},"modified":"2026-09-03T18:10:05","modified_gmt":"2026-09-03T18:10:05","slug":"qeveria-caktivizoi-qindra-llogari-te-protestes-rama-mbrohet-skemi-aftesi-teknike-per-te-kryer-kete-operacion","status":"publish","type":"post","link":"https:\/\/rdnews.al\/index.php\/2026\/09\/03\/qeveria-caktivizoi-qindra-llogari-te-protestes-rama-mbrohet-skemi-aftesi-teknike-per-te-kryer-kete-operacion\/","title":{"rendered":"Qeveria \u00e7aktivizoi qindra llogari t\u00eb protest\u00ebs\/ Rama mbrohet: S\u2019kemi aft\u00ebsi teknike p\u00ebr t\u00eb kryer k\u00ebt\u00eb operacion"},"content":{"rendered":"<p>Edi Rama ka reaguar pas deklarat\u00ebs s\u00eb Demokrat\u00ebve Evropian\u00eb (PDE\/EDP), t\u00eb cil\u00ebt k\u00ebrkuan shpjegime p\u00ebr mbylljen ose kufizimin e rreth 200 profileve n\u00eb Instagram t\u00eb lidhura me aktivist\u00eb dhe protestues n\u00eb Shqip\u00ebri.<\/p>\n<div class=\"jeg_ad jeg_ad_article jnews_content_inline_ads  \">\n<div class=\"ads-wrapper align-center \">\n<div class=\"ads_code\">Demokrat\u00ebt Evropian\u00eb k\u00ebrkuan p\u00ebrgjigje nga qeveria shqiptare, duke theksuar se liria e shprehjes dhe mospajtimi politik jan\u00eb t\u00eb drejta themelore demokratike.<\/div>\n<\/div>\n<\/div>\n<p>N\u00eb p\u00ebrgjigjen e tij, Rama ka mohuar \u00e7do p\u00ebrfshirje t\u00eb qeveris\u00eb n\u00eb \u00e7aktivizimin e llogarive.<\/p>\n<p>\u201cSi mund ta quajn\u00eb veten demokrat\u00eb k\u00ebta agjitator\u00eb, nd\u00ebrkoh\u00eb q\u00eb publikojn\u00eb nj\u00eb aludim kaq t\u00eb paturpsh\u00ebm vizual? Kam jetuar me loj\u00ebrat e faj\u00ebsimit dhe turpit t\u00eb kund\u00ebrshtar\u00ebve t\u00eb mi p\u00ebr aq koh\u00eb sa kam qen\u00eb n\u00eb politik\u00eb.<\/p>\n<p>Por kur kjo form\u00eb e ul\u00ebt propagande vjen nga njer\u00ebz q\u00eb parakalojn\u00eb si demokrat\u00eb evropian\u00eb, \u00ebsht\u00eb v\u00ebrtet p\u00ebr t\u00eb ardhur keq. Po sikur e gjith\u00eb kjo dredhi t\u00eb vij\u00eb nga t\u00eb nj\u00ebjtat burime dashakeqe q\u00eb nxit\u00ebn t\u00eb ashtuquajturin \u201cRevolucion Flamingo\u201d, shum\u00eb prej t\u00eb cil\u00ebve nxit\u00ebn edhe kaosin n\u00eb Ceuta? Pse?<\/p>\n<div class=\"jnews_inline_related_post_wrapper left\">\n<div class=\"jnews_inline_related_post\">\n<div class=\"jeg_postblock_29 jeg_postblock jeg_module_hook jeg_pagination_disable jeg_col_2o3 jnews_module_1730790_0_6a99b619217af   \" data-unique=\"jnews_module_1730790_0_6a99b619217af\">\n<div class=\"jeg_block_heading jeg_block_heading_6 jeg_subcat_right\"><\/div>\n<\/div>\n<\/div>\n<\/div>\n<div class=\"jeg_ad jeg_ad_article jnews_content_inline_2_ads  \">\n<div class=\"ads-wrapper align-center \">\n<div class=\"ads_code\">E thjesht\u00eb: t\u2019i japim jet\u00eb nj\u00eb \u201crevolucioni\u201d q\u00eb tashm\u00eb \u00ebsht\u00eb shuar. A nuk ka kuptim kjo? Sigurisht q\u00eb po. Por me sa duket jo vet\u00ebm p\u00ebr k\u00ebta demokrat\u00eb n\u00eb em\u00ebr. Pra, le t\u00eb jem absolutisht i qart\u00eb: ne nuk kemi t\u00eb b\u00ebjm\u00eb fare me \u00e7aktivizimin ose kufizimin e ndonj\u00eb llogarie n\u00eb mediat sociale, as nuk kemi aft\u00ebsin\u00eb teknike p\u00ebr t\u00eb kryer nj\u00eb operacion t\u00eb k\u00ebtij lloji. Turp p\u00ebr t\u00eb gjith\u00eb k\u00ebt\u00eb band\u00eb d\u00ebshtimesh q\u00eb p\u00ebrhapin gj\u00ebra t\u00eb tilla t\u00eb pakuptimta\u201c, shkruan Rama n\u00eb \u201cX\u201d.<\/div>\n<\/div>\n<\/div>\n","protected":false},"excerpt":{"rendered":"<p>Edi Rama ka reaguar pas deklarat\u00ebs s\u00eb Demokrat\u00ebve Evropian\u00eb (PDE\/EDP), t\u00eb cil\u00ebt k\u00ebrkuan shpjegime p\u00ebr mbylljen ose kufizimin e rreth 200 profileve n\u00eb Instagram t\u00eb lidhura me aktivist\u00eb dhe protestues n\u00eb Shqip\u00ebri. Demokrat\u00ebt Evropian\u00eb k\u00ebrkuan p\u00ebrgjigje nga qeveria shqiptare, duke theksuar se liria e shprehjes dhe mospajtimi politik jan\u00eb t\u00eb drejta themelore demokratike. N\u00eb p\u00ebrgjigjen &hellip;<\/p>\n","protected":false},"author":4,"featured_media":152580,"comment_status":"closed","ping_status":"closed","sticky":false,"template":"","format":"standard","meta":{"footnotes":""},"categories":[37],"tags":[],"class_list":["post-152579","post","type-post","status-publish","format-standard","has-post-thumbnail","","category-politike"],"_links":{"self":[{"href":"https:\/\/rdnews.al\/index.php\/wp-json\/wp\/v2\/posts\/152579","targetHints":{"allow":["GET"]}}],"collection":[{"href":"https:\/\/rdnews.al\/index.php\/wp-json\/wp\/v2\/posts"}],"about":[{"href":"https:\/\/rdnews.al\/index.php\/wp-json\/wp\/v2\/types\/post"}],"author":[{"embeddable":true,"href":"https:\/\/rdnews.al\/index.php\/wp-json\/wp\/v2\/users\/4"}],"replies":[{"embeddable":true,"href":"https:\/\/rdnews.al\/index.php\/wp-json\/wp\/v2\/comments?post=152579"}],"version-history":[{"count":1,"href":"https:\/\/rdnews.al\/index.php\/wp-json\/wp\/v2\/posts\/152579\/revisions"}],"predecessor-version":[{"id":152581,"href":"https:\/\/rdnews.al\/index.php\/wp-json\/wp\/v2\/posts\/152579\/revisions\/152581"}],"wp:featuredmedia":[{"embeddable":true,"href":"https:\/\/rdnews.al\/index.php\/wp-json\/wp\/v2\/media\/152580"}],"wp:attachment":[{"href":"https:\/\/rdnews.al\/index.php\/wp-json\/wp\/v2\/media?parent=152579"}],"wp:term":[{"taxonomy":"category","embeddable":true,"href":"https:\/\/rdnews.al\/index.php\/wp-json\/wp\/v2\/categories?post=152579"},{"taxonomy":"post_tag","embeddable":true,"href":"https:\/\/rdnews.al\/index.php\/wp-json\/wp\/v2\/tags?post=152579"}],"curies":[{"name":"wp","href":"https:\/\/api.w.org\/{rel}","templated":true}]}}