{"id":152582,"date":"2026-09-03T18:14:12","date_gmt":"2026-09-03T18:14:12","guid":{"rendered":"https:\/\/rdnews.al\/?p=152582"},"modified":"2026-09-03T18:14:12","modified_gmt":"2026-09-03T18:14:12","slug":"protesta-e-e-96-te-boll-me-receta-nga-oligarkia","status":"publish","type":"post","link":"https:\/\/rdnews.al\/index.php\/2026\/09\/03\/protesta-e-e-96-te-boll-me-receta-nga-oligarkia\/","title":{"rendered":"Protesta e e 96-t\u00eb\/ Boll me receta nga oligarkia!"},"content":{"rendered":"<p>Ka nisur marshimi i protestuesve n\u00eb Tiran\u00eb, n\u00eb dit\u00ebn e 96-t\u00eb t\u00eb protest\u00ebs kund\u00ebr qeveris\u00eb.<\/p>\n<p>Protesta e 96-t\u00eb vjen pas arrestimeve t\u00eb policis\u00eb dhe p\u00ebrplasjeve me policin\u00eb para godin\u00ebs s\u00eb Kryeministris\u00eb.<\/p>\n<p>Protestuesit q\u00ebndruan p\u00ebr rreth dy or\u00eb te Kryeministria, duke bllokuar hyrjet dhe daljet e godin\u00ebs, nd\u00ebrsa policia shtoi forcat n\u00eb terren.<\/p>\n<p>Qytetar\u00ebt kan\u00eb p\u00ebrcjell\u00eb mesazhe t\u00eb forta p\u00ebrmes pankartave n\u00eb protest\u00eb. N\u00eb nj\u00eb pankart\u00eb, qytetar\u00ebt theksojn\u00eb se dor\u00ebheqja e Evis Sal\u00ebs si ministre e Sh\u00ebndet\u00ebsis\u00eb flet m\u00eb shum\u00eb se 1 mij\u00eb premtime t\u00eb b\u00ebra. Ata theksojn\u00eb se ministri duhet t\u00eb jet\u00eb p\u00ebr pacient\u00ebt, jo p\u00ebr bizneset.<\/p>\n<p>\u201cBoll me receta nga oligarkia, nj\u00eb dor\u00ebheqje q\u00eb flet m\u00eb shum\u00eb se nj\u00eb mij\u00eb premtime\u201d, \u201cMinist\u00ebr p\u00ebr pacient\u00ebt, jo p\u00ebr bizneset\u201d shkruhet n\u00eb pankarta.<\/p>\n<p><a href=\"https:\/\/www.panorama.com.al\/wp-content\/uploads\/2026\/09\/WhatsApp-Image-2026-09-03-at-19.26.27.jpeg\" target=\"_blank\" rel=\"noopener\"><img loading=\"lazy\" decoding=\"async\" class=\"alignnone size-full wp-image-1682625\" src=\"https:\/\/www.panorama.com.al\/wp-content\/uploads\/2026\/09\/WhatsApp-Image-2026-09-03-at-19.26.27.jpeg\" alt=\"WhatsApp Image 2026-09-03 at 19.26.27\" width=\"1200\" height=\"1600\" data-pin-no-hover=\"true\" \/><\/a><a href=\"https:\/\/www.panorama.com.al\/wp-content\/uploads\/2026\/09\/WhatsApp-Image-2026-09-03-at-19.26.27-1.jpeg\" target=\"_blank\" rel=\"noopener\"><img loading=\"lazy\" decoding=\"async\" class=\"alignnone size-full wp-image-1682626\" src=\"https:\/\/www.panorama.com.al\/wp-content\/uploads\/2026\/09\/WhatsApp-Image-2026-09-03-at-19.26.27-1.jpeg\" alt=\"WhatsApp Image 2026-09-03 at 19.26.27 (1)\" width=\"1200\" height=\"1600\" data-pin-no-hover=\"true\" \/><\/a><a href=\"https:\/\/www.panorama.com.al\/wp-content\/uploads\/2026\/09\/WhatsApp-Image-2026-09-03-at-19.26.27-2.jpeg\" target=\"_blank\" rel=\"noopener\"><img loading=\"lazy\" decoding=\"async\" class=\"alignnone size-full wp-image-1682627\" src=\"https:\/\/www.panorama.com.al\/wp-content\/uploads\/2026\/09\/WhatsApp-Image-2026-09-03-at-19.26.27-2.jpeg\" alt=\"WhatsApp Image 2026-09-03 at 19.26.27 (2)\" width=\"1200\" height=\"1600\" data-pin-no-hover=\"true\" \/><\/a><a href=\"https:\/\/www.panorama.com.al\/wp-content\/uploads\/2026\/09\/WhatsApp-Image-2026-09-03-at-19.26.27-3.jpeg\" target=\"_blank\" rel=\"noopener\"><img loading=\"lazy\" decoding=\"async\" class=\"alignnone size-full wp-image-1682628\" src=\"https:\/\/www.panorama.com.al\/wp-content\/uploads\/2026\/09\/WhatsApp-Image-2026-09-03-at-19.26.27-3.jpeg\" alt=\"WhatsApp Image 2026-09-03 at 19.26.27 (3)\" width=\"1200\" height=\"1600\" data-pin-no-hover=\"true\" \/><\/a><a href=\"https:\/\/www.panorama.com.al\/wp-content\/uploads\/2026\/09\/WhatsApp-Image-2026-09-03-at-19.26.28.jpeg\" target=\"_blank\" rel=\"noopener\"><img loading=\"lazy\" decoding=\"async\" class=\"alignnone size-full wp-image-1682629\" src=\"https:\/\/www.panorama.com.al\/wp-content\/uploads\/2026\/09\/WhatsApp-Image-2026-09-03-at-19.26.28.jpeg\" alt=\"WhatsApp Image 2026-09-03 at 19.26.28\" width=\"1200\" height=\"1600\" data-pin-no-hover=\"true\" \/><\/a><\/p>\n<div class=\"jeg_ad jeg_ad_article jnews_content_inline_2_ads  \">\n<div class=\"ads-wrapper align-center \">\n<div class=\"ads_code\"><\/div>\n<\/div>\n<\/div>\n<div class=\"jeg_ad jeg_ad_article jnews_content_inline_3_ads  \">\n<div class=\"ads-wrapper align-center \">\n<div class=\"ads_code\">\n<div class=\"desktopi\" align=\"center\"><ins id=\"revive-0-2\" data-revive-zoneid=\"138\" data-revive-id=\"2581c650fb61ab0cf7e084114e7ddb41\" data-revive-seq=\"2\" data-revive-loaded=\"1\"><\/p>\n<div id=\"beacon_2928e31650\"><img loading=\"lazy\" decoding=\"async\" src=\"https:\/\/ads.adsense.al\/www\/delivery\/lg.php?bannerid=0&amp;campaignid=0&amp;zoneid=138&amp;loc=https%3A%2F%2Fboldnews.al%2F2026%2F09%2F03%2Fqytetaret-mesazhe-me-pankarta-doreheqja-e-evis-sales-flet-me-shume-se-1-mije-premtime%2F&amp;referer=https%3A%2F%2Fboldnews.al%2Fcategory%2Faktualitet%2F&amp;cb=2928e31650\" alt=\"\" width=\"0\" height=\"0\" \/><\/div>\n<p><\/ins><\/div>\n<\/div>\n<\/div>\n<\/div>\n","protected":false},"excerpt":{"rendered":"<p>Ka nisur marshimi i protestuesve n\u00eb Tiran\u00eb, n\u00eb dit\u00ebn e 96-t\u00eb t\u00eb protest\u00ebs kund\u00ebr qeveris\u00eb. Protesta e 96-t\u00eb vjen pas arrestimeve t\u00eb policis\u00eb dhe p\u00ebrplasjeve me policin\u00eb para godin\u00ebs s\u00eb Kryeministris\u00eb. Protestuesit q\u00ebndruan p\u00ebr rreth dy or\u00eb te Kryeministria, duke bllokuar hyrjet dhe daljet e godin\u00ebs, nd\u00ebrsa policia shtoi forcat n\u00eb terren. Qytetar\u00ebt kan\u00eb p\u00ebrcjell\u00eb &hellip;<\/p>\n","protected":false},"author":4,"featured_media":150339,"comment_status":"closed","ping_status":"closed","sticky":false,"template":"","format":"standard","meta":{"footnotes":""},"categories":[37],"tags":[],"class_list":["post-152582","post","type-post","status-publish","format-standard","has-post-thumbnail","","category-politike"],"_links":{"self":[{"href":"https:\/\/rdnews.al\/index.php\/wp-json\/wp\/v2\/posts\/152582","targetHints":{"allow":["GET"]}}],"collection":[{"href":"https:\/\/rdnews.al\/index.php\/wp-json\/wp\/v2\/posts"}],"about":[{"href":"https:\/\/rdnews.al\/index.php\/wp-json\/wp\/v2\/types\/post"}],"author":[{"embeddable":true,"href":"https:\/\/rdnews.al\/index.php\/wp-json\/wp\/v2\/users\/4"}],"replies":[{"embeddable":true,"href":"https:\/\/rdnews.al\/index.php\/wp-json\/wp\/v2\/comments?post=152582"}],"version-history":[{"count":2,"href":"https:\/\/rdnews.al\/index.php\/wp-json\/wp\/v2\/posts\/152582\/revisions"}],"predecessor-version":[{"id":152584,"href":"https:\/\/rdnews.al\/index.php\/wp-json\/wp\/v2\/posts\/152582\/revisions\/152584"}],"wp:featuredmedia":[{"embeddable":true,"href":"https:\/\/rdnews.al\/index.php\/wp-json\/wp\/v2\/media\/150339"}],"wp:attachment":[{"href":"https:\/\/rdnews.al\/index.php\/wp-json\/wp\/v2\/media?parent=152582"}],"wp:term":[{"taxonomy":"category","embeddable":true,"href":"https:\/\/rdnews.al\/index.php\/wp-json\/wp\/v2\/categories?post=152582"},{"taxonomy":"post_tag","embeddable":true,"href":"https:\/\/rdnews.al\/index.php\/wp-json\/wp\/v2\/tags?post=152582"}],"curies":[{"name":"wp","href":"https:\/\/api.w.org\/{rel}","templated":true}]}}