{"id":152587,"date":"2026-09-03T20:08:18","date_gmt":"2026-09-03T20:08:18","guid":{"rendered":"https:\/\/rdnews.al\/?p=152587"},"modified":"2026-09-03T20:25:40","modified_gmt":"2026-09-03T20:25:40","slug":"berisha-interviste-ne-dy-televizionet-e-huaja-belgjika-dhe-holanda-pyesin-a-po-behet-shqiperia-narko-shtet","status":"publish","type":"post","link":"https:\/\/rdnews.al\/index.php\/2026\/09\/03\/berisha-interviste-ne-dy-televizionet-e-huaja-belgjika-dhe-holanda-pyesin-a-po-behet-shqiperia-narko-shtet\/","title":{"rendered":"Berisha intervist\u00eb n\u00eb dy televizionet e huaja\/ Belgjika dhe Holanda pyesin: A po b\u00ebhet Shqip\u00ebria narko-shtet?"},"content":{"rendered":"<p>N\u00ebnkryetarja e PD, Erisa Bajaziti shkruan se lideri i opozit\u00ebs, Sali Berisha ka dh\u00ebn\u00eb nj\u00eb intrvist\u00eb p\u00eb nj\u00eb serial dokumentar me kat\u00ebr pjes\u00eb i televizioneve publike belge dhe hollandeze. Bajzaziti shkruan se, k\u00ebta gazetar\u00eb erdh\u00ebn n\u00eb Shqiperi edhe p\u00ebr korrupsionin dhe p\u00ebr pastrimin e parave.<\/p>\n<p>Bajaziti thekson se, dy gazetar\u00ebt e pavarur arrit\u00ebn n\u00eb t\u00eb nj\u00ebjtat konstatime q\u00eb Partia Demokratike dhe kryetari i saj z. Sali Berisha i denoncon prej vitesh.<\/p>\n<p><strong>Postimi<\/strong><\/p>\n<p>Belgjika dhe Holanda po pyesin veten me ze te larte: a po behemi narko-shtete?<\/p>\n<p>Per t\u2019iu pergjigjur, ne \u201cDrugsdelta\u201d, serial dokumentar me kater pjese i televizioneve publike belge dhe hollandeze, dy gazetare lufte Rudi Vranckx (VRT) dhe Sinan Can (BNNVARA) ndoqen zinxhirin e kokaines nga Amerika e Jugut, ne portet e Ant\u00eberp dhe Roterdamit. Dhe perfunduan ne Shqiperi.<\/p>\n<p>Ne Shqiperi keta gazetare erdhen edhe per korrupsionin dhe per pastrimin e parave.<\/p>\n<p>Mirenjohje per Rudi Vranckx, Sinan Can dhe regjisorin Thomas Blom. Gazetare te pavarur arriten ne te njejtat konstatime qe Partia Demokratike dhe kryetari i saj z. Sali Berisha i denoncon prej vitesh.<\/p>\n<p>Ne dokumentar eshte intervistuar edhe lideri i opozites, z. Sali Berisha. Kisha nderin te jem pjese e udhetimit te gazetareve ne Shqiperi.<\/p>\n<p>(Fotot jane ne Tirane, pak minuta para intervistes.)<\/p>\n<p><img decoding=\"async\" src=\"https:\/\/scontent.ftia5-1.fna.fbcdn.net\/v\/t51.82787-15\/793351208_18555180982078334_6825895381901587449_n.jpg?stp=dst-jpg_tt6&amp;cstp=mx1080x607&amp;ctp=s590x590&amp;_nc_cat=105&amp;ccb=1-7&amp;_nc_sid=127cfc&amp;_nc_eui2=AeHbUOll8qWTFNfM3WHZdEXaqEpYIglNnsGoSlgiCU2ewfGF8rb0qQB9uNE1MnfmHnY&amp;_nc_ohc=-KtNb4oZcSkQ7kNvwExBgmi&amp;_nc_oc=AdqEGhy7Z--dV-EZxWTKYTH_S6pV0YmY_GMRcL_NYiQank3zXJqFiCvD31M145boqlo&amp;_nc_zt=23&amp;_nc_ht=scontent.ftia5-1.fna&amp;_nc_gid=um-UsyuplEiCxOOYFdMD5w&amp;_nc_ss=7b2a8&amp;oh=00_AQKDdh5KVjsXOV-rQSbHkWuT4Jx6Plt7t4ihd4xaNOIbTQ&amp;oe=6A9FBA70\" \/><\/p>\n<p><img decoding=\"async\" src=\"https:\/\/scontent.ftia5-1.fna.fbcdn.net\/v\/t51.82787-15\/793027942_18555181159078334_9189576958386187507_n.jpg?stp=dst-jpg_tt6&amp;cstp=mx1170x1560&amp;ctp=s590x590&amp;_nc_cat=104&amp;ccb=1-7&amp;_nc_sid=127cfc&amp;_nc_eui2=AeHtPZunBd4N5QaDZ2vgy4KFXCXOPk0HBENcJc4-TQcEQ-TmR8XONFn0ZN-TQ9YJtVc&amp;_nc_ohc=-6V8Cbaelb8Q7kNvwE13J0G&amp;_nc_oc=AdrZ5NFemD5Wv4ewR1sXKChZglnQekiyQX-WfmECB2c5ohH0snf31IGpvmA-hSpl5X8&amp;_nc_zt=23&amp;_nc_ht=scontent.ftia5-1.fna&amp;_nc_gid=um-UsyuplEiCxOOYFdMD5w&amp;_nc_ss=7b2a8&amp;oh=00_AQKGrxeIEH48WICIyunY86BHLeUkSDstlu4FguTxMDst6Q&amp;oe=6A9F9E50\" \/><\/p>\n<p><img decoding=\"async\" src=\"https:\/\/scontent.ftia5-1.fna.fbcdn.net\/v\/t51.82787-15\/793351190_18555181168078334_7403024855239285093_n.jpg?stp=dst-jpegr_tt6&amp;cstp=mx3024x4032&amp;ctp=s590x590&amp;_nc_cat=100&amp;ccb=1-7&amp;_nc_sid=127cfc&amp;_nc_eui2=AeF5SeWFGf4sqWwhkV_5_JutcGHqEddeWeJwYeoR115Z4gtKl95MBR6cErT_C_uF27w&amp;_nc_ohc=aVHN5wbSi8cQ7kNvwGIHR0f&amp;_nc_oc=AdrVuYaclEFQpmLYO_KTRQ2BxK-CE_RWNuZz3yo8tinUKFCMoK3bNaewlztnDxq4HpM&amp;_nc_zt=23&amp;se=-1&amp;_nc_ht=scontent.ftia5-1.fna&amp;_nc_gid=um-UsyuplEiCxOOYFdMD5w&amp;_nc_ss=7b2a8&amp;oh=00_AQJMP3ZdSoYujVWwAqcPEyrzoKFTp85yUXm1_qBEZwiKCg&amp;oe=6A9FAC47\" \/><\/p>\n","protected":false},"excerpt":{"rendered":"<p>N\u00ebnkryetarja e PD, Erisa Bajaziti shkruan se lideri i opozit\u00ebs, Sali Berisha ka dh\u00ebn\u00eb nj\u00eb intrvist\u00eb p\u00eb nj\u00eb serial dokumentar me kat\u00ebr pjes\u00eb i televizioneve publike belge dhe hollandeze. Bajzaziti shkruan se, k\u00ebta gazetar\u00eb erdh\u00ebn n\u00eb Shqiperi edhe p\u00ebr korrupsionin dhe p\u00ebr pastrimin e parave. Bajaziti thekson se, dy gazetar\u00ebt e pavarur arrit\u00ebn n\u00eb t\u00eb &hellip;<\/p>\n","protected":false},"author":4,"featured_media":152588,"comment_status":"closed","ping_status":"closed","sticky":false,"template":"","format":"standard","meta":{"footnotes":""},"categories":[37],"tags":[],"class_list":["post-152587","post","type-post","status-publish","format-standard","has-post-thumbnail","","category-politike"],"_links":{"self":[{"href":"https:\/\/rdnews.al\/index.php\/wp-json\/wp\/v2\/posts\/152587","targetHints":{"allow":["GET"]}}],"collection":[{"href":"https:\/\/rdnews.al\/index.php\/wp-json\/wp\/v2\/posts"}],"about":[{"href":"https:\/\/rdnews.al\/index.php\/wp-json\/wp\/v2\/types\/post"}],"author":[{"embeddable":true,"href":"https:\/\/rdnews.al\/index.php\/wp-json\/wp\/v2\/users\/4"}],"replies":[{"embeddable":true,"href":"https:\/\/rdnews.al\/index.php\/wp-json\/wp\/v2\/comments?post=152587"}],"version-history":[{"count":4,"href":"https:\/\/rdnews.al\/index.php\/wp-json\/wp\/v2\/posts\/152587\/revisions"}],"predecessor-version":[{"id":152596,"href":"https:\/\/rdnews.al\/index.php\/wp-json\/wp\/v2\/posts\/152587\/revisions\/152596"}],"wp:featuredmedia":[{"embeddable":true,"href":"https:\/\/rdnews.al\/index.php\/wp-json\/wp\/v2\/media\/152588"}],"wp:attachment":[{"href":"https:\/\/rdnews.al\/index.php\/wp-json\/wp\/v2\/media?parent=152587"}],"wp:term":[{"taxonomy":"category","embeddable":true,"href":"https:\/\/rdnews.al\/index.php\/wp-json\/wp\/v2\/categories?post=152587"},{"taxonomy":"post_tag","embeddable":true,"href":"https:\/\/rdnews.al\/index.php\/wp-json\/wp\/v2\/tags?post=152587"}],"curies":[{"name":"wp","href":"https:\/\/api.w.org\/{rel}","templated":true}]}}