{"id":152592,"date":"2026-09-03T20:17:55","date_gmt":"2026-09-03T20:17:55","guid":{"rendered":"https:\/\/rdnews.al\/?p=152592"},"modified":"2026-09-03T20:17:55","modified_gmt":"2026-09-03T20:17:55","slug":"berisha-rama-ne-panik-urdheron-censuren","status":"publish","type":"post","link":"https:\/\/rdnews.al\/index.php\/2026\/09\/03\/berisha-rama-ne-panik-urdheron-censuren\/","title":{"rendered":"Berisha: Rama n\u00eb panik urdh\u00ebron censur\u00ebn!"},"content":{"rendered":"<p>Kryetari i PD, Sali Berisha shkruan se, Rama po d\u00ebshmon \u00e7do dit\u00eb se sa i frik\u00ebsuar \u00ebsht\u00eb nga protesta.<\/p>\n<p>Berisha shkruan n\u00eb reagimin e tij se, pavar\u00ebsisht sulmeve, propagand\u00ebs p\u00ebr ta relativizuar, presionit dhe dhun\u00ebs s\u00eb ushtruar nga policia p\u00ebr t\u00eb intimiduar protestuesit, qytetar\u00ebt vazhdojn\u00eb t\u00eb dalin \u00e7do nat\u00eb n\u00eb shesh dhe t\u00eb k\u00ebrkojn\u00eb largimin e tij<\/p>\n<p><strong>Reagimi<\/strong><\/p>\n<p>Rama po d\u00ebshmon \u00e7do dit\u00eb se sa i frik\u00ebsuar \u00ebsht\u00eb nga protesta. Pavar\u00ebsisht sulmeve, propagand\u00ebs p\u00ebr ta relativizuar, presionit dhe dhun\u00ebs s\u00eb ushtruar nga policia p\u00ebr t\u00eb intimiduar protestuesit, qytetar\u00ebt vazhdojn\u00eb t\u00eb dalin \u00e7do nat\u00eb n\u00eb shesh dhe t\u00eb k\u00ebrkojn\u00eb largimin e tij.<\/p>\n<p>Dhe pik\u00ebrisht sepse protesta \u00ebsht\u00eb kthyer n\u00eb diskutimin e \u00e7do tavoline, n\u00eb shpres\u00eb p\u00ebr mij\u00ebra shqiptar\u00eb brenda dhe jasht\u00eb vendit dhe ka dominuar algoritmet e rrjeteve sociale, Rama ka zgjedhur t\u00eb ndjek\u00eb manualin e et\u00ebrve t\u00eb tij politik\u00eb: censur\u00ebn.<\/p>\n<p>Q\u00eb prej mbr\u00ebmjes s\u00eb djeshme, jan\u00eb bllokuar rreth 200 llogari t\u00eb protestuesve dhe portaleve q\u00eb kan\u00eb mb\u00ebshtetur protest\u00ebn.<\/p>\n<p>Kjo \u00ebsht\u00eb d\u00ebshmia m\u00eb e qart\u00eb se Rama \u00ebsht\u00eb i gatsh\u00ebm t\u00eb b\u00ebj\u00eb gjith\u00e7ka p\u00ebr ta shuar protest\u00ebn. Por ajo q\u00eb ende nuk ka kuptuar \u00ebsht\u00eb se protestuesit nuk dor\u00ebzohen, nuk tremben dhe nuk t\u00ebrhiqen. Ata do t\u00eb jen\u00eb aty \u00e7do nat\u00eb, n\u00eb shesh, deri n\u00eb largimin e tij. <a href=\"https:\/\/www.facebook.com\/hashtag\/sb?__cft__%5b0%5d=AZg51DARDEoZoR7hc78lwtglTiz9lfd45H4SnzZJ9IOV94CgnYIdzodKe2HtpaDKrOgjL5E1wuE-s2pRvMYPKERXCT_u9xEokblGwA3GpVzH_1y_hpswcuPHXac9j41UxdtZbzkJ0SVBz47P4dZjddUai55zrieDZ-g8lJkI8x3wC23xT6jTE6_0y9Y&amp;__tn__=*NK-R\" target=\"_blank\" rel=\"noopener\"><strong>#sb<\/strong><\/a><\/p>\n<p><img decoding=\"async\" src=\"https:\/\/scontent.ftia5-1.fna.fbcdn.net\/v\/t39.99422-6\/790512544_878187612042308_8107670853838134189_n.png?stp=dst-jpg_tt6&amp;cstp=mx1254x1254&amp;ctp=s1254x1254&amp;_nc_cat=100&amp;ccb=1-7&amp;_nc_sid=833d8c&amp;_nc_ohc=lNLLF3f5QmQQ7kNvwFlDFby&amp;_nc_oc=AdrUDYeqPupEMV3caBKnVm4D2iK_QHUVkLbxfXcVcWCOpq1_YD5uSVFVk20hoMec6ZY&amp;_nc_zt=14&amp;_nc_ht=scontent.ftia5-1.fna&amp;_nc_gid=7e51d_IN0GqGUbjoefLipA&amp;_nc_ss=7b2a8&amp;oh=00_AQIS5rkimdN3PSOGfIBqKHGtOGLXm8SlpNZooF4i5D_G7A&amp;oe=6A9FBB1E\" alt=\"Mund t\u00eb jet\u00eb nj\u00eb imazh i nj\u00eb ose m\u00eb shum\u00eb persona, mjek\u00ebr dhe teksti q\u00eb thot\u00eb &quot;CENSORED 11:30 \u134a\u12ca Instagram User not orfound found User nat ot found User not found User notfound Use nottound atto found Use ot found User notto ot nottound DJnd a&quot;\" \/><\/p>\n","protected":false},"excerpt":{"rendered":"<p>Kryetari i PD, Sali Berisha shkruan se, Rama po d\u00ebshmon \u00e7do dit\u00eb se sa i frik\u00ebsuar \u00ebsht\u00eb nga protesta. Berisha shkruan n\u00eb reagimin e tij se, pavar\u00ebsisht sulmeve, propagand\u00ebs p\u00ebr ta relativizuar, presionit dhe dhun\u00ebs s\u00eb ushtruar nga policia p\u00ebr t\u00eb intimiduar protestuesit, qytetar\u00ebt vazhdojn\u00eb t\u00eb dalin \u00e7do nat\u00eb n\u00eb shesh dhe t\u00eb k\u00ebrkojn\u00eb largimin &hellip;<\/p>\n","protected":false},"author":4,"featured_media":152593,"comment_status":"closed","ping_status":"closed","sticky":false,"template":"","format":"standard","meta":{"footnotes":""},"categories":[37],"tags":[],"class_list":["post-152592","post","type-post","status-publish","format-standard","has-post-thumbnail","","category-politike"],"_links":{"self":[{"href":"https:\/\/rdnews.al\/index.php\/wp-json\/wp\/v2\/posts\/152592","targetHints":{"allow":["GET"]}}],"collection":[{"href":"https:\/\/rdnews.al\/index.php\/wp-json\/wp\/v2\/posts"}],"about":[{"href":"https:\/\/rdnews.al\/index.php\/wp-json\/wp\/v2\/types\/post"}],"author":[{"embeddable":true,"href":"https:\/\/rdnews.al\/index.php\/wp-json\/wp\/v2\/users\/4"}],"replies":[{"embeddable":true,"href":"https:\/\/rdnews.al\/index.php\/wp-json\/wp\/v2\/comments?post=152592"}],"version-history":[{"count":1,"href":"https:\/\/rdnews.al\/index.php\/wp-json\/wp\/v2\/posts\/152592\/revisions"}],"predecessor-version":[{"id":152594,"href":"https:\/\/rdnews.al\/index.php\/wp-json\/wp\/v2\/posts\/152592\/revisions\/152594"}],"wp:featuredmedia":[{"embeddable":true,"href":"https:\/\/rdnews.al\/index.php\/wp-json\/wp\/v2\/media\/152593"}],"wp:attachment":[{"href":"https:\/\/rdnews.al\/index.php\/wp-json\/wp\/v2\/media?parent=152592"}],"wp:term":[{"taxonomy":"category","embeddable":true,"href":"https:\/\/rdnews.al\/index.php\/wp-json\/wp\/v2\/categories?post=152592"},{"taxonomy":"post_tag","embeddable":true,"href":"https:\/\/rdnews.al\/index.php\/wp-json\/wp\/v2\/tags?post=152592"}],"curies":[{"name":"wp","href":"https:\/\/api.w.org\/{rel}","templated":true}]}}