{"id":152595,"date":"2026-09-03T20:29:03","date_gmt":"2026-09-03T20:29:03","guid":{"rendered":"https:\/\/rdnews.al\/?p=152595"},"modified":"2026-09-03T20:29:25","modified_gmt":"2026-09-03T20:29:25","slug":"mali-i-zi-u-heq-imunitetin-me-ligj-ministrave-rama-i-mbon-ministrat-e-koruptuar-me-imunitetin","status":"publish","type":"post","link":"https:\/\/rdnews.al\/index.php\/2026\/09\/03\/mali-i-zi-u-heq-imunitetin-me-ligj-ministrave-rama-i-mbon-ministrat-e-koruptuar-me-imunitetin\/","title":{"rendered":"Mali i Zi u heq imunitetin me ligj ministrave\/ Rama i mbon ministrat e korruptuar me imunitetin"},"content":{"rendered":"<p>Ndryshimi mes Shqiperise dhe Malit t\u00eb Zi. Mali i Zi u heq imunitetin me ligj ministrave. Rama i mbon ministrat e koruptuar me imunitetin.<\/p>\n<p>Parlamenti i Malit t\u00eb Zi miratoi sot nj\u00eb propozim p\u00ebr ndryshimin e Kushtetut\u00ebs s\u00eb k\u00ebtij vendi, i cili u heq imunitetin e an\u00ebtar\u00ebve t\u00eb Qeveris\u00eb p\u00ebr vepra penale t\u00eb lidhura me korrupsionin.<\/p>\n<p>Kryeministri Milojko Spaji\u0107 shkroi n\u00eb rrjetin X se nga sot, an\u00ebtar\u00ebt e qeveris\u00eb jan\u00eb t\u00eb barabart\u00eb me t\u00eb gjith\u00eb qytetar\u00ebt p\u00ebr sa i p\u00ebrket p\u00ebrgjegj\u00ebsis\u00eb p\u00ebr krimet e korrupsionit.<\/p>\n<p>\u201cMe miratimin e Propozimit p\u00ebr Ndryshime n\u00eb Kushtetut\u00eb, nj\u00eb post politik nuk mund t\u00eb jet\u00eb m\u00eb mbrojtje nga p\u00ebrgjegj\u00ebsia penale\u201d, &#8211; shkroi Spaji\u0107.<\/p>\n<p>Ai tha se duke vepruar k\u00ebshtu, Mali i Zi po b\u00ebn nj\u00eb hap t\u00eb r\u00ebnd\u00ebsish\u00ebm drejt nj\u00eb sistemi n\u00eb t\u00eb cilin askush, pavar\u00ebsisht funksionit q\u00eb mban, nuk \u00ebsht\u00eb mbi ligjin, citon &#8220;<a href=\"https:\/\/www.vijesti.me\/vijesti\/politika\/825078\/spajic-politicka-funkcija-vise-ne-moze-biti-zastita-od-krivicne-odgovornosti\" target=\"_blank\" rel=\"noopener\">Vijesti<\/a>&#8220;.<\/p>\n<p>\u201c\u00cbsht\u00eb e thjesht\u00eb: kushdo q\u00eb e b\u00ebn pun\u00ebn e vet me ndershm\u00ebri dhe p\u00ebrgjegj\u00ebsi nuk ka arsye t\u00eb ket\u00eb frik\u00eb nga p\u00ebrgjegj\u00ebsia ose t\u00eb mbrohet me pozicionin e tij\u201d, &#8211; p\u00ebrfundoi Spaji\u0107<\/p>\n","protected":false},"excerpt":{"rendered":"<p>Ndryshimi mes Shqiperise dhe Malit t\u00eb Zi. Mali i Zi u heq imunitetin me ligj ministrave. Rama i mbon ministrat e koruptuar me imunitetin. Parlamenti i Malit t\u00eb Zi miratoi sot nj\u00eb propozim p\u00ebr ndryshimin e Kushtetut\u00ebs s\u00eb k\u00ebtij vendi, i cili u heq imunitetin e an\u00ebtar\u00ebve t\u00eb Qeveris\u00eb p\u00ebr vepra penale t\u00eb lidhura me &hellip;<\/p>\n","protected":false},"author":3,"featured_media":152597,"comment_status":"closed","ping_status":"closed","sticky":false,"template":"","format":"standard","meta":{"footnotes":""},"categories":[38],"tags":[],"class_list":["post-152595","post","type-post","status-publish","format-standard","has-post-thumbnail","","category-bota"],"_links":{"self":[{"href":"https:\/\/rdnews.al\/index.php\/wp-json\/wp\/v2\/posts\/152595","targetHints":{"allow":["GET"]}}],"collection":[{"href":"https:\/\/rdnews.al\/index.php\/wp-json\/wp\/v2\/posts"}],"about":[{"href":"https:\/\/rdnews.al\/index.php\/wp-json\/wp\/v2\/types\/post"}],"author":[{"embeddable":true,"href":"https:\/\/rdnews.al\/index.php\/wp-json\/wp\/v2\/users\/3"}],"replies":[{"embeddable":true,"href":"https:\/\/rdnews.al\/index.php\/wp-json\/wp\/v2\/comments?post=152595"}],"version-history":[{"count":2,"href":"https:\/\/rdnews.al\/index.php\/wp-json\/wp\/v2\/posts\/152595\/revisions"}],"predecessor-version":[{"id":152599,"href":"https:\/\/rdnews.al\/index.php\/wp-json\/wp\/v2\/posts\/152595\/revisions\/152599"}],"wp:featuredmedia":[{"embeddable":true,"href":"https:\/\/rdnews.al\/index.php\/wp-json\/wp\/v2\/media\/152597"}],"wp:attachment":[{"href":"https:\/\/rdnews.al\/index.php\/wp-json\/wp\/v2\/media?parent=152595"}],"wp:term":[{"taxonomy":"category","embeddable":true,"href":"https:\/\/rdnews.al\/index.php\/wp-json\/wp\/v2\/categories?post=152595"},{"taxonomy":"post_tag","embeddable":true,"href":"https:\/\/rdnews.al\/index.php\/wp-json\/wp\/v2\/tags?post=152595"}],"curies":[{"name":"wp","href":"https:\/\/api.w.org\/{rel}","templated":true}]}}