{"id":152605,"date":"2026-09-03T21:11:28","date_gmt":"2026-09-03T21:11:28","guid":{"rendered":"https:\/\/rdnews.al\/?p=152605"},"modified":"2026-09-03T21:15:09","modified_gmt":"2026-09-03T21:15:09","slug":"ofendimi-i-rames-ndaj-nje-mjeku-dhe-njeriu-te-dijes-ja-kushtoi-jeten-sherbimit","status":"publish","type":"post","link":"https:\/\/rdnews.al\/index.php\/2026\/09\/03\/ofendimi-i-rames-ndaj-nje-mjeku-dhe-njeriu-te-dijes-ja-kushtoi-jeten-sherbimit\/","title":{"rendered":"Ofendimi i Ram\u00ebs ndaj nj\u00eb mjeku dhe njeriu t\u00eb dijes\/ Ja kushtoi jet\u00ebn sh\u00ebrbimit"},"content":{"rendered":"<div class=\"xdj266r x14z9mp xat24cr x1lziwak x1vvkbs x126k92a\">\n<div dir=\"auto\"><strong>Klodi STRALLA<\/strong><\/div>\n<div dir=\"auto\"><\/div>\n<div dir=\"auto\">\u201cDeputet\u00ebt nuk duhet t\u00eb b\u00ebjn\u00eb Arqile Botin!\u201d<\/div>\n<\/div>\n<div class=\"x14z9mp xat24cr x1lziwak x1vvkbs xtlvy1s x126k92a\">\n<div dir=\"auto\">K\u00ebshtu u shpreh sot Naltgjat\u00ebsia i gjith\u00ebditur n\u00eb takimin e tij me deputet\u00ebt dhe kabinetin qeveritar. E kishte fjal\u00ebn p\u00ebr deputet\u00ebt e tij q\u00eb b\u00ebjn\u00eb t\u00eb gjith\u00ebditurin (n\u00eb shembullin e tij) dhe nuk u len\u00eb vend specialist\u00ebve t\u00eb fush\u00ebs ta thon\u00eb fjal\u00ebn e tyre.<\/div>\n<\/div>\n<div class=\"x14z9mp xat24cr x1lziwak x1vvkbs xtlvy1s x126k92a\">\n<div dir=\"auto\">Nd\u00ebrsa konstatimi qendron (kjo vlen m\u00eb shum\u00eb p\u00ebr at\u00eb vet\u00eb) p\u00ebrmendja e dr. Arqile Botit si ilustrim i saj mu duk banal, i pap\u00ebrshtat\u00ebsh\u00ebm por edhe cinik, p\u00ebr nj\u00eb personalitet t\u00eb till\u00eb t\u00eb dijes dhe mjek\u00ebsis\u00eb tone. K\u00ebshtu \u00ebsht\u00eb kur n\u00eb delir (ose panik) nuk i peshon ato q\u00eb thua dhe kur goj\u00ebn e p\u00ebrdor edhe si jasht\u00ebqitje \u2013 si\u00e7 u shpreh p\u00ebr t\u00eb koh\u00eb m\u00eb par\u00eb n\u00eb Parlament, ish deputetja Grida Duma.<\/div>\n<\/div>\n<div class=\"x14z9mp xat24cr x1lziwak x1vvkbs xtlvy1s x126k92a\">\n<div dir=\"auto\">Po kush ishte dr.Arqile Boti?<\/div>\n<\/div>\n<div class=\"x14z9mp xat24cr x1lziwak x1vvkbs xtlvy1s x126k92a\">\n<div dir=\"auto\">Dr. Arqile Boti (1939 \u2013 2010) ishte nj\u00eb mjek i shquar shqiptar, i njohur gjer\u00ebsisht si pionier i kombinimit t\u00eb mjek\u00ebsis\u00eb moderne me mjek\u00ebsin\u00eb alternative dhe kurat natyrale n\u00eb Shqip\u00ebri. Ai fitoi nj\u00eb popullsi t\u00eb jasht\u00ebzakonshme p\u00ebr shkak t\u00eb sh\u00ebrbimit t\u00eb tij t\u00eb palodhur ndaj njer\u00ebzve t\u00eb thjesht\u00eb dhe t\u00eb varf\u00ebr.<\/div>\n<\/div>\n<div class=\"x14z9mp xat24cr x1lziwak x1vvkbs xtlvy1s x126k92a\">\n<div dir=\"auto\">Lindi n\u00eb fshatin Bularat t\u00eb Dropullit t\u00eb Sip\u00ebrm. Pasi p\u00ebrfundoi gjimnazin \u201cQemal Stafa\u201d n\u00eb Tiran\u00eb, u diplomua me rezultate t\u00eb shk\u00eblqyera p\u00ebr Mjek\u00ebsi t\u00eb P\u00ebrgjithshme n\u00eb Universitetin e Tiran\u00ebs n\u00eb fillim t\u00eb viteve &#8217;60.<\/div>\n<div dir=\"auto\">Punoi fillimisht si mjek patolog n\u00eb Quk\u00ebs t\u00eb Librazhdit. Me urdh\u00ebr t\u00eb ish-kryeministrit Mehmet Shehu, u transferua si mjek urgjence n\u00eb Poliklinik\u00ebn Qendrore n\u00eb Tiran\u00eb. M\u00eb von\u00eb, sh\u00ebrbeu n\u00eb Baldushk dhe n\u00eb zona t\u00eb tjera rurale me d\u00ebshir\u00ebn e tij p\u00ebr t&#8217;u q\u00ebndruar pran\u00eb njer\u00ebzve n\u00eb nevoj\u00eb.<\/div>\n<\/div>\n<div class=\"x14z9mp xat24cr x1lziwak x1vvkbs xtlvy1s x126k92a\">\n<div dir=\"auto\">Dr. Boti u b\u00eb i njohur p\u00ebr integrimin e suksessh\u00ebm t\u00eb metodave natyrale, si akupunktura dhe p\u00ebrdorimi i bim\u00ebve mjek\u00ebsore, duke trajtuar rreth 1 milion pacient\u00eb gjat\u00eb karrier\u00ebs s\u00eb tij. Ai shpesh shfaqej n\u00eb emisione televizive p\u00ebr t\u00eb ndar\u00eb k\u00ebshilla sh\u00ebndet\u00ebsore.<\/div>\n<\/div>\n<div class=\"x14z9mp xat24cr x1lziwak x1vvkbs xtlvy1s x126k92a\">\n<div dir=\"auto\">P\u00ebrvoja e tij u p\u00ebrmblodh n\u00eb librin e tij t\u00eb njohur botuar nga sht\u00ebpia botuese Plejad, Manual Praktik I Mjekesise Alternative, si dhe shum\u00eb libra t\u00eb tjer\u00eb me vlera praktike.<\/div>\n<\/div>\n<div class=\"x14z9mp xat24cr x1lziwak x1vvkbs xtlvy1s x126k92a\">\n<div dir=\"auto\">Dr. Arqile Boti u nda nga jeta n\u00eb mosh\u00ebn 71-vje\u00e7are, m\u00eb 12 korrik 2010, pas nj\u00eb s\u00ebmundjeje t\u00eb r\u00ebnd\u00eb n\u00eb mushk\u00ebri.<\/div>\n<\/div>\n<div class=\"x14z9mp xat24cr x1lziwak x1vvkbs xtlvy1s x126k92a\">\n<div dir=\"auto\">Un\u00eb e kam njohur personalisht dhe kam patur rastin ta d\u00ebgjoj e vler\u00ebsoj p\u00ebr pun\u00ebn e tij fisnike dhe erudicionin e gjere, ndaj po reagoj se nuk u ndjeva mir\u00eb.<\/div>\n<\/div>\n<div class=\"x14z9mp xat24cr x1lziwak x1vvkbs xtlvy1s x126k92a\">\n<div dir=\"auto\">Ta b\u00ebnte k\u00ebt\u00eb krahasim dikush tjet\u00ebr, q\u00eb nuk e njihte dhe s\u2019kish d\u00ebgjuar p\u00ebr doktor Arqilen\u00eb, edhe i falej, por jo Edi Ram\u00ebs, nj\u00eb qytetari i lindur dhe rritur n\u00eb Tiran\u00eb.<\/div>\n<\/div>\n","protected":false},"excerpt":{"rendered":"<p>Klodi STRALLA \u201cDeputet\u00ebt nuk duhet t\u00eb b\u00ebjn\u00eb Arqile Botin!\u201d K\u00ebshtu u shpreh sot Naltgjat\u00ebsia i gjith\u00ebditur n\u00eb takimin e tij me deputet\u00ebt dhe kabinetin qeveritar. E kishte fjal\u00ebn p\u00ebr deputet\u00ebt e tij q\u00eb b\u00ebjn\u00eb t\u00eb gjith\u00ebditurin (n\u00eb shembullin e tij) dhe nuk u len\u00eb vend specialist\u00ebve t\u00eb fush\u00ebs ta thon\u00eb fjal\u00ebn e tyre. Nd\u00ebrsa konstatimi &hellip;<\/p>\n","protected":false},"author":3,"featured_media":152608,"comment_status":"closed","ping_status":"closed","sticky":false,"template":"","format":"standard","meta":{"footnotes":""},"categories":[37,1],"tags":[],"class_list":["post-152605","post","type-post","status-publish","format-standard","has-post-thumbnail","","category-politike","category-shendeti"],"_links":{"self":[{"href":"https:\/\/rdnews.al\/index.php\/wp-json\/wp\/v2\/posts\/152605","targetHints":{"allow":["GET"]}}],"collection":[{"href":"https:\/\/rdnews.al\/index.php\/wp-json\/wp\/v2\/posts"}],"about":[{"href":"https:\/\/rdnews.al\/index.php\/wp-json\/wp\/v2\/types\/post"}],"author":[{"embeddable":true,"href":"https:\/\/rdnews.al\/index.php\/wp-json\/wp\/v2\/users\/3"}],"replies":[{"embeddable":true,"href":"https:\/\/rdnews.al\/index.php\/wp-json\/wp\/v2\/comments?post=152605"}],"version-history":[{"count":1,"href":"https:\/\/rdnews.al\/index.php\/wp-json\/wp\/v2\/posts\/152605\/revisions"}],"predecessor-version":[{"id":152607,"href":"https:\/\/rdnews.al\/index.php\/wp-json\/wp\/v2\/posts\/152605\/revisions\/152607"}],"wp:featuredmedia":[{"embeddable":true,"href":"https:\/\/rdnews.al\/index.php\/wp-json\/wp\/v2\/media\/152608"}],"wp:attachment":[{"href":"https:\/\/rdnews.al\/index.php\/wp-json\/wp\/v2\/media?parent=152605"}],"wp:term":[{"taxonomy":"category","embeddable":true,"href":"https:\/\/rdnews.al\/index.php\/wp-json\/wp\/v2\/categories?post=152605"},{"taxonomy":"post_tag","embeddable":true,"href":"https:\/\/rdnews.al\/index.php\/wp-json\/wp\/v2\/tags?post=152605"}],"curies":[{"name":"wp","href":"https:\/\/api.w.org\/{rel}","templated":true}]}}