{"id":152609,"date":"2026-09-03T21:36:12","date_gmt":"2026-09-03T21:36:12","guid":{"rendered":"https:\/\/rdnews.al\/?p=152609"},"modified":"2026-09-03T21:36:12","modified_gmt":"2026-09-03T21:36:12","slug":"6-deputetet-nuk-do-te-votonin-as-president-nga-ldk-deklarata-e-vjosa-osmanit","status":"publish","type":"post","link":"https:\/\/rdnews.al\/index.php\/2026\/09\/03\/6-deputetet-nuk-do-te-votonin-as-president-nga-ldk-deklarata-e-vjosa-osmanit\/","title":{"rendered":"6 deputet\u00ebt nuk do t\u00eb votonin as President nga LDK\/ Deklarata e Vjosa Osmanit"},"content":{"rendered":"<p><strong>Deputetja e LDK-s\u00eb, Vjosa Osmani, ka th\u00ebn\u00eb se dy nga 6 deputet\u00ebt q\u00eb refuzuan t\u00eb votonin Bekim Sejdiun p\u00ebr President, ka th\u00ebn\u00eb se nuk do t\u00eb votonte as President t\u00eb LDK-s\u00eb.<\/strong><\/p>\n<p>N\u00eb Rubikon t\u00eb Klan Kosova, ish-presidentja Osmani tha se p\u00ebr k\u00ebta gjasht\u00eb deputet\u00eb, s\u2019ka pasur fare r\u00ebnd\u00ebsi emri, sepse ata, sipas saj, do t\u00eb bllokonin secilin em\u00ebr.<\/p>\n<aside class=\"placeholder-a-block\"><\/aside>\n<p>\u201cNeve \u00e7ka na \u00ebsht\u00eb th\u00ebn\u00eb n\u00eb takimin e Grupit Parlamentar, n\u00eb fund t\u00eb fundit, s\u2019do t\u00eb kishte fare r\u00ebnd\u00ebsi se kush \u00ebsht\u00eb emri. Do ta bllokonin \u00e7do em\u00ebr. Dhe kur d\u00ebgjon gj\u00ebra t\u00eb tilla, e kupton se s\u2019ka pasur fare r\u00ebnd\u00ebsi se sa p\u00ebrpiqesh, se p\u00ebr \u00e7far\u00eb emri flet&#8230; bile bile p\u00ebr dy prej tyre, edhe sikur t\u00eb ishte president i LDK-s\u00eb, tash nd\u00ebrruan mendjen dhe than\u00eb nuk do t\u2019i votonin t\u00eb gjith\u00eb q\u00eb do t\u00eb vinin nga LDK-ja, \u00cbsht\u00eb brisht\u00ebsi\u201d, deklaroi Osmani.<\/p>\n<p>\u201cDisa t\u00eb tjer\u00eb than\u00eb as nga LDK-ja ne nuk do ta votonim \u00e7dok\u00ebnd. E se p\u00ebr k\u00eb e kan\u00eb pasur fjal\u00ebn sakt\u00ebsisht, ju mund t\u00eb supozoni\u201d, u shpreh m\u00eb tej ish-presidentja.<\/p>\n<p>Osmani tha se emri i Bekim Sejdiut p\u00ebrfaq\u00ebson nj\u00eb president konsensual jo partiak q\u00eb do t\u00eb mbronte Kushtetut\u00ebn e vendit dhe do t\u00eb fuqizonte aleancat me miqt\u00eb nd\u00ebrkomb\u00ebtar\u00eb.<\/p>\n<p>Osmani, tha se pas k\u00ebtij propozimi u krijua nj\u00eb propagand\u00eb sikurse LDK ka pranuar nj\u00eb &#8216;njeri t\u00eb Vet\u00ebvendosjes&#8217;.<\/p>\n<p>&#8220;Ne kemi propozuar nj\u00eb president konsensual, jo partiak, i cili do ta mbronte Kushtetut\u00ebn do t\u00eb siguronte respektimin e integritetit t\u00eb vendit ton\u00eb, do t\u00eb krijonte balanca demokratike dhe n\u00eb baz\u00eb t\u00eb p\u00ebrvoj\u00ebs q\u00eb e kemi edhe ne me profesor doktor Bekim Sejdiun, do t\u00eb ruante aleancat, do t\u00eb fuqizonte aleanc\u00ebn me Shtetet e Bashkuara t\u00eb Amerik\u00ebs, do t\u00eb mbronte sigurin\u00eb komb\u00ebtare t\u00eb vendit ton\u00eb dhe n\u00eb ve\u00e7anti do t\u00eb dinte t\u00eb p\u00ebrballej me Serbin\u00eb ashtu si\u00e7 duhet t\u00eb p\u00ebrballet nj\u00eb president i Republik\u00ebs s\u00eb Kosov\u00ebs. Fatkeq\u00ebsisht, k\u00ebtu u krijua nj\u00eb lloj propagande e tmerrshme se kinse ne e kemi pranuar nj\u00eb njeri t\u00eb Vet\u00ebvendosjes&#8221;, tha ajo.<\/p>\n","protected":false},"excerpt":{"rendered":"<p>Deputetja e LDK-s\u00eb, Vjosa Osmani, ka th\u00ebn\u00eb se dy nga 6 deputet\u00ebt q\u00eb refuzuan t\u00eb votonin Bekim Sejdiun p\u00ebr President, ka th\u00ebn\u00eb se nuk do t\u00eb votonte as President t\u00eb LDK-s\u00eb. N\u00eb Rubikon t\u00eb Klan Kosova, ish-presidentja Osmani tha se p\u00ebr k\u00ebta gjasht\u00eb deputet\u00eb, s\u2019ka pasur fare r\u00ebnd\u00ebsi emri, sepse ata, sipas saj, do t\u00eb &hellip;<\/p>\n","protected":false},"author":3,"featured_media":152610,"comment_status":"closed","ping_status":"closed","sticky":false,"template":"","format":"standard","meta":{"footnotes":""},"categories":[38],"tags":[],"class_list":["post-152609","post","type-post","status-publish","format-standard","has-post-thumbnail","","category-bota"],"_links":{"self":[{"href":"https:\/\/rdnews.al\/index.php\/wp-json\/wp\/v2\/posts\/152609","targetHints":{"allow":["GET"]}}],"collection":[{"href":"https:\/\/rdnews.al\/index.php\/wp-json\/wp\/v2\/posts"}],"about":[{"href":"https:\/\/rdnews.al\/index.php\/wp-json\/wp\/v2\/types\/post"}],"author":[{"embeddable":true,"href":"https:\/\/rdnews.al\/index.php\/wp-json\/wp\/v2\/users\/3"}],"replies":[{"embeddable":true,"href":"https:\/\/rdnews.al\/index.php\/wp-json\/wp\/v2\/comments?post=152609"}],"version-history":[{"count":2,"href":"https:\/\/rdnews.al\/index.php\/wp-json\/wp\/v2\/posts\/152609\/revisions"}],"predecessor-version":[{"id":152612,"href":"https:\/\/rdnews.al\/index.php\/wp-json\/wp\/v2\/posts\/152609\/revisions\/152612"}],"wp:featuredmedia":[{"embeddable":true,"href":"https:\/\/rdnews.al\/index.php\/wp-json\/wp\/v2\/media\/152610"}],"wp:attachment":[{"href":"https:\/\/rdnews.al\/index.php\/wp-json\/wp\/v2\/media?parent=152609"}],"wp:term":[{"taxonomy":"category","embeddable":true,"href":"https:\/\/rdnews.al\/index.php\/wp-json\/wp\/v2\/categories?post=152609"},{"taxonomy":"post_tag","embeddable":true,"href":"https:\/\/rdnews.al\/index.php\/wp-json\/wp\/v2\/tags?post=152609"}],"curies":[{"name":"wp","href":"https:\/\/api.w.org\/{rel}","templated":true}]}}