{"id":152613,"date":"2026-09-04T07:41:12","date_gmt":"2026-09-04T07:41:12","guid":{"rendered":"https:\/\/rdnews.al\/?p=152613"},"modified":"2026-09-04T07:41:12","modified_gmt":"2026-09-04T07:41:12","slug":"sot-ne-banken-e-proves-eshte-drejtesia","status":"publish","type":"post","link":"https:\/\/rdnews.al\/index.php\/2026\/09\/04\/sot-ne-banken-e-proves-eshte-drejtesia\/","title":{"rendered":"Sot n\u00eb bank\u00ebn e prov\u00ebs \u00ebsht\u00eb Drejt\u00ebsia!"},"content":{"rendered":"<p><strong>Nga Lu\u00e7iano BO\u00c7I<\/strong><\/p>\n<p>N\u00eb nj\u00eb vend ku p\u00ebrgjegj\u00ebsit e korrupsionit milion\u00ebsh sh\u00ebtisin t\u00eb lir\u00eb, izolimi i qytetar\u00ebve q\u00eb protestojn\u00eb \u00ebsht\u00eb nj\u00eb mesazh i past\u00ebr terrori politik.<\/p>\n<p>Rama k\u00ebrkon t\u2019i k\u00ebrc\u00ebnoj\u00eb. N\u00ebse nuk heshtin, burgosen!<\/p>\n<p>Kat\u00ebrmb\u00ebdhjet\u00eb protestuesit mbahen pas hekurave, sepse ngrit\u00ebn z\u00ebrin kund\u00ebr pushtetit dhe e \u201czun\u00eb miun n\u00eb \u00e7ark.<\/p>\n<p>Paraburgimi nuk mund t\u00eb p\u00ebrdoret si d\u00ebnim pa gjyq dhe drejt\u00ebsia nuk mund t\u00eb shnd\u00ebrrohet n\u00eb repart nd\u00ebshkimor t\u00eb qeveris\u00eb.<\/p>\n<p>Paniku i Ram\u00ebs dhe \u00ebsht\u00eb i pamat\u00eb dhe ka kaluar n\u00eb ekstrem.<\/p>\n<p>Por protesta nuk burgoset. Zem\u00ebrimi qytetar nuk shuhet as me dhun\u00eb, as gaz dhe as qeli. P\u00ebrkundrazi, padrejt\u00ebsia e ushqen dhe i bashkon e na bashkon m\u00eb shum\u00eb.<\/p>\n<p>Gjykata nuk do t\u00eb ket\u00eb p\u00ebrpara vet\u00ebm dosjen e 14 protestuesve.<\/p>\n<p>Ajo \u00ebsht\u00eb para prov\u00ebs publike t\u00eb mbroj\u00eb ligjin dhe lirin\u00eb, apo do t\u00eb vulos\u00eb hakmarrjen politike t\u00eb pushtetit?<\/p>\n<p>Solidaritet i plot\u00eb me t\u00eb arrestuarit dhe familjet e tyre!<\/p>\n<p>Mb\u00ebshtetje pa kufi p\u00ebr protest\u00ebn!<\/p>\n<p>LIRIM T\u00cb MENJ\u00cbHERSH\u00cbM P\u00cbR 14 PROTESTUESIT!<br \/>\nLIRIA E PROTEST\u00cbS NUK NEGOCIOHET!<\/p>\n<p><img decoding=\"async\" src=\"https:\/\/scontent.ftia9-1.fna.fbcdn.net\/v\/t39.99422-6\/792146822_1072686308801986_8156434249851052886_n.png?stp=dst-jpg_tt6&amp;cstp=mx1178x1043&amp;ctp=s565x565&amp;_nc_cat=101&amp;ccb=1-7&amp;_nc_sid=833d8c&amp;_nc_ohc=iAH6ft3XMKgQ7kNvwGKsmZ_&amp;_nc_oc=AdpS4hdlfPb-ti75Qn4_-zh2e7y4wkdcUG54URM33623TawiQEtziqiQvFVjdapE8RQ&amp;_nc_zt=14&amp;_nc_ht=scontent.ftia9-1.fna&amp;_nc_gid=IFAWYd9W0SK-GkLr4OSUug&amp;_nc_ss=7f2a8&amp;oh=00_AQKWARcipn4HtXPU5ViG2ZEbP7saXhTSdqJrAaj-hBVupg&amp;oe=6AA03ABE\" alt=\"Mund t\u00eb jet\u00eb nj\u00eb imazh i nj\u00eb ose m\u00eb shum\u00eb persona dhe teksti q\u00eb thot\u00eb &quot;Nes\u00ebr, n\u00eb or\u00ebn 10:00 do mbahet seanca n\u00eb Gjykat\u00ebn Penale (ngjitur me SPAK) p\u00ebr 14 protestuesit Ae po mbahen padrejt\u00ebsisht n\u1ebd burg. PE POLICIA Lironi: 1. 1.Dritan Goxhai 2. Junik Matoshi 3. Edison Lika Erlind Almeta 5.Sokol Bushi 6.Lulzim Gjini 7. Valtion Shameti 8.Florian Manarkolli 9.Desiderjo Alimucaj 10.Bora Mitrovica 11.Arvina Lleshi 12.YIi Brahaj 13.Arben Kola 14.Aumiraldi Dalliu. DHUNA JUAJ NA PERBA SHKON, NUK NA FRIK\u0130SON! Nes\u00ebr Te shum\u00eb! Ora 10:00, pran\u00eb Gjykat\u00ebs Penale (pran\u00eb SPAK) Ora 19:00 sheshi &quot;Sk\u00ebnderbej&quot;, marshojmedr drejt Kryeministris\u00eb&quot;\" \/><\/p>\n","protected":false},"excerpt":{"rendered":"<p>Nga Lu\u00e7iano BO\u00c7I N\u00eb nj\u00eb vend ku p\u00ebrgjegj\u00ebsit e korrupsionit milion\u00ebsh sh\u00ebtisin t\u00eb lir\u00eb, izolimi i qytetar\u00ebve q\u00eb protestojn\u00eb \u00ebsht\u00eb nj\u00eb mesazh i past\u00ebr terrori politik. Rama k\u00ebrkon t\u2019i k\u00ebrc\u00ebnoj\u00eb. N\u00ebse nuk heshtin, burgosen! Kat\u00ebrmb\u00ebdhjet\u00eb protestuesit mbahen pas hekurave, sepse ngrit\u00ebn z\u00ebrin kund\u00ebr pushtetit dhe e \u201czun\u00eb miun n\u00eb \u00e7ark. Paraburgimi nuk mund t\u00eb p\u00ebrdoret &hellip;<\/p>\n","protected":false},"author":4,"featured_media":152353,"comment_status":"closed","ping_status":"closed","sticky":false,"template":"","format":"standard","meta":{"footnotes":""},"categories":[37],"tags":[],"class_list":["post-152613","post","type-post","status-publish","format-standard","has-post-thumbnail","","category-politike"],"_links":{"self":[{"href":"https:\/\/rdnews.al\/index.php\/wp-json\/wp\/v2\/posts\/152613","targetHints":{"allow":["GET"]}}],"collection":[{"href":"https:\/\/rdnews.al\/index.php\/wp-json\/wp\/v2\/posts"}],"about":[{"href":"https:\/\/rdnews.al\/index.php\/wp-json\/wp\/v2\/types\/post"}],"author":[{"embeddable":true,"href":"https:\/\/rdnews.al\/index.php\/wp-json\/wp\/v2\/users\/4"}],"replies":[{"embeddable":true,"href":"https:\/\/rdnews.al\/index.php\/wp-json\/wp\/v2\/comments?post=152613"}],"version-history":[{"count":2,"href":"https:\/\/rdnews.al\/index.php\/wp-json\/wp\/v2\/posts\/152613\/revisions"}],"predecessor-version":[{"id":152615,"href":"https:\/\/rdnews.al\/index.php\/wp-json\/wp\/v2\/posts\/152613\/revisions\/152615"}],"wp:featuredmedia":[{"embeddable":true,"href":"https:\/\/rdnews.al\/index.php\/wp-json\/wp\/v2\/media\/152353"}],"wp:attachment":[{"href":"https:\/\/rdnews.al\/index.php\/wp-json\/wp\/v2\/media?parent=152613"}],"wp:term":[{"taxonomy":"category","embeddable":true,"href":"https:\/\/rdnews.al\/index.php\/wp-json\/wp\/v2\/categories?post=152613"},{"taxonomy":"post_tag","embeddable":true,"href":"https:\/\/rdnews.al\/index.php\/wp-json\/wp\/v2\/tags?post=152613"}],"curies":[{"name":"wp","href":"https:\/\/api.w.org\/{rel}","templated":true}]}}