{"id":152616,"date":"2026-09-04T07:51:37","date_gmt":"2026-09-04T07:51:37","guid":{"rendered":"https:\/\/rdnews.al\/?p=152616"},"modified":"2026-09-04T07:51:37","modified_gmt":"2026-09-04T07:51:37","slug":"vizita-e-berishes-ne-shba-kellici-viza-u-dha-me-urdher-te-sekretarit-amerikan-te-shtetit","status":"publish","type":"post","link":"https:\/\/rdnews.al\/index.php\/2026\/09\/04\/vizita-e-berishes-ne-shba-kellici-viza-u-dha-me-urdher-te-sekretarit-amerikan-te-shtetit\/","title":{"rendered":"Vizita e Berish\u00ebs n\u00eb SHBA\/ K\u00eblli\u00e7i: Viza u dha me urdh\u00ebr t\u00eb Sekretarit Amerikan t\u00eb Shtetit"},"content":{"rendered":"<p>N\u00ebnkryetari i PD, Belind K\u00eblli\u00e7i ka folur mbr\u00ebmjen e djeshme lidhur me vizit\u00ebn e liderit t\u00eb opozit\u00ebs, Sali Berisha n\u00eb Shtetet e Bashkuara t\u00eb Amerik\u00ebs.<\/p>\n<p>I ftuar n\u00eb \u201cOpinion\u201d, K\u00eblli\u00e7i \u00ebsht\u00eb shprehur s\u00eb dh\u00ebnia e viz\u00ebs s\u00eb Berish\u00ebs \u00ebsht\u00eb b\u00ebr\u00eb me urdh\u00ebr t\u00eb Sekretarit Amerikan t\u00eb Shtetit n\u00eb rr\u00ebzim t\u00eb sanksionit t\u00eb vendosur sipas Seksionit 7031(c) . Ai b\u00ebri po ashtu me dije se viza \u00ebsht\u00eb 5-vje\u00e7are.<\/p>\n<p>Nd\u00ebr t\u00eb tjera, K\u00eblli\u00e7i u shpreh se ato persona q\u00eb u p\u00ebrfshin\u00eb n\u00eb shpalljen e Berish\u00ebs \u201cnon grata\u201d, po p\u00ebrballen me drejt\u00ebsin\u00eb, ku p\u00ebrmendi k\u00ebtu kryebashkiakun e arrestuar t\u00eb Tiran\u00ebs, Erion Veliajn, ndaj t\u00eb cilin r\u00ebndojn\u00eb 13 akuza p\u00ebr 5 vepra t\u00eb r\u00ebnda penale.<\/p>\n<p>\u201cViza i \u00ebsht\u00eb dh\u00ebn\u00eb me urdh\u00ebr t\u00eb Sekretarit Amerikan t\u00eb Shtetit n\u00eb rr\u00ebzim t\u00eb Sanksionit. Viza \u00ebsht\u00eb 5-vje\u00e7are. N\u00eb 5 vitet e fundit duhet t\u00eb kuptojm\u00eb se \u00e7far\u00eb ka ndodhur me aktor\u00ebt politik\u00eb q\u00eb kan\u00eb qen\u00eb pjes\u00eb e k\u00ebsaj ngjarje, nj\u00eb grup prej tre personash n\u00eb Shqip\u00ebri dhe tre t\u00eb tjer\u00eb n\u00eb SHBA. N\u00eb Shqip\u00ebri Erion Veliaj, i cili ka manipuluar DASH, ka g\u00ebnjyer dhe dh\u00ebn\u00eb dokumentet t\u00eb rreme sot ndodhet n\u00eb burg. Lulzim Basha i dyti, i treti Edi Rama q\u00eb sot ja ka dal\u00eb t\u00eb jet\u00eb figura m\u00eb e urryer n\u00eb bot\u00eb. \u00cbsht\u00eb i damkosur n\u00eb \u00e7do portal bot\u00ebror. Kam p\u00ebrshtypjen q\u00eb nga e h\u00ebna situate do t\u00eb jet\u00eb m\u00eb e v\u00ebshtir\u00eb dhe p\u00ebr Edi Ram\u00ebn.<\/p>\n<p>N\u00eb SHBA, \u00ebsht\u00eb Charles McGonigal i cili \u00ebsht\u00eb tani i arrestuar, ish-ambasadorja, Yuri Kim dhe ish-Sekretari Amerikan i Shtetit, Antony Blinken i cili \u00ebsht\u00eb sot \u201cnon grata\u201d n\u00eb \u00e7do institucion amerikan. Sot Sali Berisha rreshtohet me figurat bot\u00ebrore politike, si Nelson Mandela q\u00eb n\u00eb vitin 2008 ju hoq \u201cnon grata\u201d. Narendra Modi u shpall po ashtu \u201cnon grata\u201d dhe me ardhjen e Barack Obam\u00ebs ju d\u00ebrgua ftes\u00eb p\u00ebr n\u00eb Sht\u00ebpin\u00eb e Bardh\u00eb. Sot Sali Berisha do t\u00eb jet\u00eb n\u00eb Konvent\u00ebn e Par\u00eb t\u00eb Partis\u00eb Republike me 30 krer\u00eb shtetesh nga IDU\u201d, u shpreh K\u00eblli\u00e7i nd\u00ebr t\u00eb tjera.<\/p>\n","protected":false},"excerpt":{"rendered":"<p>N\u00ebnkryetari i PD, Belind K\u00eblli\u00e7i ka folur mbr\u00ebmjen e djeshme lidhur me vizit\u00ebn e liderit t\u00eb opozit\u00ebs, Sali Berisha n\u00eb Shtetet e Bashkuara t\u00eb Amerik\u00ebs. I ftuar n\u00eb \u201cOpinion\u201d, K\u00eblli\u00e7i \u00ebsht\u00eb shprehur s\u00eb dh\u00ebnia e viz\u00ebs s\u00eb Berish\u00ebs \u00ebsht\u00eb b\u00ebr\u00eb me urdh\u00ebr t\u00eb Sekretarit Amerikan t\u00eb Shtetit n\u00eb rr\u00ebzim t\u00eb sanksionit t\u00eb vendosur sipas Seksionit &hellip;<\/p>\n","protected":false},"author":4,"featured_media":152263,"comment_status":"closed","ping_status":"closed","sticky":false,"template":"","format":"standard","meta":{"footnotes":""},"categories":[37],"tags":[],"class_list":["post-152616","post","type-post","status-publish","format-standard","has-post-thumbnail","","category-politike"],"_links":{"self":[{"href":"https:\/\/rdnews.al\/index.php\/wp-json\/wp\/v2\/posts\/152616","targetHints":{"allow":["GET"]}}],"collection":[{"href":"https:\/\/rdnews.al\/index.php\/wp-json\/wp\/v2\/posts"}],"about":[{"href":"https:\/\/rdnews.al\/index.php\/wp-json\/wp\/v2\/types\/post"}],"author":[{"embeddable":true,"href":"https:\/\/rdnews.al\/index.php\/wp-json\/wp\/v2\/users\/4"}],"replies":[{"embeddable":true,"href":"https:\/\/rdnews.al\/index.php\/wp-json\/wp\/v2\/comments?post=152616"}],"version-history":[{"count":1,"href":"https:\/\/rdnews.al\/index.php\/wp-json\/wp\/v2\/posts\/152616\/revisions"}],"predecessor-version":[{"id":152617,"href":"https:\/\/rdnews.al\/index.php\/wp-json\/wp\/v2\/posts\/152616\/revisions\/152617"}],"wp:featuredmedia":[{"embeddable":true,"href":"https:\/\/rdnews.al\/index.php\/wp-json\/wp\/v2\/media\/152263"}],"wp:attachment":[{"href":"https:\/\/rdnews.al\/index.php\/wp-json\/wp\/v2\/media?parent=152616"}],"wp:term":[{"taxonomy":"category","embeddable":true,"href":"https:\/\/rdnews.al\/index.php\/wp-json\/wp\/v2\/categories?post=152616"},{"taxonomy":"post_tag","embeddable":true,"href":"https:\/\/rdnews.al\/index.php\/wp-json\/wp\/v2\/tags?post=152616"}],"curies":[{"name":"wp","href":"https:\/\/api.w.org\/{rel}","templated":true}]}}