{"id":152621,"date":"2026-09-04T08:02:58","date_gmt":"2026-09-04T08:02:58","guid":{"rendered":"https:\/\/rdnews.al\/?p=152621"},"modified":"2026-09-04T08:02:58","modified_gmt":"2026-09-04T08:02:58","slug":"bllokimi-i-pagave-shoqata-e-prokuroreve-po-shkelet-vendimi-i-kushtetueses-nuk-kerkojme-privilegje","status":"publish","type":"post","link":"https:\/\/rdnews.al\/index.php\/2026\/09\/04\/bllokimi-i-pagave-shoqata-e-prokuroreve-po-shkelet-vendimi-i-kushtetueses-nuk-kerkojme-privilegje\/","title":{"rendered":"Bllokimi i pagave, Shoqata e Prokuror\u00ebve: Po shkelet vendimi i Kushtetueses, nuk k\u00ebrkojm\u00eb privilegje"},"content":{"rendered":"<p>Shoqata e Prokuror\u00ebve t\u00eb Republik\u00ebs s\u00eb Shqip\u00ebris\u00eb ka reaguar p\u00ebr bllokimin e pagave t\u00eb gjyqtar\u00ebve dhe prokuror\u00ebve, duke theksuar se situata nuk lidhet me k\u00ebrkesa p\u00ebr rritje pagash, por me moszbatimin e nj\u00eb vendimi detyrues t\u00eb Gjykat\u00ebs Kushtetuese.<\/p>\n<p>Sipas shoqat\u00ebs, pas mosmiratimit nga Kuvendi t\u00eb ndryshimeve ligjore brenda afatit t\u00eb 31 korrikut, nga 1 gushti 2026 hyri n\u00eb fuqi mekanizmi i p\u00ebrcaktuar n\u00eb Vendimin nr. 35\/2022 t\u00eb Gjykat\u00ebs Kushtetuese.<\/p>\n<p>N\u00eb zbatim t\u00eb tij, KLGJ dhe KLP miratuan pag\u00ebn referuese dhe nis\u00ebn procedurat p\u00ebr ekzekutimin e pagave.<\/p>\n<p>Shoqata sqaron se pagat jan\u00eb llogaritur dhe urdh\u00ebrpagesat jan\u00eb nxjerr\u00eb, por ekzekutimi i tyre \u00ebsht\u00eb bllokuar administrativisht n\u00eb deg\u00ebt e Thesarit.<\/p>\n<p>Nd\u00ebrkoh\u00eb, n\u00eb Kuk\u00ebs dhe Dib\u00ebr pagat sipas kuadrit t\u00eb ri jan\u00eb ekzekutuar, duke treguar se zbatimi \u00ebsht\u00eb i mundur.<\/p>\n<div class=\"jnews_inline_related_post_wrapper left\">\n<div class=\"jnews_inline_related_post\">\n<div class=\"jeg_postblock_29 jeg_postblock jeg_module_hook jeg_pagination_disable jeg_col_2o3 jnews_module_1730823_0_6a9a7ad738b4f   \" data-unique=\"jnews_module_1730823_0_6a9a7ad738b4f\">\n<div class=\"jeg_block_heading jeg_block_heading_6 jeg_subcat_right\"><\/div>\n<\/div>\n<\/div>\n<\/div>\n<div class=\"jeg_ad jeg_ad_article jnews_content_inline_2_ads  \">\n<div class=\"ads-wrapper align-center \">\n<div class=\"ads_code\">Shoqata k\u00ebrkon respektimin e vendimeve t\u00eb Gjykat\u00ebs Kushtetuese dhe thekson se \u00e7do kund\u00ebrshtim ndaj vendimeve t\u00eb KLGJ-s\u00eb apo KLP-s\u00eb duhet t\u00eb ndiqet p\u00ebrmes rrug\u00ebve ligjore dhe gjyq\u00ebsore, jo p\u00ebrmes bllokimit administrativ t\u00eb pagave.<\/div>\n<\/div>\n<\/div>\n<p><iframe loading=\"lazy\" src=\"https:\/\/www.facebook.com\/plugins\/post.php?href=https%3A%2F%2Fwww.facebook.com%2Fpermalink.php%3Fstory_fbid%3Dpfbid0nfjpKkUWdFodNkMfj23o761561azo7AAcWW5rFb1M3dXRss4JKKSdXcpvpkYEk9Al%26id%3D61585780763264&amp;show_text=true&amp;width=500\" width=\"500\" height=\"710\" frameborder=\"0\" scrolling=\"no\" allowfullscreen=\"allowfullscreen\" data-mce-fragment=\"1\"><\/iframe><\/p>\n<div class=\"jeg_ad jeg_ad_article jnews_content_inline_3_ads  \">\n<div class=\"ads-wrapper align-center \">\n<div class=\"ads_code\">\n<div class=\"desktopi\" align=\"center\"><ins id=\"revive-0-2\" data-revive-zoneid=\"138\" data-revive-id=\"2581c650fb61ab0cf7e084114e7ddb41\" data-revive-seq=\"2\" data-revive-loaded=\"1\"><\/p>\n<div id=\"beacon_a5b77ddb0c\"><img loading=\"lazy\" decoding=\"async\" src=\"https:\/\/ads.adsense.al\/www\/delivery\/lg.php?bannerid=0&amp;campaignid=0&amp;zoneid=138&amp;loc=https%3A%2F%2Fboldnews.al%2F2026%2F09%2F03%2Fbllokimi-i-pagave-shoqata-e-prokuroreve-po-shkelet-vendimi-i-kushtetueses-nuk-kerkojme-privilegje%2F&amp;referer=https%3A%2F%2Fboldnews.al%2Fcategory%2Faktualitet%2Fpage%2F2%2F&amp;cb=a5b77ddb0c\" alt=\"\" width=\"0\" height=\"0\" \/><\/div>\n<p><\/ins><\/div>\n<\/div>\n<\/div>\n<\/div>\n","protected":false},"excerpt":{"rendered":"<p>Shoqata e Prokuror\u00ebve t\u00eb Republik\u00ebs s\u00eb Shqip\u00ebris\u00eb ka reaguar p\u00ebr bllokimin e pagave t\u00eb gjyqtar\u00ebve dhe prokuror\u00ebve, duke theksuar se situata nuk lidhet me k\u00ebrkesa p\u00ebr rritje pagash, por me moszbatimin e nj\u00eb vendimi detyrues t\u00eb Gjykat\u00ebs Kushtetuese. Sipas shoqat\u00ebs, pas mosmiratimit nga Kuvendi t\u00eb ndryshimeve ligjore brenda afatit t\u00eb 31 korrikut, nga 1 gushti &hellip;<\/p>\n","protected":false},"author":4,"featured_media":152622,"comment_status":"closed","ping_status":"closed","sticky":false,"template":"","format":"standard","meta":{"footnotes":""},"categories":[37],"tags":[],"class_list":["post-152621","post","type-post","status-publish","format-standard","has-post-thumbnail","","category-politike"],"_links":{"self":[{"href":"https:\/\/rdnews.al\/index.php\/wp-json\/wp\/v2\/posts\/152621","targetHints":{"allow":["GET"]}}],"collection":[{"href":"https:\/\/rdnews.al\/index.php\/wp-json\/wp\/v2\/posts"}],"about":[{"href":"https:\/\/rdnews.al\/index.php\/wp-json\/wp\/v2\/types\/post"}],"author":[{"embeddable":true,"href":"https:\/\/rdnews.al\/index.php\/wp-json\/wp\/v2\/users\/4"}],"replies":[{"embeddable":true,"href":"https:\/\/rdnews.al\/index.php\/wp-json\/wp\/v2\/comments?post=152621"}],"version-history":[{"count":1,"href":"https:\/\/rdnews.al\/index.php\/wp-json\/wp\/v2\/posts\/152621\/revisions"}],"predecessor-version":[{"id":152623,"href":"https:\/\/rdnews.al\/index.php\/wp-json\/wp\/v2\/posts\/152621\/revisions\/152623"}],"wp:featuredmedia":[{"embeddable":true,"href":"https:\/\/rdnews.al\/index.php\/wp-json\/wp\/v2\/media\/152622"}],"wp:attachment":[{"href":"https:\/\/rdnews.al\/index.php\/wp-json\/wp\/v2\/media?parent=152621"}],"wp:term":[{"taxonomy":"category","embeddable":true,"href":"https:\/\/rdnews.al\/index.php\/wp-json\/wp\/v2\/categories?post=152621"},{"taxonomy":"post_tag","embeddable":true,"href":"https:\/\/rdnews.al\/index.php\/wp-json\/wp\/v2\/tags?post=152621"}],"curies":[{"name":"wp","href":"https:\/\/api.w.org\/{rel}","templated":true}]}}