{"id":152628,"date":"2026-09-04T08:51:13","date_gmt":"2026-09-04T08:51:13","guid":{"rendered":"https:\/\/rdnews.al\/?p=152628"},"modified":"2026-09-04T08:51:13","modified_gmt":"2026-09-04T08:51:13","slug":"pritet-vendimi-per-14-protestuesit-e-arrestuar-qytetaret-para-gjykates","status":"publish","type":"post","link":"https:\/\/rdnews.al\/index.php\/2026\/09\/04\/pritet-vendimi-per-14-protestuesit-e-arrestuar-qytetaret-para-gjykates\/","title":{"rendered":"Pritet vendimi p\u00ebr 14 protestuesit e arrestuar, qytetar\u00ebt para Gjykat\u00ebs"},"content":{"rendered":"<p>Protestuesit e arrestuar t\u00eb mart\u00ebn pritet q\u00eb sot t\u00eb njihen me mas\u00ebn e siguris\u00eb, pasi p\u00ebr rreth 2 or\u00eb bllokuan hyrje-daljet e kryeministris\u00eb teksa brenda ndodhej kreu i qeveris\u00eb Edi Rama.<\/p>\n<p>Nd\u00ebrkoh\u00eb n\u00eb mb\u00ebshtetje t\u00eb tyre para Gjykat\u00ebs Penale jan\u00eb mbledhur qytetar\u00ebt, t\u00eb cil\u00ebt b\u00ebjn\u00eb thirrje p\u00ebr lirimin e tyre.<\/p>\n<p>\u201cLironi shqipet\u201d, ishin thirrjet e qytetar\u00ebve, nd\u00ebrsa theksojn\u00eb se \u201cnuk intimidohen\u201d.<\/p>\n<p><strong>Protestuesit e arrestuar<\/strong><\/p>\n<p>Dritan Goxhaj<br \/>\nJunik Matoshi<br \/>\nEdison Lika<br \/>\nErlind Almeta<br \/>\nSokol Bushi<br \/>\nLulzim Gjini<br \/>\nValtion Shameti<br \/>\nFlorian Manarkolli<br \/>\nDesiderjo Alimucaj<br \/>\nBora Mitrovica<br \/>\nArvina Lleshi<br \/>\nYlli Brahaj<br \/>\nArben Kola<br \/>\nAumiraldi Dalliu<\/p>\n","protected":false},"excerpt":{"rendered":"<p>Protestuesit e arrestuar t\u00eb mart\u00ebn pritet q\u00eb sot t\u00eb njihen me mas\u00ebn e siguris\u00eb, pasi p\u00ebr rreth 2 or\u00eb bllokuan hyrje-daljet e kryeministris\u00eb teksa brenda ndodhej kreu i qeveris\u00eb Edi Rama. Nd\u00ebrkoh\u00eb n\u00eb mb\u00ebshtetje t\u00eb tyre para Gjykat\u00ebs Penale jan\u00eb mbledhur qytetar\u00ebt, t\u00eb cil\u00ebt b\u00ebjn\u00eb thirrje p\u00ebr lirimin e tyre. \u201cLironi shqipet\u201d, ishin thirrjet e &hellip;<\/p>\n","protected":false},"author":4,"featured_media":152629,"comment_status":"closed","ping_status":"closed","sticky":false,"template":"","format":"standard","meta":{"footnotes":""},"categories":[37],"tags":[],"class_list":["post-152628","post","type-post","status-publish","format-standard","has-post-thumbnail","","category-politike"],"_links":{"self":[{"href":"https:\/\/rdnews.al\/index.php\/wp-json\/wp\/v2\/posts\/152628","targetHints":{"allow":["GET"]}}],"collection":[{"href":"https:\/\/rdnews.al\/index.php\/wp-json\/wp\/v2\/posts"}],"about":[{"href":"https:\/\/rdnews.al\/index.php\/wp-json\/wp\/v2\/types\/post"}],"author":[{"embeddable":true,"href":"https:\/\/rdnews.al\/index.php\/wp-json\/wp\/v2\/users\/4"}],"replies":[{"embeddable":true,"href":"https:\/\/rdnews.al\/index.php\/wp-json\/wp\/v2\/comments?post=152628"}],"version-history":[{"count":1,"href":"https:\/\/rdnews.al\/index.php\/wp-json\/wp\/v2\/posts\/152628\/revisions"}],"predecessor-version":[{"id":152630,"href":"https:\/\/rdnews.al\/index.php\/wp-json\/wp\/v2\/posts\/152628\/revisions\/152630"}],"wp:featuredmedia":[{"embeddable":true,"href":"https:\/\/rdnews.al\/index.php\/wp-json\/wp\/v2\/media\/152629"}],"wp:attachment":[{"href":"https:\/\/rdnews.al\/index.php\/wp-json\/wp\/v2\/media?parent=152628"}],"wp:term":[{"taxonomy":"category","embeddable":true,"href":"https:\/\/rdnews.al\/index.php\/wp-json\/wp\/v2\/categories?post=152628"},{"taxonomy":"post_tag","embeddable":true,"href":"https:\/\/rdnews.al\/index.php\/wp-json\/wp\/v2\/tags?post=152628"}],"curies":[{"name":"wp","href":"https:\/\/api.w.org\/{rel}","templated":true}]}}