{"id":152631,"date":"2026-09-04T08:56:33","date_gmt":"2026-09-04T08:56:33","guid":{"rendered":"https:\/\/rdnews.al\/?p=152631"},"modified":"2026-09-04T09:23:06","modified_gmt":"2026-09-04T09:23:06","slug":"tabaku-tirana-pa-uje-24-ore-ndersa-sistemi-lufton-per-te-liruar-veliajn","status":"publish","type":"post","link":"https:\/\/rdnews.al\/index.php\/2026\/09\/04\/tabaku-tirana-pa-uje-24-ore-ndersa-sistemi-lufton-per-te-liruar-veliajn\/","title":{"rendered":"Tabaku: Tirana pa uj\u00eb 24 or\u00eb, nd\u00ebrsa sistemi lufton p\u00ebr t\u00eb liruar Veliajn!"},"content":{"rendered":"<p>Deputetja e PD dhe kryetarja e Komisionit p\u00ebr \u00c7\u00ebshtjet Evropiane, Jorida Tabaku, ka denoncuar kontrastin mes t\u00eb ardhurave n\u00eb rritje t\u00eb Uj\u00ebsjell\u00ebs-Kanalizimeve Tiran\u00eb dhe cil\u00ebsis\u00eb s\u00eb dob\u00ebt t\u00eb sh\u00ebrbimit q\u00eb marrin qytetar\u00ebt.<\/p>\n<p>N\u00eb nj\u00eb reagim n\u00eb rrjetet sociale, Tabaku deklaron se asnj\u00eb prej rreth nj\u00eb milion banor\u00ebve t\u00eb Tiran\u00ebs nuk furnizohet me uj\u00eb 24 or\u00eb n\u00eb dit\u00eb. Sipas saj, mesatarja e furnizimit n\u00eb kryeqytet \u00ebsht\u00eb vet\u00ebm 17 or\u00eb, nd\u00ebrsa n\u00eb zona t\u00eb caktuara uji vjen p\u00ebr m\u00eb pak se dy or\u00eb n\u00eb dit\u00eb.<\/p>\n<p><strong>Reagimi i Tabakut<\/strong><\/p>\n<p>Sa prej jush e pin\u00eb ujin direkt nga rubineti? Shum\u00eb pak!<\/p>\n<p>Nga rreth nj\u00eb milion banor\u00eb t\u00eb Tiran\u00ebs, asnj\u00ebri nuk furnizohet me uj\u00eb 24 or\u00eb n\u00eb dit\u00eb. Mesatarja e furnizimit n\u00eb kryeqytet \u00ebsht\u00eb 17 or\u00eb, nd\u00ebrkoh\u00eb q\u00eb ka zona t\u00eb Tiran\u00ebs ku qytetar\u00ebt nuk shohin uj\u00eb n\u00eb rubinet as p\u00ebr dy or\u00eb n\u00eb dit\u00eb.<\/p>\n<p>Nga ana tjet\u00ebr, UKT-ja ka nj\u00eb norm\u00eb fitimi prej rreth 33%, nj\u00eb nivel fitimi q\u00eb nuk e kan\u00eb as shum\u00eb biznese private.<\/p>\n<p>Ajo q\u00eb ndodh sot me k\u00ebto nd\u00ebrmarrje q\u00eb duhet t\u00eb ofrojn\u00eb sh\u00ebrbime publike, nga menaxhimi i mbetjeve deri te uj\u00ebsjell\u00ebs-kanalizimet, mund t\u00eb p\u00ebrmblidhet k\u00ebshtu: sh\u00ebrbim zero dhe taksa t\u00eb larta.<br \/>\nPo \u00e7far\u00eb u premtohet qytetar\u00ebve? \u201cPasqyra Albania\u201d.<\/p>\n<p>N\u00eb fakt, kjo \u00ebsht\u00eb pasqyra e v\u00ebrtet\u00eb e Shqip\u00ebris\u00eb: nj\u00eb qeverisje q\u00eb nuk arrin t\u00eb siguroj\u00eb as uj\u00eb t\u00eb pijsh\u00ebm dhe furnizim 24 or\u00eb p\u00ebr Tiran\u00ebn, megjith\u00ebse k\u00ebt\u00eb e premton n\u00eb \u00e7do fushat\u00eb zgjedhore.<\/p>\n<p>Nd\u00ebrkoh\u00eb, Tirana p\u00ebrdoret si pla\u00e7k\u00eb dhe si mjet shantazhi politik p\u00ebr t\u00eb nxjerr\u00eb nga burgu kryebashkiakun e akuzuar p\u00ebr korrupsion dhe pastrim parash.<\/p>\n<p>Ky \u00ebsht\u00eb sistemi q\u00eb duhet t\u00eb ndryshojm\u00eb: sistemi q\u00eb nuk arrin t\u00eb sjell\u00eb uj\u00eb t\u00eb pijsh\u00ebm 24 or\u00eb n\u00eb Tiran\u00eb, jo m\u00eb t\u00eb b\u00ebj\u00eb di\u00e7ka tjet\u00ebr.<\/p>\n<p><iframe loading=\"lazy\" src=\"https:\/\/www.facebook.com\/plugins\/video.php?height=476&amp;href=https%3A%2F%2Fwww.facebook.com%2Freel%2F1625884579191475%2F&amp;show_text=false&amp;width=267&amp;t=0\" width=\"267\" height=\"476\" frameborder=\"0\" scrolling=\"no\" allowfullscreen=\"allowfullscreen\" data-mce-fragment=\"1\"><\/iframe><\/p>\n","protected":false},"excerpt":{"rendered":"<p>Deputetja e PD dhe kryetarja e Komisionit p\u00ebr \u00c7\u00ebshtjet Evropiane, Jorida Tabaku, ka denoncuar kontrastin mes t\u00eb ardhurave n\u00eb rritje t\u00eb Uj\u00ebsjell\u00ebs-Kanalizimeve Tiran\u00eb dhe cil\u00ebsis\u00eb s\u00eb dob\u00ebt t\u00eb sh\u00ebrbimit q\u00eb marrin qytetar\u00ebt. N\u00eb nj\u00eb reagim n\u00eb rrjetet sociale, Tabaku deklaron se asnj\u00eb prej rreth nj\u00eb milion banor\u00ebve t\u00eb Tiran\u00ebs nuk furnizohet me uj\u00eb 24 or\u00eb &hellip;<\/p>\n","protected":false},"author":4,"featured_media":152633,"comment_status":"closed","ping_status":"closed","sticky":false,"template":"","format":"standard","meta":{"footnotes":""},"categories":[37],"tags":[],"class_list":["post-152631","post","type-post","status-publish","format-standard","has-post-thumbnail","","category-politike"],"_links":{"self":[{"href":"https:\/\/rdnews.al\/index.php\/wp-json\/wp\/v2\/posts\/152631","targetHints":{"allow":["GET"]}}],"collection":[{"href":"https:\/\/rdnews.al\/index.php\/wp-json\/wp\/v2\/posts"}],"about":[{"href":"https:\/\/rdnews.al\/index.php\/wp-json\/wp\/v2\/types\/post"}],"author":[{"embeddable":true,"href":"https:\/\/rdnews.al\/index.php\/wp-json\/wp\/v2\/users\/4"}],"replies":[{"embeddable":true,"href":"https:\/\/rdnews.al\/index.php\/wp-json\/wp\/v2\/comments?post=152631"}],"version-history":[{"count":1,"href":"https:\/\/rdnews.al\/index.php\/wp-json\/wp\/v2\/posts\/152631\/revisions"}],"predecessor-version":[{"id":152632,"href":"https:\/\/rdnews.al\/index.php\/wp-json\/wp\/v2\/posts\/152631\/revisions\/152632"}],"wp:featuredmedia":[{"embeddable":true,"href":"https:\/\/rdnews.al\/index.php\/wp-json\/wp\/v2\/media\/152633"}],"wp:attachment":[{"href":"https:\/\/rdnews.al\/index.php\/wp-json\/wp\/v2\/media?parent=152631"}],"wp:term":[{"taxonomy":"category","embeddable":true,"href":"https:\/\/rdnews.al\/index.php\/wp-json\/wp\/v2\/categories?post=152631"},{"taxonomy":"post_tag","embeddable":true,"href":"https:\/\/rdnews.al\/index.php\/wp-json\/wp\/v2\/tags?post=152631"}],"curies":[{"name":"wp","href":"https:\/\/api.w.org\/{rel}","templated":true}]}}