{"id":152634,"date":"2026-09-04T09:49:04","date_gmt":"2026-09-04T09:49:04","guid":{"rendered":"https:\/\/rdnews.al\/?p=152634"},"modified":"2026-09-04T10:13:28","modified_gmt":"2026-09-04T10:13:28","slug":"berisha-ky-eshte-udhetimi-i-viteve-per-shqiperine-ne-rrafshin-tim-une-shkoj-e-takoj-miqte-e-mi-dhe-u-them-une-erdha","status":"publish","type":"post","link":"https:\/\/rdnews.al\/index.php\/2026\/09\/04\/berisha-ky-eshte-udhetimi-i-viteve-per-shqiperine-ne-rrafshin-tim-une-shkoj-e-takoj-miqte-e-mi-dhe-u-them-une-erdha\/","title":{"rendered":"Berisha: Ky \u00ebsht\u00eb udh\u00ebtimi i viteve p\u00ebr Shqip\u00ebrin\u00eb, n\u00eb rrafshin tim un\u00eb shkoj e takoj miqt\u00eb e mi, dhe u them un\u00eb erdha!"},"content":{"rendered":"<p>Lideri i opozit\u00ebs, Sali Berisha, \u00ebsht\u00eb nisur dit\u00ebn e sotme drejt Shteteve t\u00eb Bashkuara t\u00eb Amerik\u00ebs p\u00ebr t\u00eb marr\u00eb pjes\u00eb n\u00eb Konvent\u00ebn e Partis\u00eb Republikane, nj\u00eb l\u00ebvizje e cila ka ngjallur interes t\u00eb lart\u00eb mediatik.<\/p>\n<p>Gjat\u00eb nj\u00eb prononcimi nga aeroporti, kreu i Partis\u00eb Demokratike e cil\u00ebsoi k\u00ebt\u00eb vizit\u00eb si udh\u00ebtimin e viteve p\u00ebr Shqip\u00ebrin\u00eb, duke e krahasuar hapur me vizit\u00ebn e tij t\u00eb par\u00eb historike n\u00eb SHBA n\u00eb mars t\u00eb vitit 1991.<\/p>\n<p><strong>Sali Berisha:<\/strong> Kjo prani d\u00ebshmon se ju e parandjeni q\u00eb ky p\u00ebr Shqip\u00ebrin\u00eb \u00ebsht\u00eb udh\u00ebtimi i viteve.<br \/>\nDhe un\u00eb kam shum\u00eb k\u00ebnaq\u00ebsi q\u00eb sot nisem p\u00ebr n\u00eb Shtetet e Bashkuara, po me at\u00eb bindje si n\u00eb mars t\u00eb vitit 1991.<br \/>\nSe vendi i madh i liris\u00eb do mb\u00ebshtes\u00eb Shqip\u00ebrin\u00eb dhe shqiptar\u00ebt n\u00eb p\u00ebrpjekjen e tyre p\u00ebr t&#8217;u \u00e7liruar nga diktatura autoritare e bazuar n\u00eb drog\u00ebn, krimin, dhe vjedhjen e shqiptar\u00ebve t\u00eb Edi Ram\u00ebs, regjimit t\u00eb narkoshtetit.<\/p>\n<p><strong>Pyetje: Zoti Berisha, p\u00ebrve\u00e7 nj\u00eb fitore tuaj\u00ebn personale, p\u00ebr Partin\u00eb Demokratike \u00e7far\u00eb lloj mesazhi ka kjo&#8230;<\/strong><\/p>\n<p><strong>Sali Berisha:<\/strong> Edhe nj\u00eb her\u00eb, edhe nj\u00eb her\u00eb, nuk ka asgj\u00eb personale. Thash\u00eb dhe nj\u00eb her\u00eb, prania juaj k\u00ebtu d\u00ebshmon se ju e ndjeni q\u00eb ky \u00ebsht\u00eb udh\u00ebtimi i viteve p\u00ebr Shqip\u00ebrin\u00eb.<br \/>\nKurse n\u00eb rrafshin tim, un\u00eb shkoj dhe takoj miqt\u00eb e mi t\u00eb cil\u00ebve u them: un\u00eb erdha, erdha.<\/p>\n","protected":false},"excerpt":{"rendered":"<p>Lideri i opozit\u00ebs, Sali Berisha, \u00ebsht\u00eb nisur dit\u00ebn e sotme drejt Shteteve t\u00eb Bashkuara t\u00eb Amerik\u00ebs p\u00ebr t\u00eb marr\u00eb pjes\u00eb n\u00eb Konvent\u00ebn e Partis\u00eb Republikane, nj\u00eb l\u00ebvizje e cila ka ngjallur interes t\u00eb lart\u00eb mediatik. Gjat\u00eb nj\u00eb prononcimi nga aeroporti, kreu i Partis\u00eb Demokratike e cil\u00ebsoi k\u00ebt\u00eb vizit\u00eb si udh\u00ebtimin e viteve p\u00ebr Shqip\u00ebrin\u00eb, duke &hellip;<\/p>\n","protected":false},"author":4,"featured_media":152640,"comment_status":"closed","ping_status":"closed","sticky":false,"template":"","format":"standard","meta":{"footnotes":""},"categories":[37],"tags":[],"class_list":["post-152634","post","type-post","status-publish","format-standard","has-post-thumbnail","","category-politike"],"_links":{"self":[{"href":"https:\/\/rdnews.al\/index.php\/wp-json\/wp\/v2\/posts\/152634","targetHints":{"allow":["GET"]}}],"collection":[{"href":"https:\/\/rdnews.al\/index.php\/wp-json\/wp\/v2\/posts"}],"about":[{"href":"https:\/\/rdnews.al\/index.php\/wp-json\/wp\/v2\/types\/post"}],"author":[{"embeddable":true,"href":"https:\/\/rdnews.al\/index.php\/wp-json\/wp\/v2\/users\/4"}],"replies":[{"embeddable":true,"href":"https:\/\/rdnews.al\/index.php\/wp-json\/wp\/v2\/comments?post=152634"}],"version-history":[{"count":2,"href":"https:\/\/rdnews.al\/index.php\/wp-json\/wp\/v2\/posts\/152634\/revisions"}],"predecessor-version":[{"id":152636,"href":"https:\/\/rdnews.al\/index.php\/wp-json\/wp\/v2\/posts\/152634\/revisions\/152636"}],"wp:featuredmedia":[{"embeddable":true,"href":"https:\/\/rdnews.al\/index.php\/wp-json\/wp\/v2\/media\/152640"}],"wp:attachment":[{"href":"https:\/\/rdnews.al\/index.php\/wp-json\/wp\/v2\/media?parent=152634"}],"wp:term":[{"taxonomy":"category","embeddable":true,"href":"https:\/\/rdnews.al\/index.php\/wp-json\/wp\/v2\/categories?post=152634"},{"taxonomy":"post_tag","embeddable":true,"href":"https:\/\/rdnews.al\/index.php\/wp-json\/wp\/v2\/tags?post=152634"}],"curies":[{"name":"wp","href":"https:\/\/api.w.org\/{rel}","templated":true}]}}