{"id":152637,"date":"2026-09-04T10:03:31","date_gmt":"2026-09-04T10:03:31","guid":{"rendered":"https:\/\/rdnews.al\/?p=152637"},"modified":"2026-09-04T10:03:31","modified_gmt":"2026-09-04T10:03:31","slug":"berisha-udhetimi-eshte-jashtezakonisht-i-rendesishem-ka-disa-ngjashmeri-me-udhetimin-tim-te-pare-ne-shba","status":"publish","type":"post","link":"https:\/\/rdnews.al\/index.php\/2026\/09\/04\/berisha-udhetimi-eshte-jashtezakonisht-i-rendesishem-ka-disa-ngjashmeri-me-udhetimin-tim-te-pare-ne-shba\/","title":{"rendered":"Berisha: Udh\u00ebtimi \u00ebsht\u00eb jasht\u00ebzakonisht i r\u00ebnd\u00ebsish\u00ebm! Ka disa ngjashm\u00ebri me udh\u00ebtimin tim t\u00eb par\u00eb n\u00eb SHBA"},"content":{"rendered":"<p><strong>Pyetje: Zoti Berisha, pyetja e par\u00eb. Keni udh\u00ebtuar shpesh n\u00eb Shtetet e Bashkuara t\u00eb Amerik\u00ebs, si kryeminist\u00ebr keni takuar president\u00eb t\u00eb ndrysh\u00ebm. Po \u00e7far\u00eb emocioni keni n\u00eb k\u00ebt\u00eb udh\u00ebtim? \u00cbsht\u00eb nj\u00eb emocion ndryshe apo shkoni i ftoht\u00eb?<\/strong><\/p>\n<p><strong>Sali Berisha:<\/strong> Po, \u00ebsht\u00eb ndryshe. \u00cbsht\u00eb ndryshe. Ka disa ngjashm\u00ebri. Ndon\u00ebse \u00ebsht\u00eb vite drit\u00eb larg, por ka disa ngjashm\u00ebri me udh\u00ebtimin tim t\u00eb par\u00eb n\u00eb Shtetet e Bashkuara.<\/p>\n<p><strong>Pyetje: \u00cbsht\u00eb m\u00eb i r\u00ebnd\u00ebsishmi ky udh\u00ebtim apo si do ta vler\u00ebsoni? M\u00eb historiku?<\/strong><\/p>\n<p><strong>Sali Berisha:<\/strong> \u00cbsht\u00eb jasht\u00ebzakonisht i r\u00ebnd\u00ebsish\u00ebm. Thash\u00eb, fakti q\u00eb jeni k\u00ebtu d\u00ebshmon se ju e ndjeni t\u00eb drejt\u00eb se ky \u00ebsht\u00eb udh\u00ebtimi i viteve p\u00ebr Shqip\u00ebrin\u00eb.<\/p>\n<p><strong>Pyetje: Dhe nj\u00eb pyetje, bilet\u00ebn e biznes apo ekonomik class?<\/strong><\/p>\n<p><strong>Sali Berisha:<\/strong> Faleminderit shum\u00eb! Faleminderit dhe mirupafshim!<\/p>\n<p><strong>Pyetje: Ju nis\u00ebt fraksionin dhe ju drejtuat parlamentit duke th\u00ebn\u00eb q\u00eb un\u00eb erdha. A keni nj\u00eb mesazh p\u00ebr kryeministrin Rama tani q\u00eb po niseni p\u00ebr n\u00eb SHBA? Para pak minutash ka qen\u00eb n\u00eb aeroport&#8230; \u00c7far\u00eb mesazhi keni p\u00ebr zotin Rama?<\/strong><\/p>\n<p><strong>Sali Berisha:<\/strong> P\u00ebr Padrinon, i them se po niset si Padrino dhe po arrin si Ramaduro.<\/p>\n","protected":false},"excerpt":{"rendered":"<p>Pyetje: Zoti Berisha, pyetja e par\u00eb. Keni udh\u00ebtuar shpesh n\u00eb Shtetet e Bashkuara t\u00eb Amerik\u00ebs, si kryeminist\u00ebr keni takuar president\u00eb t\u00eb ndrysh\u00ebm. Po \u00e7far\u00eb emocioni keni n\u00eb k\u00ebt\u00eb udh\u00ebtim? \u00cbsht\u00eb nj\u00eb emocion ndryshe apo shkoni i ftoht\u00eb? Sali Berisha: Po, \u00ebsht\u00eb ndryshe. \u00cbsht\u00eb ndryshe. Ka disa ngjashm\u00ebri. Ndon\u00ebse \u00ebsht\u00eb vite drit\u00eb larg, por ka disa &hellip;<\/p>\n","protected":false},"author":4,"featured_media":152638,"comment_status":"closed","ping_status":"closed","sticky":false,"template":"","format":"standard","meta":{"footnotes":""},"categories":[37],"tags":[],"class_list":["post-152637","post","type-post","status-publish","format-standard","has-post-thumbnail","","category-politike"],"_links":{"self":[{"href":"https:\/\/rdnews.al\/index.php\/wp-json\/wp\/v2\/posts\/152637","targetHints":{"allow":["GET"]}}],"collection":[{"href":"https:\/\/rdnews.al\/index.php\/wp-json\/wp\/v2\/posts"}],"about":[{"href":"https:\/\/rdnews.al\/index.php\/wp-json\/wp\/v2\/types\/post"}],"author":[{"embeddable":true,"href":"https:\/\/rdnews.al\/index.php\/wp-json\/wp\/v2\/users\/4"}],"replies":[{"embeddable":true,"href":"https:\/\/rdnews.al\/index.php\/wp-json\/wp\/v2\/comments?post=152637"}],"version-history":[{"count":1,"href":"https:\/\/rdnews.al\/index.php\/wp-json\/wp\/v2\/posts\/152637\/revisions"}],"predecessor-version":[{"id":152639,"href":"https:\/\/rdnews.al\/index.php\/wp-json\/wp\/v2\/posts\/152637\/revisions\/152639"}],"wp:featuredmedia":[{"embeddable":true,"href":"https:\/\/rdnews.al\/index.php\/wp-json\/wp\/v2\/media\/152638"}],"wp:attachment":[{"href":"https:\/\/rdnews.al\/index.php\/wp-json\/wp\/v2\/media?parent=152637"}],"wp:term":[{"taxonomy":"category","embeddable":true,"href":"https:\/\/rdnews.al\/index.php\/wp-json\/wp\/v2\/categories?post=152637"},{"taxonomy":"post_tag","embeddable":true,"href":"https:\/\/rdnews.al\/index.php\/wp-json\/wp\/v2\/tags?post=152637"}],"curies":[{"name":"wp","href":"https:\/\/api.w.org\/{rel}","templated":true}]}}