{"id":152643,"date":"2026-09-04T10:35:06","date_gmt":"2026-09-04T10:35:06","guid":{"rendered":"https:\/\/rdnews.al\/?p=152643"},"modified":"2026-09-04T10:35:08","modified_gmt":"2026-09-04T10:35:08","slug":"berisha-klodi-ministrja-e-gjushit-merr-persiper-firmen-e-krimit","status":"publish","type":"post","link":"https:\/\/rdnews.al\/index.php\/2026\/09\/04\/berisha-klodi-ministrja-e-gjushit-merr-persiper-firmen-e-krimit\/","title":{"rendered":"Berisha: Klodi, ministrja e Gjushit merr p\u00ebrsip\u00ebr firm\u00ebn e krimit!"},"content":{"rendered":"<p>Kryetari i PD, Sali Berisha, n\u00eb nj\u00eb reagim n\u00eb rrjetet e tij sociale, shkruan se Klodiana Spahiu ministrja e Gjushit po merr p\u00ebrsip\u00ebr t\u00eb firmos\u00eb nj\u00eb ligj dhe kontrat\u00eb q\u00eb ai i cil\u00ebson antiligjore.<\/p>\n<p>Berisha akuzoi qeverin\u00eb Rama se synon p\u00ebrqendrimin e blerjeve t\u00eb ila\u00e7eve dhe p\u00ebrfitimin e qindra milion\u00eb eurove nga fondet publike.<\/p>\n<p><strong>Postimi<\/strong><\/p>\n<p>Klodi, ministrja e Gjushit merr p\u00ebrsip\u00ebr firm\u00ebn e krimit!<\/p>\n[\ud83d\udce9] Lexoni mesazhin e qytetarit dixhital.<\/p>\n<p>Miredita Dr Sherri midis Rames dhe Sales vazhdonte prej tre muajsh. Sala nuk pranoj te firmos Kayo bis te ilacave te cilen Rama po e pregatit jo per Yfett por per nje mikun tjeter te tij konsull i Shqiperise ne Jeruzalem.<\/p>\n<p>Ne ministri asnjeri nuk pranon ta firmos dokumentat Klodiana Spahiu kuader i Gjushit paska qene karrieriste e shthurur eshte zotuar se do firmos ligjin dhe kontraten antiligjore per perqendrimin e te gjithe blerejege te ilaceve ne dusrte e mijut te Rames de facto plackitjen e qindra milion euro nga Rama dhe miku i tij nga fonder per ilace te te semurve ne Shqiperi.<\/p>\n","protected":false},"excerpt":{"rendered":"<p>Kryetari i PD, Sali Berisha, n\u00eb nj\u00eb reagim n\u00eb rrjetet e tij sociale, shkruan se Klodiana Spahiu ministrja e Gjushit po merr p\u00ebrsip\u00ebr t\u00eb firmos\u00eb nj\u00eb ligj dhe kontrat\u00eb q\u00eb ai i cil\u00ebson antiligjore. Berisha akuzoi qeverin\u00eb Rama se synon p\u00ebrqendrimin e blerjeve t\u00eb ila\u00e7eve dhe p\u00ebrfitimin e qindra milion\u00eb eurove nga fondet publike. Postimi &hellip;<\/p>\n","protected":false},"author":4,"featured_media":152644,"comment_status":"closed","ping_status":"closed","sticky":false,"template":"","format":"standard","meta":{"footnotes":""},"categories":[37],"tags":[],"class_list":["post-152643","post","type-post","status-publish","format-standard","has-post-thumbnail","","category-politike"],"_links":{"self":[{"href":"https:\/\/rdnews.al\/index.php\/wp-json\/wp\/v2\/posts\/152643","targetHints":{"allow":["GET"]}}],"collection":[{"href":"https:\/\/rdnews.al\/index.php\/wp-json\/wp\/v2\/posts"}],"about":[{"href":"https:\/\/rdnews.al\/index.php\/wp-json\/wp\/v2\/types\/post"}],"author":[{"embeddable":true,"href":"https:\/\/rdnews.al\/index.php\/wp-json\/wp\/v2\/users\/4"}],"replies":[{"embeddable":true,"href":"https:\/\/rdnews.al\/index.php\/wp-json\/wp\/v2\/comments?post=152643"}],"version-history":[{"count":1,"href":"https:\/\/rdnews.al\/index.php\/wp-json\/wp\/v2\/posts\/152643\/revisions"}],"predecessor-version":[{"id":152645,"href":"https:\/\/rdnews.al\/index.php\/wp-json\/wp\/v2\/posts\/152643\/revisions\/152645"}],"wp:featuredmedia":[{"embeddable":true,"href":"https:\/\/rdnews.al\/index.php\/wp-json\/wp\/v2\/media\/152644"}],"wp:attachment":[{"href":"https:\/\/rdnews.al\/index.php\/wp-json\/wp\/v2\/media?parent=152643"}],"wp:term":[{"taxonomy":"category","embeddable":true,"href":"https:\/\/rdnews.al\/index.php\/wp-json\/wp\/v2\/categories?post=152643"},{"taxonomy":"post_tag","embeddable":true,"href":"https:\/\/rdnews.al\/index.php\/wp-json\/wp\/v2\/tags?post=152643"}],"curies":[{"name":"wp","href":"https:\/\/api.w.org\/{rel}","templated":true}]}}