{"id":152648,"date":"2026-09-04T11:50:56","date_gmt":"2026-09-04T11:50:56","guid":{"rendered":"https:\/\/rdnews.al\/?p=152648"},"modified":"2026-09-04T11:50:56","modified_gmt":"2026-09-04T11:50:56","slug":"ka-vetem-nje-rruge-per-edi-ramen-te-largohet","status":"publish","type":"post","link":"https:\/\/rdnews.al\/index.php\/2026\/09\/04\/ka-vetem-nje-rruge-per-edi-ramen-te-largohet\/","title":{"rendered":"Ka vet\u00ebm nj\u00eb rrug\u00eb p\u00ebr Edi Ram\u00ebn! T\u00eb largohet!"},"content":{"rendered":"<p><strong>Nga Belind K\u00cbLLI\u00c7I<\/strong><\/p>\n<p>Edi Rama sh\u00ebnoi sot nj\u00eb nga kulmet e arroganc\u00ebs ndaj publikut dhe ndaj qytetar\u00ebve, kur deklaroi se pak\u00ebnaq\u00ebsia ndaj qeverisjes s\u00eb tij qenka se ai nuk e paska b\u00ebr\u00eb Shqip\u00ebrin\u00eb, si Norvegjia, si Zvicra, si Gjermania\u2026<\/p>\n<p>Askush nuk ka pritur ndonj\u00ebher\u00eb q\u00eb kjo t\u00eb ndodh\u00eb, aq m\u00eb shum\u00eb, askush nuk ka pritur q\u00eb k\u00ebt\u00eb ta sjell\u00eb Edi Rama. Ai jo q\u00eb nuk solli Norvegjin\u00eb, por solli nj\u00eb prej qeverive m\u00eb t\u00eb korruptuara dhe m\u00eb t\u00eb inkriminuara n\u00eb planet.<\/p>\n<p>Njer\u00ebzit nuk prit\u00ebn q\u00eb ai ta b\u00ebnte Zvic\u00ebr, por ndoshta prit\u00ebn q\u00eb bandat t\u00eb mos ishin shtabi elektoral dhe t\u00eb em\u00ebronin shefa policie.<\/p>\n<p>Nuk prit\u00ebn q\u00eb Edi Rama ta b\u00ebnte Gjermani, askush nuk e ka pretenduar, por njer\u00ebzit ndoshta prit\u00ebn q\u00eb Edi Rama t\u00eb mos rreshtonte 82 vota n\u00eb Kuvend p\u00ebr t\u00eb mbrojtur korrupsionin e penguar drejt\u00ebsin\u00eb.<\/p>\n<p>Padyshim, asnj\u00ebri nuk ka menduar se Edi Rama do ta b\u00ebnte k\u00ebtu Europ\u00eb, por qytetar\u00ebt kan\u00eb shpresuar q\u00eb pas kaq vitesh, t\u00eb ishin arritur disa standarde si vota e lir\u00eb, si barazia para ligjit, e t\u00eb mos ndodhte si\u00e7 ka ndodhur, q\u00eb ka kthim mbrapa.<\/p>\n<p>Nuk priti njeri t\u00eb b\u00ebhej Suedi, por ndoshta kan\u00eb pritur q\u00eb Shqip\u00ebria t\u00eb mos b\u00ebhej narkoshtet.<\/p>\n<p>As m\u00eb i verbri nuk ka pritur prej Edi Ram\u00ebs, Zvicer, Norvegji a Gjermani. Por mbase ka besuar se Kryeministri i vendit t\u00eb tij nuk do t\u00eb dekretonte nj\u00eb koordinator p\u00ebr organizatat kriminale, e nuk do t\u00eb pinte prej tij ver\u00eb 33 mij\u00eb euro shishja.<\/p>\n<p>Dikush me t\u00eb drejt\u00eb mund t\u00eb kishte shpresuar se Edi Rama t\u00eb b\u00ebnte p\u00ebr qytetar\u00ebt t\u00eb pakt\u00ebn aq sa b\u00ebn qeveria e Malit t\u00eb Zi, e Maqedonis\u00eb, e Greqis\u00eb apo e Kosov\u00ebs, q\u00eb i gjenden n\u00eb krah njer\u00ebzve n\u00eb koh\u00eb t\u00eb v\u00ebshtira dhe marrin masa p\u00ebr uljen e \u00e7mimit t\u00eb karburanteve e produkteve baz\u00eb, apo q\u00eb rimbursojn\u00eb direkt t\u00eb prekurit nga shtrenjtimi i kostos s\u00eb jetes\u00ebs. Por ai as k\u00ebt\u00eb nuk e b\u00ebri kurr\u00eb.<\/p>\n<p>N\u00eb t\u00eb v\u00ebrtet\u00eb, Edi Rama n\u00eb k\u00ebto 13 vite ka krijuar vet\u00ebm nj\u00eb parajs\u00eb, p\u00ebr veten e tij e njer\u00ebzit e ngusht\u00eb q\u00eb e rrethojn\u00eb, me luks, me pasuri, me p\u00ebrfitime marramend\u00ebse. Ka b\u00ebr\u00eb pla\u00e7k\u00eb Shqip\u00ebrin\u00eb dhe e ka ndar\u00eb sipas interesave me miqt\u00eb e oligark\u00ebt e tij.<\/p>\n<p>Nd\u00ebrkoh\u00eb q\u00eb pjesa tjet\u00ebr e qytetar\u00ebve mezi mbyll muajin dhe mezi p\u00ebrballon jet\u00ebn me t\u00eb ardhurat m\u00eb t\u00eb ul\u00ebta n\u00eb Europ\u00eb e me \u00e7mimet m\u00eb t\u00eb larta.<\/p>\n<p>Retorikat si e sotmja, arroganc\u00eb si kjo, vet\u00ebm shtojn\u00eb pak\u00ebnaq\u00ebsin\u00eb, mllefin dhe revolt\u00ebn.<\/p>\n<p>Ka vet\u00ebm nj\u00eb rrug\u00eb p\u00ebr Edi Ram\u00ebn! T\u00eb largohet!<\/p>\n","protected":false},"excerpt":{"rendered":"<p>Nga Belind K\u00cbLLI\u00c7I Edi Rama sh\u00ebnoi sot nj\u00eb nga kulmet e arroganc\u00ebs ndaj publikut dhe ndaj qytetar\u00ebve, kur deklaroi se pak\u00ebnaq\u00ebsia ndaj qeverisjes s\u00eb tij qenka se ai nuk e paska b\u00ebr\u00eb Shqip\u00ebrin\u00eb, si Norvegjia, si Zvicra, si Gjermania\u2026 Askush nuk ka pritur ndonj\u00ebher\u00eb q\u00eb kjo t\u00eb ndodh\u00eb, aq m\u00eb shum\u00eb, askush nuk ka pritur &hellip;<\/p>\n","protected":false},"author":4,"featured_media":118436,"comment_status":"closed","ping_status":"closed","sticky":false,"template":"","format":"standard","meta":{"footnotes":""},"categories":[37],"tags":[],"class_list":["post-152648","post","type-post","status-publish","format-standard","has-post-thumbnail","","category-politike"],"_links":{"self":[{"href":"https:\/\/rdnews.al\/index.php\/wp-json\/wp\/v2\/posts\/152648","targetHints":{"allow":["GET"]}}],"collection":[{"href":"https:\/\/rdnews.al\/index.php\/wp-json\/wp\/v2\/posts"}],"about":[{"href":"https:\/\/rdnews.al\/index.php\/wp-json\/wp\/v2\/types\/post"}],"author":[{"embeddable":true,"href":"https:\/\/rdnews.al\/index.php\/wp-json\/wp\/v2\/users\/4"}],"replies":[{"embeddable":true,"href":"https:\/\/rdnews.al\/index.php\/wp-json\/wp\/v2\/comments?post=152648"}],"version-history":[{"count":2,"href":"https:\/\/rdnews.al\/index.php\/wp-json\/wp\/v2\/posts\/152648\/revisions"}],"predecessor-version":[{"id":152650,"href":"https:\/\/rdnews.al\/index.php\/wp-json\/wp\/v2\/posts\/152648\/revisions\/152650"}],"wp:featuredmedia":[{"embeddable":true,"href":"https:\/\/rdnews.al\/index.php\/wp-json\/wp\/v2\/media\/118436"}],"wp:attachment":[{"href":"https:\/\/rdnews.al\/index.php\/wp-json\/wp\/v2\/media?parent=152648"}],"wp:term":[{"taxonomy":"category","embeddable":true,"href":"https:\/\/rdnews.al\/index.php\/wp-json\/wp\/v2\/categories?post=152648"},{"taxonomy":"post_tag","embeddable":true,"href":"https:\/\/rdnews.al\/index.php\/wp-json\/wp\/v2\/tags?post=152648"}],"curies":[{"name":"wp","href":"https:\/\/api.w.org\/{rel}","templated":true}]}}