{"id":152651,"date":"2026-09-04T16:28:01","date_gmt":"2026-09-04T16:28:01","guid":{"rendered":"https:\/\/rdnews.al\/?p=152651"},"modified":"2026-09-04T16:28:01","modified_gmt":"2026-09-04T16:28:01","slug":"lirohen-14-protestuesit-e-arrestuar-priten-me-brohoritje-nga-qytetaret","status":"publish","type":"post","link":"https:\/\/rdnews.al\/index.php\/2026\/09\/04\/lirohen-14-protestuesit-e-arrestuar-priten-me-brohoritje-nga-qytetaret\/","title":{"rendered":"Lirohen 14 protestuesit e arrestuar, priten me brohoritje nga qytetar\u00ebt"},"content":{"rendered":"<p>Jan\u00eb l\u00ebn\u00eb t\u00eb lir\u00eb nga ambientet e Policis\u00eb 14 protestuesit e arrestuar gjat\u00eb tubimit t\u00eb 1 shtatorit p\u00ebrpara Kryeministris\u00eb, pasi Gjykata e Tiran\u00ebs k\u00ebt\u00eb t\u00eb premte, 4 shtator, e shpalli t\u00eb paligjsh\u00ebm arrestimin e tyre.<\/p>\n<p>Menj\u00ebher\u00eb pas p\u00ebrfundimit t\u00eb procedurave administrative, t\u00eb ndaluarit jan\u00eb liruar.<\/p>\n<p>Jasht\u00eb rrethimit t\u00eb rajoneve ishin grumbulluar dhjet\u00ebra qytetar\u00eb e mb\u00ebshtet\u00ebs, t\u00eb cil\u00ebt i prit\u00ebn t\u00eb liruarit me ovacione, thirrje e brohoritje.<\/p>\n<p>Vendimi p\u00ebr lirimin e tyre erdhi pasi toga e zez\u00eb rr\u00ebzoi pretendimet e Prokuroris\u00eb, e cila k\u00ebrkonte mas\u00ebn e siguris\u00eb \u201cdetyrim p\u00ebr paraqitje\u201d dhe ndalimin e hyrjes n\u00eb territoret e komisariateve 1, 2 dhe 3.<\/p>\n<p>Duke e cil\u00ebsuar procedur\u00ebn e shoq\u00ebrimit si t\u00eb paligjshme, gjykata urdh\u00ebroi daljen e menj\u00ebhershme nga qelia pa asnj\u00eb mas\u00eb shtr\u00ebnguese p\u00ebr t\u00eb gjith\u00eb t\u00eb arrestuarit.<\/p>\n","protected":false},"excerpt":{"rendered":"<p>Jan\u00eb l\u00ebn\u00eb t\u00eb lir\u00eb nga ambientet e Policis\u00eb 14 protestuesit e arrestuar gjat\u00eb tubimit t\u00eb 1 shtatorit p\u00ebrpara Kryeministris\u00eb, pasi Gjykata e Tiran\u00ebs k\u00ebt\u00eb t\u00eb premte, 4 shtator, e shpalli t\u00eb paligjsh\u00ebm arrestimin e tyre. Menj\u00ebher\u00eb pas p\u00ebrfundimit t\u00eb procedurave administrative, t\u00eb ndaluarit jan\u00eb liruar. Jasht\u00eb rrethimit t\u00eb rajoneve ishin grumbulluar dhjet\u00ebra qytetar\u00eb e mb\u00ebshtet\u00ebs, &hellip;<\/p>\n","protected":false},"author":4,"featured_media":152652,"comment_status":"closed","ping_status":"closed","sticky":false,"template":"","format":"standard","meta":{"footnotes":""},"categories":[37],"tags":[],"class_list":["post-152651","post","type-post","status-publish","format-standard","has-post-thumbnail","","category-politike"],"_links":{"self":[{"href":"https:\/\/rdnews.al\/index.php\/wp-json\/wp\/v2\/posts\/152651","targetHints":{"allow":["GET"]}}],"collection":[{"href":"https:\/\/rdnews.al\/index.php\/wp-json\/wp\/v2\/posts"}],"about":[{"href":"https:\/\/rdnews.al\/index.php\/wp-json\/wp\/v2\/types\/post"}],"author":[{"embeddable":true,"href":"https:\/\/rdnews.al\/index.php\/wp-json\/wp\/v2\/users\/4"}],"replies":[{"embeddable":true,"href":"https:\/\/rdnews.al\/index.php\/wp-json\/wp\/v2\/comments?post=152651"}],"version-history":[{"count":1,"href":"https:\/\/rdnews.al\/index.php\/wp-json\/wp\/v2\/posts\/152651\/revisions"}],"predecessor-version":[{"id":152653,"href":"https:\/\/rdnews.al\/index.php\/wp-json\/wp\/v2\/posts\/152651\/revisions\/152653"}],"wp:featuredmedia":[{"embeddable":true,"href":"https:\/\/rdnews.al\/index.php\/wp-json\/wp\/v2\/media\/152652"}],"wp:attachment":[{"href":"https:\/\/rdnews.al\/index.php\/wp-json\/wp\/v2\/media?parent=152651"}],"wp:term":[{"taxonomy":"category","embeddable":true,"href":"https:\/\/rdnews.al\/index.php\/wp-json\/wp\/v2\/categories?post=152651"},{"taxonomy":"post_tag","embeddable":true,"href":"https:\/\/rdnews.al\/index.php\/wp-json\/wp\/v2\/tags?post=152651"}],"curies":[{"name":"wp","href":"https:\/\/api.w.org\/{rel}","templated":true}]}}