{"id":152654,"date":"2026-09-04T16:35:19","date_gmt":"2026-09-04T16:35:19","guid":{"rendered":"https:\/\/rdnews.al\/?p=152654"},"modified":"2026-09-04T16:35:19","modified_gmt":"2026-09-04T16:35:19","slug":"gjykata-arrestimi-i-protestuseve-i-paligjshem","status":"publish","type":"post","link":"https:\/\/rdnews.al\/index.php\/2026\/09\/04\/gjykata-arrestimi-i-protestuseve-i-paligjshem\/","title":{"rendered":"Gjykata: Arrestimi i protestuseve i paligjsh\u00ebm!"},"content":{"rendered":"<p>Gjykata e Tiran\u00ebs ka liruar pas\u00a072 or\u00ebsh n\u00eb qeli 14 aktivist\u00ebt dhe qytetar\u00ebt\u00a0e arrestuar pas p\u00ebrplasjeve me policin\u00eb te Kryeministria n\u00eb protest\u00ebn e dat\u00ebs 1 shtator, ku protestuesit rrethuan godin\u00ebn.<\/p>\n<p>Ndaj protestuesve kishte dyshime p\u00ebr veprat \u201cOrganizimi dhe pjes\u00ebmarrja n\u00eb grumbullime e manifestime t\u00eb paligjshme\u201d, \u201cKund\u00ebrshtimi i punonj\u00ebsit t\u00eb policis\u00eb s\u00eb rendit publik\u201d, \u201cPrishja e qet\u00ebsis\u00eb publike\u201d dhe \u201cPengimi i qarkullimit t\u00eb mjeteve t\u00eb transportit\u201d.<\/p>\n<p>N\u00eb seanc\u00ebn e sotme, Gjykata e Tiran\u00ebs e cil\u00ebsoi t\u00eb paligjsh\u00ebm arrestimin n\u00eb flagranc\u00eb t\u00eb protestuesve dhe konsideroi t\u00eb ligjsh\u00ebm protest\u00ebn, duke urdh\u00ebruar lirimin e menj\u00ebhersh\u00ebm t\u00eb tyre.<\/p>\n<p>N\u00eb k\u00ebt\u00eb rast, k\u00ebrkesa e prokuroris\u00eb p\u00ebr mas\u00ebn \u201cdetyrim paraqitjeje\u201c ndaj 14 protestuesve, po ashtu edhe masa p\u00ebr mosmarrjen pjes\u00eb n\u00eb grumbullime apo tubime, duke u ndaluar atyre t\u00eb mos q\u00ebndrojn\u00eb n\u00eb territorin p\u00ebrpara Komisariateve 1, 2 dhe 3, u konsiderua e padrejt\u00eb dhe u rr\u00ebzua nga gjykata.<\/p>\n<p>Kujtojm\u00eb se protestuesit e\u00a0arrestuar ishin: Dritan Goxhaj, Junik Matoshi, Edison Lika, Erlind Almeta, Sokol Bushi, Lulzim Gjini, Valtion Shameti, Florian Manarkolli, Desiderjo Alimu\u00e7aj, Bora Mitrovica, Arvina Lleshi, Ylli Brahaj, Arben Kola dhe Aumiraldi Dalliu.<\/p>\n<p>Ata u arrestuan mbr\u00ebmjen e 1 shtatorit, pasi rrethuan godin\u00ebn e qeveris\u00eb sapo u m\u00ebsua se kryeministri ndodhej brenda.<\/p>\n<p>Pas disa or\u00ebsh rezistenc\u00eb nga ana e protestuesve, kryeministri e la zyr\u00ebn n\u00ebn masa t\u00eb rrepta sigurie.<\/p>\n","protected":false},"excerpt":{"rendered":"<p>Gjykata e Tiran\u00ebs ka liruar pas\u00a072 or\u00ebsh n\u00eb qeli 14 aktivist\u00ebt dhe qytetar\u00ebt\u00a0e arrestuar pas p\u00ebrplasjeve me policin\u00eb te Kryeministria n\u00eb protest\u00ebn e dat\u00ebs 1 shtator, ku protestuesit rrethuan godin\u00ebn. Ndaj protestuesve kishte dyshime p\u00ebr veprat \u201cOrganizimi dhe pjes\u00ebmarrja n\u00eb grumbullime e manifestime t\u00eb paligjshme\u201d, \u201cKund\u00ebrshtimi i punonj\u00ebsit t\u00eb policis\u00eb s\u00eb rendit publik\u201d, \u201cPrishja e &hellip;<\/p>\n","protected":false},"author":4,"featured_media":152655,"comment_status":"closed","ping_status":"closed","sticky":false,"template":"","format":"standard","meta":{"footnotes":""},"categories":[37],"tags":[],"class_list":["post-152654","post","type-post","status-publish","format-standard","has-post-thumbnail","","category-politike"],"_links":{"self":[{"href":"https:\/\/rdnews.al\/index.php\/wp-json\/wp\/v2\/posts\/152654","targetHints":{"allow":["GET"]}}],"collection":[{"href":"https:\/\/rdnews.al\/index.php\/wp-json\/wp\/v2\/posts"}],"about":[{"href":"https:\/\/rdnews.al\/index.php\/wp-json\/wp\/v2\/types\/post"}],"author":[{"embeddable":true,"href":"https:\/\/rdnews.al\/index.php\/wp-json\/wp\/v2\/users\/4"}],"replies":[{"embeddable":true,"href":"https:\/\/rdnews.al\/index.php\/wp-json\/wp\/v2\/comments?post=152654"}],"version-history":[{"count":1,"href":"https:\/\/rdnews.al\/index.php\/wp-json\/wp\/v2\/posts\/152654\/revisions"}],"predecessor-version":[{"id":152656,"href":"https:\/\/rdnews.al\/index.php\/wp-json\/wp\/v2\/posts\/152654\/revisions\/152656"}],"wp:featuredmedia":[{"embeddable":true,"href":"https:\/\/rdnews.al\/index.php\/wp-json\/wp\/v2\/media\/152655"}],"wp:attachment":[{"href":"https:\/\/rdnews.al\/index.php\/wp-json\/wp\/v2\/media?parent=152654"}],"wp:term":[{"taxonomy":"category","embeddable":true,"href":"https:\/\/rdnews.al\/index.php\/wp-json\/wp\/v2\/categories?post=152654"},{"taxonomy":"post_tag","embeddable":true,"href":"https:\/\/rdnews.al\/index.php\/wp-json\/wp\/v2\/tags?post=152654"}],"curies":[{"name":"wp","href":"https:\/\/api.w.org\/{rel}","templated":true}]}}