{"id":152657,"date":"2026-09-04T16:52:32","date_gmt":"2026-09-04T16:52:32","guid":{"rendered":"https:\/\/rdnews.al\/?p=152657"},"modified":"2026-09-04T16:52:32","modified_gmt":"2026-09-04T16:52:32","slug":"rendohet-situata-nga-zjarret-ne-fier-baci-banesat-ne-rrezik-autoritetet-fshihen-pas-propagandes","status":"publish","type":"post","link":"https:\/\/rdnews.al\/index.php\/2026\/09\/04\/rendohet-situata-nga-zjarret-ne-fier-baci-banesat-ne-rrezik-autoritetet-fshihen-pas-propagandes\/","title":{"rendered":"R\u00ebndohet situata nga zjarret n\u00eb Fier, Ba\u00e7i: Banesat n\u00eb rrezik, autoritetet fshihen pas propagand\u00ebs!"},"content":{"rendered":"<div id=\"rekl-49\">Deputeti i PD n\u00eb qarkun e Fierit, Luan Ba\u00e7i, ka reaguar p\u00ebr situat\u00ebn e krijuar nga zjarret n\u00eb zon\u00ebn e Radostin Faskos, Levanit dhe Qaf\u00ebs s\u00eb Koshovic\u00ebs, n\u00eb Peshtan t\u00eb Vog\u00ebl.<\/div>\n<div class=\"readmore-text-here\">\n<p>Ba\u00e7i shprehet se, pavar\u00ebsisht p\u00ebrkushtimit t\u00eb zjarrfik\u00ebsve dhe punonj\u00ebsve t\u00eb Policis\u00eb s\u00eb Shtetit, situata sa vjen dhe v\u00ebshtir\u00ebsohet.<\/p>\n<p>Sipas deputetit demokrat, informacionet e dh\u00ebna nga eksponent\u00eb t\u00eb Partis\u00eb Socialiste p\u00ebr nj\u00eb situat\u00eb n\u00ebn kontroll nuk p\u00ebrputhen me at\u00eb q\u00eb po ndodh n\u00eb terren.<\/p>\n<p>\u2018P\u00ebrtej informacioneve jo t\u00eb sakta t\u00eb eksponent\u00ebve t\u00eb PS, q\u00eb japin p\u00ebr t\u00eb qet\u00ebsuar situat\u00ebn dhe p\u00ebr t\u00eb treguar se po punohet dhe se situata \u00ebsht\u00eb n\u00ebn kontroll, krejt e kund\u00ebrta \u00ebsht\u00eb n\u00eb realitet\u2019, shkruan Ba\u00e7i.<\/p>\n<p><strong>Reagimi i deputetit Luan Ba\u00e7i<\/strong><\/p>\n<p>Pa mohuar aspak p\u00ebrkushtimin e zjarrfik\u00ebsve dhe punonj\u00ebsve t\u00eb Policis\u00eb s\u00eb Shtetit, por situata n\u00eb Fier, n\u00eb zon\u00ebn e Radostin Fasko, n\u00eb Levan dhe n\u00eb \u2018Qaf\u00ebn e Koshovic\u00ebs\u2019, n\u00eb Peshtan t\u00eb Vog\u00ebl n\u00eb Fier, sa vjen dhe v\u00ebshtir\u00ebsohet&#8230;<\/p>\n<p>P\u00ebrtej informacioneve jo t\u00eb sakta t\u00eb eksponent\u00ebve t\u00eb PS, q\u00eb japin p\u00ebr t\u00eb qet\u00ebsuar situat\u00ebn dhe p\u00ebr t\u00eb treguar se po punohet dhe se situata \u00ebsht\u00eb n\u00ebn kontroll, krejt e kund\u00ebrta \u00ebsht\u00eb n\u00eb realitet.<\/p>\n<p>Helikopteri \u00ebsht\u00eb me defekt dhe \u00ebsht\u00eb ulur, nj\u00eb tjet\u00ebr helikopter nuk po ia del dot t\u00eb stabilizoj\u00eb situat\u00ebn&#8230;<\/p>\n<p>Banesa t\u00eb zon\u00ebs po vihen n\u00eb rrezik serioz.<\/p>\n<p>Banor\u00ebt k\u00ebrkojn\u00eb ndihm\u00eb dhe kan\u00eb dal\u00eb n\u00eb rrug\u00eb t\u00eb frik\u00ebsuar.<\/p>\n<p>Peshtani i Vog\u00ebl u dogj para nj\u00eb muaji nj\u00eb pjes\u00eb e tij, tashm\u00eb po digjet i t\u00ebri&#8230;<\/p>\n<p>Autoritetet fshihen pas propagand\u00ebs.<\/p>\n<p>Ndiqni mallkimet e banor\u00ebve t\u00eb zon\u00ebs, p\u00ebr gjendjen e krijuar dhe mosofrimin e ndihm\u00ebs nga autoritetet&#8230;<\/p>\n<p>Tregohuni serioz\u00eb, vler\u00ebsoni situat\u00ebn dhe shp\u00ebtoni pronat dhe jet\u00ebn e banor\u00ebve&#8230;<\/p>\n<p><iframe loading=\"lazy\" src=\"https:\/\/www.facebook.com\/plugins\/video.php?height=318&amp;href=https%3A%2F%2Fwww.facebook.com%2Freel%2F4751960778423684%2F&amp;show_text=false&amp;width=560&amp;t=0\" width=\"560\" height=\"318\" frameborder=\"0\" scrolling=\"no\" allowfullscreen=\"allowfullscreen\" data-mce-fragment=\"1\"><\/iframe><\/p>\n<\/div>\n<div id=\"rekl-45\"><\/div>\n<div id=\"rekl-16\"><\/div>\n<div id=\"rekl-33\"><\/div>\n","protected":false},"excerpt":{"rendered":"<p>Deputeti i PD n\u00eb qarkun e Fierit, Luan Ba\u00e7i, ka reaguar p\u00ebr situat\u00ebn e krijuar nga zjarret n\u00eb zon\u00ebn e Radostin Faskos, Levanit dhe Qaf\u00ebs s\u00eb Koshovic\u00ebs, n\u00eb Peshtan t\u00eb Vog\u00ebl. Ba\u00e7i shprehet se, pavar\u00ebsisht p\u00ebrkushtimit t\u00eb zjarrfik\u00ebsve dhe punonj\u00ebsve t\u00eb Policis\u00eb s\u00eb Shtetit, situata sa vjen dhe v\u00ebshtir\u00ebsohet. Sipas deputetit demokrat, informacionet e dh\u00ebna &hellip;<\/p>\n","protected":false},"author":4,"featured_media":7416,"comment_status":"closed","ping_status":"closed","sticky":false,"template":"","format":"standard","meta":{"footnotes":""},"categories":[37],"tags":[],"class_list":["post-152657","post","type-post","status-publish","format-standard","has-post-thumbnail","","category-politike"],"_links":{"self":[{"href":"https:\/\/rdnews.al\/index.php\/wp-json\/wp\/v2\/posts\/152657","targetHints":{"allow":["GET"]}}],"collection":[{"href":"https:\/\/rdnews.al\/index.php\/wp-json\/wp\/v2\/posts"}],"about":[{"href":"https:\/\/rdnews.al\/index.php\/wp-json\/wp\/v2\/types\/post"}],"author":[{"embeddable":true,"href":"https:\/\/rdnews.al\/index.php\/wp-json\/wp\/v2\/users\/4"}],"replies":[{"embeddable":true,"href":"https:\/\/rdnews.al\/index.php\/wp-json\/wp\/v2\/comments?post=152657"}],"version-history":[{"count":1,"href":"https:\/\/rdnews.al\/index.php\/wp-json\/wp\/v2\/posts\/152657\/revisions"}],"predecessor-version":[{"id":152658,"href":"https:\/\/rdnews.al\/index.php\/wp-json\/wp\/v2\/posts\/152657\/revisions\/152658"}],"wp:featuredmedia":[{"embeddable":true,"href":"https:\/\/rdnews.al\/index.php\/wp-json\/wp\/v2\/media\/7416"}],"wp:attachment":[{"href":"https:\/\/rdnews.al\/index.php\/wp-json\/wp\/v2\/media?parent=152657"}],"wp:term":[{"taxonomy":"category","embeddable":true,"href":"https:\/\/rdnews.al\/index.php\/wp-json\/wp\/v2\/categories?post=152657"},{"taxonomy":"post_tag","embeddable":true,"href":"https:\/\/rdnews.al\/index.php\/wp-json\/wp\/v2\/tags?post=152657"}],"curies":[{"name":"wp","href":"https:\/\/api.w.org\/{rel}","templated":true}]}}