{"id":152659,"date":"2026-09-04T16:55:22","date_gmt":"2026-09-04T16:55:22","guid":{"rendered":"https:\/\/rdnews.al\/?p=152659"},"modified":"2026-09-04T16:55:22","modified_gmt":"2026-09-04T16:55:22","slug":"zjarri-del-jashte-kontrollit-ne-fier-digjen-tre-shtepi-dhe-nje-magazine","status":"publish","type":"post","link":"https:\/\/rdnews.al\/index.php\/2026\/09\/04\/zjarri-del-jashte-kontrollit-ne-fier-digjen-tre-shtepi-dhe-nje-magazine\/","title":{"rendered":"Zjarri del jasht\u00eb kontrollit n\u00eb Fier, digjen tre sht\u00ebpi dhe nj\u00eb magazin\u00eb"},"content":{"rendered":"<p>Zjarri i nisur mesdit\u00ebn e sotme n\u00eb fshatin Vadhiz\u00eb t\u00eb Fierit ka marr\u00eb p\u00ebrmasa t\u00eb m\u00ebdha vet\u00ebm pak or\u00eb pas shp\u00ebrthimit t\u00eb vatr\u00ebs s\u00eb par\u00eb.<\/p>\n<p>Flak\u00ebt q\u00eb nis\u00ebn n\u00eb fshatin Vadhiz\u00eb, ka avancuar drejt Levanit, dhe sipas banor\u00ebve jan\u00eb djegur tre sht\u00ebpi, nj\u00eb magazin\u00eb q\u00eb prodhon koshere blet\u00ebsh dhe i jan\u00eb afruar nj\u00eb biznesi.<\/p>\n<p>I favorizuar nga era e fort\u00eb dhe temperaturat e larta, zjarri \u00ebsht\u00eb p\u00ebrhapur me shpejt\u00ebsi, duke p\u00ebrshkuar sip\u00ebrfaqe t\u00eb m\u00ebdha me ullishte, pyje me pisha, shkurre dhe sht\u00ebpi.<\/p>\n<p>Nj\u00eb lokal dhe nj\u00eb sht\u00ebpi e pabanuar jan\u00eb djegur n\u00eb zon\u00ebn e Qaf\u00ebs s\u00eb Koshovic\u00ebs.<\/p>\n<p>Flak\u00ebt kaluan edhe rrug\u00ebn nacionale Fier\u2013Levan, duke detyruar policin\u00eb t\u00eb bllokoj\u00eb p\u00ebrkoh\u00ebsisht qarkullimin n\u00eb k\u00ebt\u00eb aks, p\u00ebr shkak t\u00eb rrezikut dhe tymit t\u00eb dendur.<\/p>\n<p>Zjarri ka vijuar t\u00eb p\u00ebrparoj\u00eb duke djegur pyllin e dendur dhe \u00ebsht\u00eb avancuar me shpejt\u00ebsi n\u00eb drejtim t\u00eb fshatit Peshtan i Vog\u00ebl.<\/p>\n<p>P\u00ebr shkak t\u00eb afrimit t\u00eb flak\u00ebve pran\u00eb zonave t\u00eb banuara, forca t\u00eb shumta policie kan\u00eb nisur evakuimin e banor\u00ebve. Rreth 15 familje jan\u00eb larguar nga banesat e tyre, nd\u00ebrsa efektiv\u00ebt vijojn\u00eb t\u00eb monitorojn\u00eb zonat ku zjarri paraqet rrezik p\u00ebr banesat.<\/p>\n","protected":false},"excerpt":{"rendered":"<p>Zjarri i nisur mesdit\u00ebn e sotme n\u00eb fshatin Vadhiz\u00eb t\u00eb Fierit ka marr\u00eb p\u00ebrmasa t\u00eb m\u00ebdha vet\u00ebm pak or\u00eb pas shp\u00ebrthimit t\u00eb vatr\u00ebs s\u00eb par\u00eb. Flak\u00ebt q\u00eb nis\u00ebn n\u00eb fshatin Vadhiz\u00eb, ka avancuar drejt Levanit, dhe sipas banor\u00ebve jan\u00eb djegur tre sht\u00ebpi, nj\u00eb magazin\u00eb q\u00eb prodhon koshere blet\u00ebsh dhe i jan\u00eb afruar nj\u00eb biznesi. I &hellip;<\/p>\n","protected":false},"author":4,"featured_media":152660,"comment_status":"closed","ping_status":"closed","sticky":false,"template":"","format":"standard","meta":{"footnotes":""},"categories":[37],"tags":[],"class_list":["post-152659","post","type-post","status-publish","format-standard","has-post-thumbnail","","category-politike"],"_links":{"self":[{"href":"https:\/\/rdnews.al\/index.php\/wp-json\/wp\/v2\/posts\/152659","targetHints":{"allow":["GET"]}}],"collection":[{"href":"https:\/\/rdnews.al\/index.php\/wp-json\/wp\/v2\/posts"}],"about":[{"href":"https:\/\/rdnews.al\/index.php\/wp-json\/wp\/v2\/types\/post"}],"author":[{"embeddable":true,"href":"https:\/\/rdnews.al\/index.php\/wp-json\/wp\/v2\/users\/4"}],"replies":[{"embeddable":true,"href":"https:\/\/rdnews.al\/index.php\/wp-json\/wp\/v2\/comments?post=152659"}],"version-history":[{"count":1,"href":"https:\/\/rdnews.al\/index.php\/wp-json\/wp\/v2\/posts\/152659\/revisions"}],"predecessor-version":[{"id":152661,"href":"https:\/\/rdnews.al\/index.php\/wp-json\/wp\/v2\/posts\/152659\/revisions\/152661"}],"wp:featuredmedia":[{"embeddable":true,"href":"https:\/\/rdnews.al\/index.php\/wp-json\/wp\/v2\/media\/152660"}],"wp:attachment":[{"href":"https:\/\/rdnews.al\/index.php\/wp-json\/wp\/v2\/media?parent=152659"}],"wp:term":[{"taxonomy":"category","embeddable":true,"href":"https:\/\/rdnews.al\/index.php\/wp-json\/wp\/v2\/categories?post=152659"},{"taxonomy":"post_tag","embeddable":true,"href":"https:\/\/rdnews.al\/index.php\/wp-json\/wp\/v2\/tags?post=152659"}],"curies":[{"name":"wp","href":"https:\/\/api.w.org\/{rel}","templated":true}]}}