{"id":152662,"date":"2026-09-04T16:59:08","date_gmt":"2026-09-04T16:59:08","guid":{"rendered":"https:\/\/rdnews.al\/?p=152662"},"modified":"2026-09-04T16:59:08","modified_gmt":"2026-09-04T16:59:08","slug":"largimi-i-ministres-alimehmeti-rama-pergatiti-krijimin-e-kayo-s-per-shendetesine-ajo-nuk-e-firmosi","status":"publish","type":"post","link":"https:\/\/rdnews.al\/index.php\/2026\/09\/04\/largimi-i-ministres-alimehmeti-rama-pergatiti-krijimin-e-kayo-s-per-shendetesine-ajo-nuk-e-firmosi\/","title":{"rendered":"Largimi i ministres, Alimehmeti: Rama p\u00ebrgatiti krijimin e KAYO-s p\u00ebr sh\u00ebndet\u00ebsin\u00eb, ajo nuk e firmosi"},"content":{"rendered":"<p>Ilir Alimehmeti, i ftuar n\u00eb studion e \u201cNews24\u201d, ka ngritur pik\u00ebpyetje t\u00eb forta mbi largimin e papritur t\u00eb ministres s\u00eb Sh\u00ebndet\u00ebsis\u00eb Evis Sala pas vet\u00ebm nj\u00eb viti n\u00eb detyr\u00eb, duke zbuluar prapaskenat e nj\u00eb projektligji q\u00eb sipas tij synon privatizimin e kontrollit mbi tregun farmaceutik dhe tenderat publik\u00eb t\u00eb sh\u00ebndet\u00ebsis\u00eb.<\/p>\n<p>Alimehmeti denoncoi ekzistenc\u00ebn e nj\u00eb drafti ligjor t\u00eb p\u00ebrgatitur nga ekzekutivi, i cili parashikon kalimin e t\u00eb gjith\u00eb tregut farmaceutik, tenderave dhe blerjeve publike n\u00eb duart e nj\u00eb shoq\u00ebrie me aksione (SHA), duke shmangur kontrollin institucional e parlamentar.<\/p>\n<p>\u201cKemi informacion p\u00ebr nj\u00eb projektligj ku gjith\u00eb tregun farmaceutik, tenderat etj., Rama do t\u2019ia jap\u00eb nj\u00eb shoq\u00ebrie, nj\u00eb lloj SHA. Praktikisht ky draft kap\u00ebrcen shtetin; \u00ebsht\u00eb si shoq\u00ebria \u2018KAYO\u2019 p\u00ebr armatimet, por kjo \u00ebsht\u00eb p\u00ebr sh\u00ebndet\u00ebsin\u00eb. Nuk do t\u00eb kontrollohet m\u00eb nga shteti. Shteti ka tre elemente ky\u00e7: sh\u00ebndet\u00ebsi, arsim dhe siguri. Na ka ngelur edhe nj\u00eb SHA p\u00ebr arsimin dhe shteti p\u00ebrfundon s\u00eb qeni shtet. Ky projekt \u00ebsht\u00eb anti-shtet dhe anti-sh\u00ebndet!\u201d\u00a0deklaroi Alimehmeti.<\/p>\n<p>Sipas Alimehmetit, largimi i ministres pas vet\u00ebm nj\u00eb viti, edhe pse n\u00eb mbledhjen e qeveris\u00eb n\u00eb Pogradec u deklarua se nuk do t\u00eb kishte ndryshime kabineti, lidhet drejtp\u00ebrdrejt me refuzimin e saj p\u00ebr t\u00eb vendosur firm\u00ebn mbi k\u00ebt\u00eb nism\u00eb ligjore.<\/p>\n<p>\u201cDiskutohet prej shum\u00eb jav\u00ebsh se ajo nuk ka qen\u00eb dakord dhe ka pasur kund\u00ebrshtime p\u00ebr k\u00ebt\u00eb ligj, ndaj si duket nuk pranoi ta firmoste. N\u00ebse \u00ebsht\u00eb k\u00ebshtu, zonj\u00ebs i shkojn\u00eb meritat p\u00ebr t\u00eb mos b\u00ebr\u00eb pis figur\u00ebn e saj, por ka nevoj\u00eb t\u00eb mbaj\u00eb p\u00ebrgjegj\u00ebsi e t\u00eb flas\u00eb publikisht. Ndaj k\u00ebto pozicione zakonisht i mbajn\u00eb persona politik\u00eb e jo figura t\u00eb panjohura,\u201d n\u00ebnvizoi ai.<\/p>\n<p>Ai p\u00ebrfundoi duke theksuar se v\u00ebmendja tashm\u00eb zhvendoset te ministrja e re e Sh\u00ebndet\u00ebsis\u00eb, Klodiana Spahiu, p\u00ebr t\u00eb par\u00eb n\u00ebse ky projektligj do t\u00eb shtyhet p\u00ebrpara apo do t\u00eb ndalet, nd\u00ebrsa k\u00ebrkoi transparenc\u00eb se kush do t\u00eb advokoj\u00eb p\u00ebr interesat e qytetar\u00ebve p\u00ebrball\u00eb nj\u00eb strukture pa kontroll shtet\u00ebror.<\/p>\n","protected":false},"excerpt":{"rendered":"<p>Ilir Alimehmeti, i ftuar n\u00eb studion e \u201cNews24\u201d, ka ngritur pik\u00ebpyetje t\u00eb forta mbi largimin e papritur t\u00eb ministres s\u00eb Sh\u00ebndet\u00ebsis\u00eb Evis Sala pas vet\u00ebm nj\u00eb viti n\u00eb detyr\u00eb, duke zbuluar prapaskenat e nj\u00eb projektligji q\u00eb sipas tij synon privatizimin e kontrollit mbi tregun farmaceutik dhe tenderat publik\u00eb t\u00eb sh\u00ebndet\u00ebsis\u00eb. Alimehmeti denoncoi ekzistenc\u00ebn e nj\u00eb &hellip;<\/p>\n","protected":false},"author":4,"featured_media":152663,"comment_status":"closed","ping_status":"closed","sticky":false,"template":"","format":"standard","meta":{"footnotes":""},"categories":[37],"tags":[],"class_list":["post-152662","post","type-post","status-publish","format-standard","has-post-thumbnail","","category-politike"],"_links":{"self":[{"href":"https:\/\/rdnews.al\/index.php\/wp-json\/wp\/v2\/posts\/152662","targetHints":{"allow":["GET"]}}],"collection":[{"href":"https:\/\/rdnews.al\/index.php\/wp-json\/wp\/v2\/posts"}],"about":[{"href":"https:\/\/rdnews.al\/index.php\/wp-json\/wp\/v2\/types\/post"}],"author":[{"embeddable":true,"href":"https:\/\/rdnews.al\/index.php\/wp-json\/wp\/v2\/users\/4"}],"replies":[{"embeddable":true,"href":"https:\/\/rdnews.al\/index.php\/wp-json\/wp\/v2\/comments?post=152662"}],"version-history":[{"count":1,"href":"https:\/\/rdnews.al\/index.php\/wp-json\/wp\/v2\/posts\/152662\/revisions"}],"predecessor-version":[{"id":152664,"href":"https:\/\/rdnews.al\/index.php\/wp-json\/wp\/v2\/posts\/152662\/revisions\/152664"}],"wp:featuredmedia":[{"embeddable":true,"href":"https:\/\/rdnews.al\/index.php\/wp-json\/wp\/v2\/media\/152663"}],"wp:attachment":[{"href":"https:\/\/rdnews.al\/index.php\/wp-json\/wp\/v2\/media?parent=152662"}],"wp:term":[{"taxonomy":"category","embeddable":true,"href":"https:\/\/rdnews.al\/index.php\/wp-json\/wp\/v2\/categories?post=152662"},{"taxonomy":"post_tag","embeddable":true,"href":"https:\/\/rdnews.al\/index.php\/wp-json\/wp\/v2\/tags?post=152662"}],"curies":[{"name":"wp","href":"https:\/\/api.w.org\/{rel}","templated":true}]}}