{"id":152665,"date":"2026-09-04T17:01:47","date_gmt":"2026-09-04T17:01:47","guid":{"rendered":"https:\/\/rdnews.al\/?p=152665"},"modified":"2026-09-04T17:01:47","modified_gmt":"2026-09-04T17:01:47","slug":"el-mundo-revolucioni-i-flamingove-protesta-qe-po-trondit-vjeshten-politike-ne-shqiperi","status":"publish","type":"post","link":"https:\/\/rdnews.al\/index.php\/2026\/09\/04\/el-mundo-revolucioni-i-flamingove-protesta-qe-po-trondit-vjeshten-politike-ne-shqiperi\/","title":{"rendered":"&#8220;El Mundo&#8221;: Revolucioni i flamingove, protesta q\u00eb po trondit vjesht\u00ebn politike n\u00eb Shqip\u00ebri"},"content":{"rendered":"<p><strong>Virginia Hernandez \u2013\u00a0<a href=\"https:\/\/www.mundoamerica.com\/news\/2026\/09\/04\/6a9a85eee85ecee7678b45a1.html?utm_source=chatgpt.com\" target=\"_blank\" rel=\"noopener\">El Mundo<\/a><\/strong><\/p>\n<div class=\"jeg_ad jeg_ad_article jnews_content_inline_ads  \">\n<div class=\"ads-wrapper align-center \">\n<div class=\"ads_code\">Pa dashur t\u00eb prishim humorin e atyre q\u00eb sapo kan\u00eb nisur pushimet, \u00ebsht\u00eb koha p\u00ebr nj\u00eb bilanc: kush kan\u00eb qen\u00eb \u201cmbret\u00ebrit\u201d e k\u00ebsaj vere, t\u00eb cil\u00ebn vjeshta e af\u00ebrt tashm\u00eb po e k\u00ebrc\u00ebnon me r\u00ebnien e temperaturave?<\/div>\n<\/div>\n<\/div>\n<p class=\"isSelectedEnd\">Duke dal\u00eb nga kategorit\u00eb e zakonshme, nuk do t\u00eb ndalemi te Shakira dhe \u201cDai-Dai\u201d, himni i Bot\u00ebrorit t\u00eb fituar nga Spanja, apo te \u201cSuperstar\u201d i Aitana-s. Sepse sensacioni i k\u00ebsaj vere n\u00eb Shqip\u00ebrin\u00eb turistike ka qen\u00eb flamingoja.<\/p>\n<p class=\"isSelectedEnd\">Shpendi karakteristik me pend\u00ebt roz\u00eb \u00ebsht\u00eb kthyer n\u00eb simbolin e nj\u00eb l\u00ebvizjeje proteste q\u00eb prej tre muajsh ka dal\u00eb n\u00eb rrug\u00ebt e Shqip\u00ebris\u00eb. Protestat kund\u00ebr projekteve t\u00eb nd\u00ebrtimit t\u00eb Jared Kushner, dh\u00ebndrit t\u00eb presidentit amerikan Donald Trump, kan\u00eb sh\u00ebnuar tashm\u00eb mbi 90 dit\u00eb radhazi, ndon\u00ebse gjat\u00eb periudh\u00ebs s\u00eb pushimeve verore pjes\u00ebmarrja ka p\u00ebsuar r\u00ebnie.<\/p>\n<p class=\"isSelectedEnd\">Megjithat\u00eb, as vera dhe as presionet e qeveris\u00eb s\u00eb drejtuar nga Edi Rama nuk kan\u00eb arritur t\u2019i ndalin protestuesit.<\/p>\n<div class=\"jnews_inline_related_post_wrapper left\">\n<div class=\"jnews_inline_related_post\">\n<div class=\"jeg_postblock_29 jeg_postblock jeg_module_hook jeg_pagination_disable jeg_col_2o3 jnews_module_1731111_0_6a9af8ee4bc46   \" data-unique=\"jnews_module_1731111_0_6a9af8ee4bc46\">\n<div class=\"jeg_block_heading jeg_block_heading_6 jeg_subcat_right\"><\/div>\n<\/div>\n<\/div>\n<\/div>\n<div class=\"jeg_ad jeg_ad_article jnews_content_inline_2_ads  \">\n<div class=\"ads-wrapper align-center \">\n<div class=\"ads_code\"><em>\u201cPjes\u00ebmarrja ka r\u00ebn\u00eb, por \u00ebsht\u00eb e mundur q\u00eb protestat t\u00eb marrin s\u00ebrish vrull me p\u00ebrfundimin e pushimeve verore dhe rifillimin e aktivitetit institucional\u201d,<\/em>\u00a0shprehet gazetarja Zana Cimili, e cila po ndjek k\u00ebt\u00eb l\u00ebvizje p\u00ebr agjencin\u00eb Associated Press.<\/div>\n<\/div>\n<\/div>\n<p class=\"isSelectedEnd\"><strong>Projektet e Kushner n\u00eb Zv\u00ebrnec dhe Sazan<\/strong><\/p>\n<p class=\"isSelectedEnd\">Jared Kushner, p\u00ebrmes kompanis\u00eb Infinity Partners dhe partner\u00ebve t\u00eb saj, synon t\u00eb zhvilloj\u00eb komplekse t\u00eb m\u00ebdha turistike n\u00eb disa prej zonave m\u00eb t\u00eb ndjeshme ekologjikisht n\u00eb bregdetin shqiptar.<\/p>\n<p class=\"isSelectedEnd\">Projektet p\u00ebrqendrohen kryesisht n\u00eb zon\u00ebn e Nart\u00eb-Zv\u00ebrnecit, nj\u00eb nga habitatet ku kalojn\u00eb flamingot, si dhe n\u00eb ishullin e Sazanit.<\/p>\n<p class=\"isSelectedEnd\">Ky i fundit, nj\u00eb ish-enklav\u00eb e Luft\u00ebs s\u00eb Ftoht\u00eb, \u00ebsht\u00eb prej vitesh pjes\u00eb e turizmit shqiptar. Megjithat\u00eb, Ivanka Trump deklaroi m\u00eb her\u00ebt se e kishte \u201czbuluar\u201d ishullin gjat\u00eb nj\u00eb vizite me bashk\u00ebshortin e saj.<\/p>\n<p class=\"isSelectedEnd\">N\u00eb nj\u00eb podcast q\u00eb shkaktoi debat, vajza e madhe e presidentit amerikan u shpreh se zona \u00ebsht\u00eb \u201cjasht\u00ebzakonisht e paprekur dhe unike\u201d dhe se projekti synon t\u00eb nd\u00ebrtohet duke respektuar topografin\u00eb dhe bim\u00ebsin\u00eb vendase.<\/p>\n<p class=\"isSelectedEnd\">Ajo tha se po punohej me arkitekt\u00eb t\u00eb njohur nd\u00ebrkomb\u00ebtar\u00eb p\u00ebr t\u00eb ruajtur karakterin e eg\u00ebr t\u00eb ishullit, nd\u00ebrsa vilat do t\u00eb integroheshin n\u00eb shk\u00ebmbinj.<\/p>\n<p class=\"isSelectedEnd\">Ajo q\u00eb nisi si nj\u00eb protest\u00eb mjedisore \u00ebsht\u00eb shnd\u00ebrruar gradualisht n\u00eb nj\u00eb l\u00ebvizje m\u00eb t\u00eb gjer\u00eb sociale dhe politike n\u00eb Tiran\u00eb, ku protestuesit kan\u00eb k\u00ebrkuar edhe dor\u00ebheqjen e kryeministrit Edi Rama, i cili ndodhet n\u00eb pushtet prej 13 vitesh.<\/p>\n<p class=\"isSelectedEnd\">\u201cNuk ka pasur shenja se qeveria ka ndryshuar q\u00ebndrim. Kryeministri Rama vijon t\u00eb mbroj\u00eb projektin, duke e cil\u00ebsuar at\u00eb si investimin m\u00eb t\u00eb madh t\u00eb huaj n\u00eb vend dhe duke argumentuar se do t\u00eb nxis\u00eb turizmin dhe ekonomin\u00eb shqiptare\u201d, shprehet Zana Cimili.<\/p>\n<p class=\"isSelectedEnd\"><strong>\u201cQeveria po pret q\u00eb l\u00ebvizja t\u00eb lodhet\u201d<\/strong><\/p>\n<p class=\"isSelectedEnd\">Gazetari, analisti dhe moderatori televiziv Lufti Dervishi vler\u00ebson se qeveria duket se po ndjek nj\u00eb strategji t\u00eb konsumimit t\u00eb protest\u00ebs.<\/p>\n<p class=\"isSelectedEnd\">\u201cQeveria duket se po baston kryesisht te lodhja e tyre, duke shmangur p\u00ebrballjen e drejtp\u00ebrdrejt\u00eb me k\u00ebrkesat kryesore politike t\u00eb protestuesve, duke mbrojtur projektet si investime legjitime dhe duke besuar se nj\u00eb l\u00ebvizje pa nj\u00eb udh\u00ebheqje t\u00eb qart\u00eb do t\u00eb humbas\u00eb gradualisht forc\u00ebn\u201d, shprehet ai.<\/p>\n<p class=\"isSelectedEnd\">Megjithat\u00eb, sipas Dervishit, vet\u00eb fakti q\u00eb protestat kan\u00eb vijuar p\u00ebr kaq gjat\u00eb \u00ebsht\u00eb dometh\u00ebn\u00ebs.<\/p>\n<p class=\"isSelectedEnd\">Nj\u00eb nga z\u00ebrat q\u00eb ka ndjekur vazhdimisht protestat \u00ebsht\u00eb edhe ekonomisti amerikan Steve H. Hanke, profesor i Ekonomis\u00eb s\u00eb Aplikuar n\u00eb Universitetin Johns Hopkins dhe ish-k\u00ebshilltar i qeveris\u00eb shqiptare pas r\u00ebnies s\u00eb komunizmit n\u00eb vitin 1991.<\/p>\n<p class=\"isSelectedEnd\">N\u00eb shum\u00eb prej postimeve t\u00eb tij n\u00eb rrjetet sociale, Hanke publikon nj\u00eb num\u00ebrues t\u00eb dit\u00ebve t\u00eb protest\u00ebs, duke e cil\u00ebsuar at\u00eb \u201cRevolucioni i Flamingove\u201d dhe duke kritikuar qeverin\u00eb e Edi Ram\u00ebs, si dhe projektet turistike t\u00eb Kushner.<img loading=\"lazy\" decoding=\"async\" src=\"https:\/\/ads.adsense.al\/www\/delivery\/lg.php?bannerid=0&amp;campaignid=0&amp;zoneid=138&amp;loc=https%3A%2F%2Fboldnews.al%2F2026%2F09%2F04%2Frevolucioni-i-flamingove-protesta-qe-po-trondit-vjeshten-politike-ne-shqiperi%2F&amp;referer=https%3A%2F%2Fboldnews.al%2Fcategory%2Faktualitet%2Fpage%2F2%2F&amp;cb=fad9413e8d\" alt=\"\" width=\"0\" height=\"0\" \/><\/p>\n<p class=\"isSelectedEnd\"><strong>Protestat zhvendosen edhe n\u00eb internet<\/strong><\/p>\n<p class=\"isSelectedEnd\">Nd\u00ebrkoh\u00eb, Citizens Channel, nj\u00eb media digjitale e gazetaris\u00eb qytetare, transmeton \u00e7do mbr\u00ebmje protestat n\u00eb kanalin e saj n\u00eb YouTube.<\/p>\n<p class=\"isSelectedEnd\">Lorin Kadiu, i cili ndjek protestat, i cil\u00ebson ato si \u201cdemonstrata m\u00eb e gjat\u00eb dhe m\u00eb intensive q\u00eb nga ndryshimi i regjimit n\u00eb vitin 1991\u201d.<\/p>\n<p class=\"isSelectedEnd\">Sipas tij, p\u00ebrplasjet me policin\u00eb dhe ndalimet u reduktuan gjat\u00eb muajit gusht, kur edhe aktiviteti parlamentar u nd\u00ebrpre.<\/p>\n<p class=\"isSelectedEnd\">\u201cAtmosfera \u00ebsht\u00eb kryesisht paq\u00ebsore p\u00ebr sa i p\u00ebrket presionit t\u00eb drejtp\u00ebrdrejt\u00eb nga policia apo institucionet. Por, nj\u00ebkoh\u00ebsisht, po zhvillohet nj\u00eb tjet\u00ebr protest\u00eb n\u00eb internet, ku aktivist\u00ebt dhe grupet denoncojn\u00eb sulme t\u00eb vazhdueshme kibernetike dhe heqjen e detyruar t\u00eb p\u00ebrmbajtjeve kritike ndaj qeveris\u00eb dhe n\u00eb mb\u00ebshtetje t\u00eb Revolucionit t\u00eb Flamingove\u201d, shprehet ai.<\/p>\n<p class=\"isSelectedEnd\">Edhe Kadiu pret q\u00eb pjes\u00ebmarrja t\u00eb rritet gjat\u00eb muajit shtator, me rikthimin e qytetar\u00ebve nga pushimet.<\/p>\n<p class=\"isSelectedEnd\">\u201cKa veprime t\u00eb p\u00ebrditshme n\u00eb rrug\u00eb, p\u00ebrfshir\u00eb shkrimin e mesazheve me germa gjigante n\u00eb bulevard dhe marshimet q\u00eb zhvillohen \u00e7do mbr\u00ebmje n\u00eb rrug\u00ebt e Tiran\u00ebs\u201d, shton ai.<\/p>\n<p class=\"isSelectedEnd\"><strong>Hetimet e SPAK dhe rruga ligjore<\/strong><\/p>\n<p class=\"isSelectedEnd\">Sipas Lufti Dervishit, presioni ndaj projekteve mund t\u00eb zhvendoset gradualisht nga rruga drejt rrug\u00ebve ligjore dhe institucionale.<\/p>\n<p class=\"isSelectedEnd\">\u201cTashm\u00eb ka hetime nga SPAK lidhur me p\u00ebrfitimin e tokave t\u00eb lidhura me zhvillimet n\u00eb Zv\u00ebrnec, nd\u00ebrsa Parlamenti Europian ka b\u00ebr\u00eb thirrje p\u00ebr nj\u00eb moratorium mbi lejet e reja dhe nd\u00ebrhyrjet urbanistike n\u00eb zonat e mbrojtura, deri n\u00eb p\u00ebrafrimin e legjislacionit shqiptar me standardet e Bashkimit Europian\u201d, shprehet ai.<\/p>\n<p class=\"isSelectedEnd\">Dervishi thekson se rasti i Sazanit \u00ebsht\u00eb ndryshe, pasi aty nuk ka \u00e7\u00ebshtje q\u00eb lidhen me pron\u00ebsin\u00eb e tok\u00ebs.<\/p>\n<p>\u201c\u00c7do rrug\u00eb e mundshme ligjore do t\u00eb fokusohej m\u00eb shum\u00eb te procedurat mjedisore, lejet dhe respektimi i rregullave mjedisore, si nga Shqip\u00ebria ashtu edhe nga Bashkimi Europian. Pyetja kryesore \u00ebsht\u00eb n\u00ebse kontrolli ligjor dhe institucional mund t\u00eb ndryshoj\u00eb realisht projekte q\u00eb tashm\u00eb kan\u00eb mb\u00ebshtetje t\u00eb fort\u00eb politike dhe ekonomike\u201d, p\u00ebrfundon ai.<\/p>\n","protected":false},"excerpt":{"rendered":"<p>Virginia Hernandez \u2013\u00a0El Mundo Pa dashur t\u00eb prishim humorin e atyre q\u00eb sapo kan\u00eb nisur pushimet, \u00ebsht\u00eb koha p\u00ebr nj\u00eb bilanc: kush kan\u00eb qen\u00eb \u201cmbret\u00ebrit\u201d e k\u00ebsaj vere, t\u00eb cil\u00ebn vjeshta e af\u00ebrt tashm\u00eb po e k\u00ebrc\u00ebnon me r\u00ebnien e temperaturave? Duke dal\u00eb nga kategorit\u00eb e zakonshme, nuk do t\u00eb ndalemi te Shakira dhe \u201cDai-Dai\u201d, &hellip;<\/p>\n","protected":false},"author":4,"featured_media":152666,"comment_status":"closed","ping_status":"closed","sticky":false,"template":"","format":"standard","meta":{"footnotes":""},"categories":[37],"tags":[],"class_list":["post-152665","post","type-post","status-publish","format-standard","has-post-thumbnail","","category-politike"],"_links":{"self":[{"href":"https:\/\/rdnews.al\/index.php\/wp-json\/wp\/v2\/posts\/152665","targetHints":{"allow":["GET"]}}],"collection":[{"href":"https:\/\/rdnews.al\/index.php\/wp-json\/wp\/v2\/posts"}],"about":[{"href":"https:\/\/rdnews.al\/index.php\/wp-json\/wp\/v2\/types\/post"}],"author":[{"embeddable":true,"href":"https:\/\/rdnews.al\/index.php\/wp-json\/wp\/v2\/users\/4"}],"replies":[{"embeddable":true,"href":"https:\/\/rdnews.al\/index.php\/wp-json\/wp\/v2\/comments?post=152665"}],"version-history":[{"count":1,"href":"https:\/\/rdnews.al\/index.php\/wp-json\/wp\/v2\/posts\/152665\/revisions"}],"predecessor-version":[{"id":152667,"href":"https:\/\/rdnews.al\/index.php\/wp-json\/wp\/v2\/posts\/152665\/revisions\/152667"}],"wp:featuredmedia":[{"embeddable":true,"href":"https:\/\/rdnews.al\/index.php\/wp-json\/wp\/v2\/media\/152666"}],"wp:attachment":[{"href":"https:\/\/rdnews.al\/index.php\/wp-json\/wp\/v2\/media?parent=152665"}],"wp:term":[{"taxonomy":"category","embeddable":true,"href":"https:\/\/rdnews.al\/index.php\/wp-json\/wp\/v2\/categories?post=152665"},{"taxonomy":"post_tag","embeddable":true,"href":"https:\/\/rdnews.al\/index.php\/wp-json\/wp\/v2\/tags?post=152665"}],"curies":[{"name":"wp","href":"https:\/\/api.w.org\/{rel}","templated":true}]}}