{"id":152668,"date":"2026-09-04T18:08:15","date_gmt":"2026-09-04T18:08:15","guid":{"rendered":"https:\/\/rdnews.al\/?p=152668"},"modified":"2026-09-04T18:08:15","modified_gmt":"2026-09-04T18:08:15","slug":"gjoba-e-edi-rames-per-shqiptaret","status":"publish","type":"post","link":"https:\/\/rdnews.al\/index.php\/2026\/09\/04\/gjoba-e-edi-rames-per-shqiptaret\/","title":{"rendered":"Gjoba e Edi Ram\u00ebs p\u00ebr shqiptar\u00ebt!"},"content":{"rendered":"<p><strong>Nga Gazment BARDHI<\/strong><\/p>\n<p>Vendimi i Kryeministrit p\u00ebr t\u00eb shpron\u00ebsuar dy investitor\u00ebt q\u00eb u p\u00ebrplas\u00ebn me arm\u00eb n\u00eb Orikum nuk i nd\u00ebshkon dy individ\u00ebt e dhunsh\u00ebm se i prish\u00ebn imazhin turistik Shqip\u00ebris\u00eb. P\u00ebrkundrazi, siguron q\u00eb skandali, i cili e ka burimin tek vendimmarrja dhe firma e vet\u00eb Edi Ram\u00ebs, t\u00eb mbyllet me shpejt\u00ebsi dhe, nj\u00ebkoh\u00ebsisht, u garanton dy biznesmen\u00ebve kompensim prej miliona eurosh.<\/p>\n<p>Edi Rama p\u00ebrpiqet ta paraqes\u00eb si nj\u00eb histori banale, por n\u00eb themel t\u00eb saj q\u00ebndron konflikti i pron\u00ebsis\u00eb dhe mbivendosja e pronave p\u00ebr dy projekte ku firm\u00ebn e ka vendosur vet\u00eb Edi Rama.<\/p>\n<p>Nj\u00ebrin prej biznesmen\u00ebve Edi Rama e ka shpallur investitor strategjik, i ka v\u00ebn\u00eb n\u00eb dispozicion mbi 200 mij\u00eb m\u00b2 tok\u00eb publike p\u00ebr t\u00eb nd\u00ebrtuar dhe i ka dh\u00ebn\u00eb bregdetin n\u00eb p\u00ebrdorim p\u00ebr 99 vjet. Tjetrit i ka dh\u00ebn\u00eb leje p\u00ebr nj\u00eb projekt t\u00eb ngjash\u00ebm. Pyetja \u00ebsht\u00eb: si jepen me firm\u00ebn e Edi Ram\u00ebs t\u00eb drejta zhvillimi mbi prona q\u00eb rezultojn\u00eb t\u00eb mbivendosura? Pse at\u00eb q\u00eb Edi Rama na thot\u00eb se e zbuloi tani, pasi u nxor\u00ebn arm\u00ebt, nuk e zbuloi kur ai firmoste statusin e investitorit strategjik dhe vinte n\u00eb dispozicion pasuri t\u00eb \u00e7muara publike?<\/p>\n<p>K\u00ebt\u00eb model q\u00eb vjen er\u00eb korrupsion, Partia Demokratike e ka kund\u00ebrshtuar prej disa vitesh. Bashk\u00eb me qytetar\u00ebt n\u00eb protest\u00eb dhe dhe n\u00eb p\u00ebrputhje me k\u00ebrkesat e Bashkimit Europian, kemi k\u00ebrkuar zyrtarisht q\u00eb ligji p\u00ebr investimet strategjike t\u00eb shfuqizohet.<\/p>\n<p>N\u00eb vend q\u00eb t\u2019i heq\u00eb statusin e investitorit strategjik, t\u00eb shfuqizoj\u00eb ligjin e tij korruptiv, t\u00eb anulloj\u00eb lejet mbi pron\u00ebn n\u00eb konflikt dhe t\u2019i \u00e7oj\u00eb p\u00ebr ndjekje penale ata q\u00eb mund t\u00eb ken\u00eb fallsifikuar dokumentet e pron\u00ebsis\u00eb, Edi Rama zgjedh t\u2019u vendos\u00eb nj\u00eb gjob\u00eb shum\u00ebmilion\u00ebshe shqiptar\u00ebve p\u00ebr t\u00eb d\u00ebmshp\u00ebrblyer biznesmen\u00ebt problematik\u00eb q\u00eb u fuqizuan gjat\u00eb pushtetit t\u00eb tij.<\/p>\n<p>Sepse shpron\u00ebsim do t\u00eb thot\u00eb kompensim me para publike. Biznesmen\u00ebt n\u00eb konflikt do t\u00eb paguhen me parat\u00eb e mbledhura nga taksat e shqiptar\u00ebve. Sipas vendimit t\u00eb Edi Ram\u00ebs, ne t\u00eb gjith\u00eb do t\u00eb paguajm\u00eb miliona euro p\u00ebr t\u00eb mbyllur nj\u00eb konflikt q\u00eb ai dhe institucionet e drejtuara prej tij kishin detyrimin ta parandalonin p\u00ebrpara se t\u00eb firmoseshin statusi i investitorit strategjik dhe lejet e nd\u00ebrtimit.<\/p>\n<p>Interesi i v\u00ebrtet\u00eb publik, jo ai i \u2018lulishtes me ullinj\u2019, k\u00ebrkon q\u00eb institucionet e drejt\u00ebsis\u00eb t\u00eb veprojn\u00eb p\u00ebr t\u00eb nxjerr\u00eb p\u00ebrgjegj\u00ebsin\u00eb penale p\u00ebr k\u00ebt\u00eb skandal. \u00cbsht\u00eb shum\u00eb e qart\u00eb se, minimalisht, Edi Rama p\u00ebrmbush element\u00ebt e shp\u00ebrdorimit t\u00eb detyr\u00ebs dhe hetimi duhet t\u00eb nis\u00eb prej firm\u00ebs s\u00eb tij p\u00ebr investitorin strategjik deri tek qendrimi i sot\u00ebm i pajistifikuar p\u00ebr shpron\u00ebsim.<\/p>\n<p>Mir\u00eb \u00ebsht\u00eb q\u00eb SPAK t\u00eb mos hesht\u00eb. Ky nuk \u00ebsht\u00eb as nj\u00eb sherr banal, as nj\u00eb \u00e7\u00ebshtje etike qytetare apo imazhi t\u00eb turizmit. Duhet hetuar n\u00ebse Kryeministri po p\u00ebrpiqet t\u00eb mbyll\u00eb me sa m\u00eb pak zhurm\u00eb dhe me shum\u00eb milion\u00eb euro t\u00eb shqiptar\u00ebve nj\u00eb problem t\u00eb krijuar me firm\u00ebn dhe vullnetin e tij.<\/p>\n","protected":false},"excerpt":{"rendered":"<p>Nga Gazment BARDHI Vendimi i Kryeministrit p\u00ebr t\u00eb shpron\u00ebsuar dy investitor\u00ebt q\u00eb u p\u00ebrplas\u00ebn me arm\u00eb n\u00eb Orikum nuk i nd\u00ebshkon dy individ\u00ebt e dhunsh\u00ebm se i prish\u00ebn imazhin turistik Shqip\u00ebris\u00eb. P\u00ebrkundrazi, siguron q\u00eb skandali, i cili e ka burimin tek vendimmarrja dhe firma e vet\u00eb Edi Ram\u00ebs, t\u00eb mbyllet me shpejt\u00ebsi dhe, nj\u00ebkoh\u00ebsisht, u &hellip;<\/p>\n","protected":false},"author":4,"featured_media":152669,"comment_status":"closed","ping_status":"closed","sticky":false,"template":"","format":"standard","meta":{"footnotes":""},"categories":[37],"tags":[],"class_list":["post-152668","post","type-post","status-publish","format-standard","has-post-thumbnail","","category-politike"],"_links":{"self":[{"href":"https:\/\/rdnews.al\/index.php\/wp-json\/wp\/v2\/posts\/152668","targetHints":{"allow":["GET"]}}],"collection":[{"href":"https:\/\/rdnews.al\/index.php\/wp-json\/wp\/v2\/posts"}],"about":[{"href":"https:\/\/rdnews.al\/index.php\/wp-json\/wp\/v2\/types\/post"}],"author":[{"embeddable":true,"href":"https:\/\/rdnews.al\/index.php\/wp-json\/wp\/v2\/users\/4"}],"replies":[{"embeddable":true,"href":"https:\/\/rdnews.al\/index.php\/wp-json\/wp\/v2\/comments?post=152668"}],"version-history":[{"count":1,"href":"https:\/\/rdnews.al\/index.php\/wp-json\/wp\/v2\/posts\/152668\/revisions"}],"predecessor-version":[{"id":152670,"href":"https:\/\/rdnews.al\/index.php\/wp-json\/wp\/v2\/posts\/152668\/revisions\/152670"}],"wp:featuredmedia":[{"embeddable":true,"href":"https:\/\/rdnews.al\/index.php\/wp-json\/wp\/v2\/media\/152669"}],"wp:attachment":[{"href":"https:\/\/rdnews.al\/index.php\/wp-json\/wp\/v2\/media?parent=152668"}],"wp:term":[{"taxonomy":"category","embeddable":true,"href":"https:\/\/rdnews.al\/index.php\/wp-json\/wp\/v2\/categories?post=152668"},{"taxonomy":"post_tag","embeddable":true,"href":"https:\/\/rdnews.al\/index.php\/wp-json\/wp\/v2\/tags?post=152668"}],"curies":[{"name":"wp","href":"https:\/\/api.w.org\/{rel}","templated":true}]}}