{"id":152671,"date":"2026-09-04T18:47:06","date_gmt":"2026-09-04T18:47:06","guid":{"rendered":"https:\/\/rdnews.al\/?p=152671"},"modified":"2026-09-04T18:47:06","modified_gmt":"2026-09-04T18:47:06","slug":"protesta-e-97-te-edi-rama-eshte-i-vdekur-politikisht-sot-pranoi-kapitullimin-para-bandave","status":"publish","type":"post","link":"https:\/\/rdnews.al\/index.php\/2026\/09\/04\/protesta-e-97-te-edi-rama-eshte-i-vdekur-politikisht-sot-pranoi-kapitullimin-para-bandave\/","title":{"rendered":"Protesta e 97-t\u00eb\/ Edi Rama \u00ebsht\u00eb i vdekur politikisht! Sot pranoi kapitullimin para bandave!"},"content":{"rendered":"<p>Aktivisti Mirjan Aliaj theksoi se, Edi Rama \u00ebsht\u00eb i \u201cvdekur\u201d politikisht. Teksa mori fjal\u00ebn n\u00eb protest\u00eb, ai theksoi se Rama flet p\u00ebr bes\u00eb gjat\u00eb dit\u00ebs, nd\u00ebrkoh\u00eb q\u00eb n\u00eb dark\u00eb tregohet i pabes\u00eb, duke iu referuar arrestimit t\u00eb 14 protestuesve tre dit\u00eb m\u00eb par\u00eb para Kryeministris\u00eb.<\/p>\n<p>\u201cGjykata tha se ndalimi i tyre ishte i paligjsh\u00ebm, gjykata sot v\u00ebrtetoi at\u00eb q\u00eb ne e themi p\u00ebrdit\u00eb me rradh\u00eb. Policia n\u00eb m\u00ebnyr\u00eb t\u00eb paligjshme, p\u00ebr t\u2019i sh\u00ebrbyer Edi Ram\u00ebs, ka ndaluar dhe iu ka privuar lirin\u00eb 14 qytetar\u00ebve p\u00ebr tre dit\u00eb me radh\u00eb.<\/p>\n<p>Ky \u00ebsht\u00eb nj\u00eb turp dhe tregon se Rama, i cili na jep bes\u00ebn dit\u00ebn dhe nat\u00ebn tregohet i pabes\u00eb, \u00ebsht\u00eb i gatsh\u00ebm q\u00eb t\u00eb instrumentalizoj\u00eb Policin\u00eb p\u00ebr t\u00eb na trembur, privuar nga liria dhe larguar nga ky bulevard. Por ne do t\u00eb vazhdojm\u00eb \u00e7do dit\u00eb derisa ta largojm\u00eb\u201d, tha ai.<\/p>\n<p>Ai p\u00ebrmendi edhe nj\u00eb fjal\u00eb t\u00eb kryeministrit disa vite m\u00eb par\u00eb, duke iu b\u00ebr\u00eb thirrje deputet\u00ebve t\u00eb tij q\u00eb t\u2019i zbatojn\u00eb \u201camanetin\u201d.<\/p>\n<p>\u201cDisa nga ministrat dhe deputet\u00ebt q\u00eb i rrin\u00eb af\u00ebr t\u00eb zbatojn\u00eb amanetin q\u00eb Rama la n\u00eb 2013. Para se t\u00eb b\u00ebhej kryeminist\u00ebr Edi Rama tha se kur t\u00eb plakej, dikush nga njer\u00ebzit e af\u00ebrt, duhet t\u00eb kujdesej t\u2019ia thoshte k\u00ebt\u00eb gj\u00eb dhe n\u00ebse ai nuk duhet t\u00eb d\u00ebgjonte, at\u00ebher\u00eb kujdeseshin njer\u00ebzit e tij t\u00eb af\u00ebrt p\u00ebr ta mbyllur n\u00eb sht\u00ebpi, p\u00ebr t\u00eb mos dal\u00eb n\u00eb rrug\u00eb e p\u00ebr t\u00eb mos shkuar n\u00eb kryeministri e p\u00ebr t\u00eb mos l\u00ebn\u00eb nam\u201d,\u00a0tha ai.<\/p>\n<p>Duke u ndalur te p\u00ebrplasja e biznesmen\u00ebve n\u00eb Vlor\u00eb dhe deklarata e Ram\u00ebs se do t\u00eb shpron\u00ebsojn\u00eb zon\u00ebn q\u00eb shkaktoi konfliktin, ai tha se kryeministri pranoi se ka kapitulluar p\u00ebrpara bandave kriminale n\u00eb vend.<\/p>\n<p>\u201cSot publikisht pranoi pafuqin\u00eb e tij si kryeminist\u00ebr p\u00ebr t\u00eb n\u00ebnshtruar bandat. E pranoi kapitullimin para bandav q\u00eb u p\u00ebrplas\u00ebn dje n\u00eb Vlor\u00eb. N\u00eb vend se t\u2019i \u00e7oj\u00eb para drejt\u00ebsis\u00eb, iu tha bandit\u00ebve nuk kam \u00e7a t\u2019u b\u00ebj. Si mundesh ti nj\u00eb pron\u00eb private t\u00eb mos ia kthesh pronarit?\u201d, tha ai.<\/p>\n","protected":false},"excerpt":{"rendered":"<p>Aktivisti Mirjan Aliaj theksoi se, Edi Rama \u00ebsht\u00eb i \u201cvdekur\u201d politikisht. Teksa mori fjal\u00ebn n\u00eb protest\u00eb, ai theksoi se Rama flet p\u00ebr bes\u00eb gjat\u00eb dit\u00ebs, nd\u00ebrkoh\u00eb q\u00eb n\u00eb dark\u00eb tregohet i pabes\u00eb, duke iu referuar arrestimit t\u00eb 14 protestuesve tre dit\u00eb m\u00eb par\u00eb para Kryeministris\u00eb. \u201cGjykata tha se ndalimi i tyre ishte i paligjsh\u00ebm, gjykata &hellip;<\/p>\n","protected":false},"author":4,"featured_media":149364,"comment_status":"closed","ping_status":"closed","sticky":false,"template":"","format":"standard","meta":{"footnotes":""},"categories":[37],"tags":[],"class_list":["post-152671","post","type-post","status-publish","format-standard","has-post-thumbnail","","category-politike"],"_links":{"self":[{"href":"https:\/\/rdnews.al\/index.php\/wp-json\/wp\/v2\/posts\/152671","targetHints":{"allow":["GET"]}}],"collection":[{"href":"https:\/\/rdnews.al\/index.php\/wp-json\/wp\/v2\/posts"}],"about":[{"href":"https:\/\/rdnews.al\/index.php\/wp-json\/wp\/v2\/types\/post"}],"author":[{"embeddable":true,"href":"https:\/\/rdnews.al\/index.php\/wp-json\/wp\/v2\/users\/4"}],"replies":[{"embeddable":true,"href":"https:\/\/rdnews.al\/index.php\/wp-json\/wp\/v2\/comments?post=152671"}],"version-history":[{"count":2,"href":"https:\/\/rdnews.al\/index.php\/wp-json\/wp\/v2\/posts\/152671\/revisions"}],"predecessor-version":[{"id":152673,"href":"https:\/\/rdnews.al\/index.php\/wp-json\/wp\/v2\/posts\/152671\/revisions\/152673"}],"wp:featuredmedia":[{"embeddable":true,"href":"https:\/\/rdnews.al\/index.php\/wp-json\/wp\/v2\/media\/149364"}],"wp:attachment":[{"href":"https:\/\/rdnews.al\/index.php\/wp-json\/wp\/v2\/media?parent=152671"}],"wp:term":[{"taxonomy":"category","embeddable":true,"href":"https:\/\/rdnews.al\/index.php\/wp-json\/wp\/v2\/categories?post=152671"},{"taxonomy":"post_tag","embeddable":true,"href":"https:\/\/rdnews.al\/index.php\/wp-json\/wp\/v2\/tags?post=152671"}],"curies":[{"name":"wp","href":"https:\/\/api.w.org\/{rel}","templated":true}]}}