{"id":152677,"date":"2026-09-04T20:06:59","date_gmt":"2026-09-04T20:06:59","guid":{"rendered":"https:\/\/rdnews.al\/?p=152677"},"modified":"2026-09-04T20:32:32","modified_gmt":"2026-09-04T20:32:32","slug":"audiopergjimi-plas-skandalin-rama-i-perfshire-ne-trafik-armesh","status":"publish","type":"post","link":"https:\/\/rdnews.al\/index.php\/2026\/09\/04\/audiopergjimi-plas-skandalin-rama-i-perfshire-ne-trafik-armesh\/","title":{"rendered":"Audiop\u00ebrgjimi q\u00eb do plas\u00eb skandalin\/ Rama i p\u00ebrfshir\u00eb n\u00eb trafik arm\u00ebsh"},"content":{"rendered":"<p>Arben Ahmetaj rikthehet t\u00eb h\u00ebn\u00eb n\u00eb or\u00ebn 20:45 n\u00eb \u2018\u00c7im Peka Live\u2019 n\u00eb Syri TV p\u00ebr t\u00eb dh\u00ebn\u00eb intervist\u00ebn e pest\u00eb.<\/p>\n<p>Gjat\u00eb intervist\u00ebs, pritet publikimi edhe i disa audiop\u00ebrgjimeve q\u00eb denoncojn\u00eb skandalet e qeverisjes s\u00eb vendit.<\/p>\n<p>\u201cU kry. Behuni gati per dt 7 Shtator. Audio pergjime, dokumenta, gjithcka!\u2019 \u2013 shkruan Peka n\u00eb nj\u00eb postim n\u00eb facebook nd\u00ebrsa publikon dhe nj\u00eb foto ku ai ka dal\u00eb me Arben Ahmetajn\u201d<\/p>\n<p>N\u00eb intervist\u00ebn e fundit q\u00eb Ahmetaj dha n\u00eb 8 Janar t\u00eb k\u00ebtij viti p\u00ebr \u201c\u00c7im Peka Live\u201d, denoncoi Ergys Agasin, i arrestuar sot me urdh\u00ebr t\u00eb SPAK.<\/p>\n<p><strong>Ja p\u00ebr cfare do t\u00eb flitet te henen:<\/strong><\/p>\n<p>Kush \u00ebsht\u00eb Gysi anglishtfol\u00ebs?<\/p>\n<p>\u00c7far\u00eb p\u00ebrmban p\u00ebrgjimi i janarit 2026?<\/p>\n<p>Kush \u00ebsht\u00eb izraeliti q\u00eb flet n\u00eb em\u00ebr t\u00eb Ram\u00ebs?<\/p>\n<p>Kush \u00ebsht\u00eb Ermal Raketa?<\/p>\n<p>A po b\u00ebhet trafik arm\u00ebsh?<\/p>\n<p>P\u00ebr her\u00eb t\u00eb par\u00eb nj\u00eb p\u00ebrgjim nd\u00ebrkomb\u00ebtar p\u00ebr at\u00eb q\u00eb \u00ebsht\u00eb kriminalizuar Shqip\u00ebria<\/p>\n","protected":false},"excerpt":{"rendered":"<p>Arben Ahmetaj rikthehet t\u00eb h\u00ebn\u00eb n\u00eb or\u00ebn 20:45 n\u00eb \u2018\u00c7im Peka Live\u2019 n\u00eb Syri TV p\u00ebr t\u00eb dh\u00ebn\u00eb intervist\u00ebn e pest\u00eb. Gjat\u00eb intervist\u00ebs, pritet publikimi edhe i disa audiop\u00ebrgjimeve q\u00eb denoncojn\u00eb skandalet e qeverisjes s\u00eb vendit. \u201cU kry. Behuni gati per dt 7 Shtator. Audio pergjime, dokumenta, gjithcka!\u2019 \u2013 shkruan Peka n\u00eb nj\u00eb postim n\u00eb &hellip;<\/p>\n","protected":false},"author":3,"featured_media":152678,"comment_status":"closed","ping_status":"closed","sticky":false,"template":"","format":"standard","meta":{"footnotes":""},"categories":[37,40],"tags":[],"class_list":["post-152677","post","type-post","status-publish","format-standard","has-post-thumbnail","","category-politike","category-aktualitet"],"_links":{"self":[{"href":"https:\/\/rdnews.al\/index.php\/wp-json\/wp\/v2\/posts\/152677","targetHints":{"allow":["GET"]}}],"collection":[{"href":"https:\/\/rdnews.al\/index.php\/wp-json\/wp\/v2\/posts"}],"about":[{"href":"https:\/\/rdnews.al\/index.php\/wp-json\/wp\/v2\/types\/post"}],"author":[{"embeddable":true,"href":"https:\/\/rdnews.al\/index.php\/wp-json\/wp\/v2\/users\/3"}],"replies":[{"embeddable":true,"href":"https:\/\/rdnews.al\/index.php\/wp-json\/wp\/v2\/comments?post=152677"}],"version-history":[{"count":2,"href":"https:\/\/rdnews.al\/index.php\/wp-json\/wp\/v2\/posts\/152677\/revisions"}],"predecessor-version":[{"id":152680,"href":"https:\/\/rdnews.al\/index.php\/wp-json\/wp\/v2\/posts\/152677\/revisions\/152680"}],"wp:featuredmedia":[{"embeddable":true,"href":"https:\/\/rdnews.al\/index.php\/wp-json\/wp\/v2\/media\/152678"}],"wp:attachment":[{"href":"https:\/\/rdnews.al\/index.php\/wp-json\/wp\/v2\/media?parent=152677"}],"wp:term":[{"taxonomy":"category","embeddable":true,"href":"https:\/\/rdnews.al\/index.php\/wp-json\/wp\/v2\/categories?post=152677"},{"taxonomy":"post_tag","embeddable":true,"href":"https:\/\/rdnews.al\/index.php\/wp-json\/wp\/v2\/tags?post=152677"}],"curies":[{"name":"wp","href":"https:\/\/api.w.org\/{rel}","templated":true}]}}