{"id":152681,"date":"2026-09-04T20:11:47","date_gmt":"2026-09-04T20:11:47","guid":{"rendered":"https:\/\/rdnews.al\/?p=152681"},"modified":"2026-09-04T20:31:25","modified_gmt":"2026-09-04T20:31:25","slug":"dorehiqet-ne-bllok-keshilli-bashkiak-i-policanit-thirrje-15-bashkive-per-proteste-para-parlamentit","status":"publish","type":"post","link":"https:\/\/rdnews.al\/index.php\/2026\/09\/04\/dorehiqet-ne-bllok-keshilli-bashkiak-i-policanit-thirrje-15-bashkive-per-proteste-para-parlamentit\/","title":{"rendered":"Dor\u00ebhiqet n\u00eb bllok K\u00ebshilli Bashkiak i Poli\u00e7anit\/ Thirrje 15 bashkive p\u00ebr protest\u00eb para Parlamentit"},"content":{"rendered":"<p>Banor\u00ebt e Poli\u00e7anit kan\u00eb dal\u00eb s\u00ebrish n\u00eb protest\u00eb kund\u00ebr reform\u00ebs territoriale dhe planit p\u00ebr shkrirjen e Bashkis\u00eb Poli\u00e7an.<\/p>\n<p>Protesta \u00ebsht\u00eb zhvilluar n\u00eb dit\u00ebn kur ka nisur edhe propaganda e Ram\u00ebs me takimet e deputet\u00ebve, nd\u00ebrsa sipas protestuesve, n\u00eb Poli\u00e7an nuk ka shkuar asnj\u00eb deputet p\u00ebr t\u00eb d\u00ebgjuar shqet\u00ebsimet e qytetar\u00ebve.<\/p>\n<p>N\u00eb shesh jan\u00eb bashkuar banor\u00eb dhe p\u00ebrfaq\u00ebsues t\u00eb pushtetit vendor, nd\u00ebrsa 15 an\u00ebtar\u00ebt e K\u00ebshillit Bashkiak t\u00eb Poli\u00e7anit kan\u00eb dh\u00ebn\u00eb dor\u00ebheqjen unanime. Pas tyre ka dh\u00ebn\u00eb dor\u00ebheqjen edhe lista pasardh\u00ebse.<\/p>\n<p>Kryetarja e K\u00ebshillit Bashkiak, Mimoza Kula, tha se kund\u00ebrshtimi nuk lidhet me godin\u00ebn e bashkis\u00eb, por me institucionin dhe sh\u00ebrbimet q\u00eb marrin qytetar\u00ebt.<\/p>\n<p>\u2018Ne nuk mbrojm\u00eb godin\u00ebn, por mbrojm\u00eb institucionin. K\u00ebshilli Bashkiak, pasi zhvilloi takimet n\u00eb nj\u00ebsit\u00eb administrative V\u00ebrtop, T\u00ebrpan dhe Poli\u00e7an, mori vendimin unanim t\u00eb kund\u00ebrshtoj\u00eb shkrirjen e Bashkis\u00eb Poli\u00e7an\u2019, deklaroi Kula.<\/p>\n<p>Kula paralajm\u00ebroi edhe pasojat q\u00eb, sipas saj, mund t\u00eb sjell\u00eb reforma p\u00ebr banor\u00ebt e zon\u00ebs.<\/p>\n<p>\u2018Jemi kund\u00ebr nj\u00eb reforme q\u00eb mund t\u00eb sjell\u00eb dhe humbjen e vendeve t\u00eb pun\u00ebs p\u00ebr shum\u00eb profesionist\u00eb dhe punonj\u00ebs n\u00eb administrata, sh\u00ebrbime e fusha t\u00eb tjera, sepse pas \u00e7do vendi pune \u00ebsht\u00eb nj\u00eb familje\u2019, tha ajo.<\/p>\n<p>Sipas kryetares s\u00eb K\u00ebshillit Bashkiak, ndryshimi i struktur\u00ebs administrative mund t\u00eb ndikoj\u00eb edhe n\u00eb vler\u00ebn e pronave dhe n\u00eb vazhdimin e zbrazjes s\u00eb qytetit.<\/p>\n<p>\u2018Pas \u00e7do sh\u00ebrbimi \u00ebsht\u00eb nj\u00eb qytetar dhe pas \u00e7do familjeje q\u00eb largohet \u00ebsht\u00eb nj\u00eb tjet\u00ebr hap drejt zbrazjes s\u00eb qytetit dhe territorit\u2019, u shpreh Kula.<\/p>\n<p>Kula tha se banor\u00ebt nuk do t\u00eb t\u00ebrhiqen nga kund\u00ebrshtimi i reform\u00ebs dhe paralajm\u00ebroi vijimin e protestave edhe p\u00ebrpara Parlamentit.<\/p>\n<p>\u2018Ne nuk pranojm\u00eb q\u00eb qyteti yn\u00eb t\u00eb shkrihet. N\u00ebse do t\u00eb shkrini Bashkin\u00eb e Poli\u00e7anit, ne do t\u00eb vijojm\u00eb protestat\u2019, deklaroi ajo.<\/p>\n<p>Ajo u b\u00ebri thirrje edhe bashkive t\u00eb tjera q\u00eb rrezikojn\u00eb t\u00eb p\u00ebrfshihen n\u00eb reform\u00eb q\u00eb t\u2019i bashkohen protest\u00ebs.<\/p>\n<p>\u2018I b\u00ebjm\u00eb thirrje t\u00eb gjitha bashkive t\u00eb cilat rrezikojn\u00eb, t\u00eb na bashkohen n\u00eb protest\u00ebn ton\u00eb, q\u00eb do vijoj\u00eb p\u00ebrpara Parlamentit\u2019, tha Kula.<\/p>\n<p>N\u00eb fund, ajo iu drejtua drejtp\u00ebrdrejt kryeministrit Edi Rama, duke iu referuar programit \u2018Besa\u2019 e cila u shpreh se,\u00a0\u2018besa \u00ebsht\u00eb vota jon\u00eb, zoti Kryeminist\u00ebr, ne ua dham\u00eb bes\u00ebn juve, por ju nuk e mbajt\u00ebt bes\u00ebn ndaj nesh\u2019, p\u00ebrfundoi Kula.<\/p>\n","protected":false},"excerpt":{"rendered":"<p>Banor\u00ebt e Poli\u00e7anit kan\u00eb dal\u00eb s\u00ebrish n\u00eb protest\u00eb kund\u00ebr reform\u00ebs territoriale dhe planit p\u00ebr shkrirjen e Bashkis\u00eb Poli\u00e7an. Protesta \u00ebsht\u00eb zhvilluar n\u00eb dit\u00ebn kur ka nisur edhe propaganda e Ram\u00ebs me takimet e deputet\u00ebve, nd\u00ebrsa sipas protestuesve, n\u00eb Poli\u00e7an nuk ka shkuar asnj\u00eb deputet p\u00ebr t\u00eb d\u00ebgjuar shqet\u00ebsimet e qytetar\u00ebve. N\u00eb shesh jan\u00eb bashkuar banor\u00eb &hellip;<\/p>\n","protected":false},"author":4,"featured_media":152691,"comment_status":"closed","ping_status":"closed","sticky":false,"template":"","format":"standard","meta":{"footnotes":""},"categories":[37],"tags":[],"class_list":["post-152681","post","type-post","status-publish","format-standard","has-post-thumbnail","","category-politike"],"_links":{"self":[{"href":"https:\/\/rdnews.al\/index.php\/wp-json\/wp\/v2\/posts\/152681","targetHints":{"allow":["GET"]}}],"collection":[{"href":"https:\/\/rdnews.al\/index.php\/wp-json\/wp\/v2\/posts"}],"about":[{"href":"https:\/\/rdnews.al\/index.php\/wp-json\/wp\/v2\/types\/post"}],"author":[{"embeddable":true,"href":"https:\/\/rdnews.al\/index.php\/wp-json\/wp\/v2\/users\/4"}],"replies":[{"embeddable":true,"href":"https:\/\/rdnews.al\/index.php\/wp-json\/wp\/v2\/comments?post=152681"}],"version-history":[{"count":2,"href":"https:\/\/rdnews.al\/index.php\/wp-json\/wp\/v2\/posts\/152681\/revisions"}],"predecessor-version":[{"id":152692,"href":"https:\/\/rdnews.al\/index.php\/wp-json\/wp\/v2\/posts\/152681\/revisions\/152692"}],"wp:featuredmedia":[{"embeddable":true,"href":"https:\/\/rdnews.al\/index.php\/wp-json\/wp\/v2\/media\/152691"}],"wp:attachment":[{"href":"https:\/\/rdnews.al\/index.php\/wp-json\/wp\/v2\/media?parent=152681"}],"wp:term":[{"taxonomy":"category","embeddable":true,"href":"https:\/\/rdnews.al\/index.php\/wp-json\/wp\/v2\/categories?post=152681"},{"taxonomy":"post_tag","embeddable":true,"href":"https:\/\/rdnews.al\/index.php\/wp-json\/wp\/v2\/tags?post=152681"}],"curies":[{"name":"wp","href":"https:\/\/api.w.org\/{rel}","templated":true}]}}