{"id":152686,"date":"2026-09-04T20:21:26","date_gmt":"2026-09-04T20:21:26","guid":{"rendered":"https:\/\/rdnews.al\/?p=152686"},"modified":"2026-09-04T20:24:05","modified_gmt":"2026-09-04T20:24:05","slug":"skandali-i-nje-shteti-te-inkriminuar-dy-truproja-te-ermal-nufit-ne-grupin-sulmues-te-vlores","status":"publish","type":"post","link":"https:\/\/rdnews.al\/index.php\/2026\/09\/04\/skandali-i-nje-shteti-te-inkriminuar-dy-truproja-te-ermal-nufit-ne-grupin-sulmues-te-vlores\/","title":{"rendered":"Skandali i nj\u00eb shteti t\u00eb inkriminuar\/ Dy truproja t\u00eb ministrit t\u00eb Mbrojtjes n\u00eb grupin sulmues t\u00eb Vlor\u00ebs"},"content":{"rendered":"<p>Skandali i p\u00ebrplasjes me arm\u00eb t\u00eb dy biznesmen\u00ebve t\u00eb fuqish\u00ebm p\u00ebr tokat n\u00eb Palas\u00eb merr p\u00ebrmasa t\u00eb tjera. Kapitali ka m\u00ebsuar se pjes\u00eb e grupit sulmues t\u00eb angazhuar nga Luan Mu\u00e7a i Delt\u00ebs kan\u00eb qen\u00eb edhe dy truprojat zyrtare t\u00eb ministrit t\u00eb Mbrojtjes, Ermal Nufi.<\/p>\n<p>Ngjarja ka shkaktuar nj\u00eb skandal t\u00eb r\u00ebnd\u00eb n\u00eb ministrin\u00eb e Mbrojtjes duke e detyruar Ermal Nufin t\u00eb largoj\u00eb nga grupi i shoq\u00ebrimit dy an\u00ebtar\u00ebt e p\u00ebrfshir\u00eb n\u00eb p\u00ebrplasjen me arm\u00eb n\u00eb Vlor\u00eb.<\/p>\n<p>Por ajo ka nxjerr edhe nj\u00eb her\u00eb n\u00eb pah nj\u00eb fenomen alarmues q\u00eb tashm\u00eb duket se \u00ebsht\u00eb b\u00ebr\u00eb masiv. Pjes\u00ebmarrja e punonj\u00ebsve t\u00eb armatosur t\u00eb shtetit n\u00eb p\u00ebrplasje private. Nga polic\u00ebt, t\u00eb cil\u00ebt sh\u00ebrbejn\u00eb si truproja n\u00eb lokalet e nat\u00ebs deri tek gardist\u00ebt q\u00eb marrin pjes\u00eb n\u00eb sulme t\u00eb organizuara me arm\u00eb.<\/p>\n<p>Pjes\u00ebmarrja e forcave t\u00eb armatosura, t\u00eb cil\u00ebt paguhen nga borderot\u00eb e shtetit, n\u00eb p\u00ebrplasje bandash \u00ebsht\u00eb nj\u00eb goditje e r\u00ebnd\u00eb p\u00ebr rendin publik. Por ajo tregon edhe degradimin e shtetit, i cili nuk \u00ebsht\u00eb i aft\u00eb t\u00eb disiplinoj\u00eb trupat e veta, jo m\u00eb t\u00eb siguroj\u00eb rendin dhe sigurin\u00eb e qytetar\u00ebve.<\/p>\n<p><strong>P\u00ebrplasja<\/strong><br \/>\nPak para mesdit\u00ebs, Policia e Vlor\u00ebs u ngrit n\u00eb alarm pasi u sinjalizua p\u00ebr nj\u00eb konflikt masiv n\u00eb Orikum pran\u00eb nj\u00eb Hoteli. Telefonata sinjalizuese bluve u erdhi nga vet\u00eb pronari I hotel Palma Vasil Bedinaj I cili pretendoi se persona t\u00eb armatosur po konfliktoheshin me t\u00eb.<\/p>\n<p>Menj\u00ebher\u00eb pas njoftimit, sh\u00ebrbimet e Policis\u00eb kan\u00eb shkuar n\u00eb drejtim t\u00eb adres\u00ebs s\u00eb dh\u00ebn\u00eb. N\u00eb af\u00ebrsi t\u00eb Pusit t\u00eb Mezinit, kan\u00eb konstatuar nj\u00eb automjet q\u00eb l\u00ebvizte me shpejt\u00ebsi dhe jan\u00eb v\u00ebn\u00eb n\u00eb ndjekje t\u00eb tij.<\/p>\n<p>Drejtuesi i k\u00ebtij automjeti ka humbur kontrollin dhe \u00ebsht\u00eb aksidentuar. N\u00eb automjet jan\u00eb konstatuar 3 persona, 2 prej t\u00eb cil\u00ebve jan\u00eb d\u00ebmtuar si pasoj\u00eb e aksidentit, nd\u00ebrsa tjetri nuk ka probleme sh\u00ebndet\u00ebsore. Ata po merren n\u00eb pyetje nga hetuesit n\u00eb lidhje me sqarimin e rrethanave. Gjat\u00eb kontrollit n\u00eb automjetin e tyre polica ka gjetur 1 arm\u00eb zjarri, pistolet\u00eb.<\/p>\n<p>N\u00eb momentet pas ngjarjes Bedinaj ka pretenduar se konflikti ishte p\u00ebr nj\u00eb shum\u00eb t\u00eb konsiderueshme parash por burimet thon\u00eb se gjith\u00e7ka lidhet me nj\u00eb pron\u00eb e cila po zhvillohet nga Luan Mu\u00e7a n\u00eb Palas\u00eb ku po nd\u00ebrtohet nj\u00eb resort.<\/p>\n<p>Bedinaj me persona t\u00eb tjer\u00eb ka k\u00ebrkuar p\u00ebrqindje t\u00eb k\u00ebsaj prone \u00e7ka \u00ebsht\u00eb kund\u00ebrshtuar nga Mu\u00e7a, i cili k\u00ebt\u00eb mesdit\u00eb kishte l\u00ebn\u00eb nj\u00eb takim n\u00eb Orikum p\u00ebr tu sqaruar.<\/p>\n<p>Ka dyshime se gjat\u00eb k\u00ebtij konflikti fillimisht fizik jan\u00eb p\u00ebrdorur dhe arm\u00ebt e zjarrit, megjithat\u00eb n\u00eb vendngjarje policia nuk ka konstatuar asnj\u00eb g\u00ebzhoj\u00eb.<\/p>\n<p>Nj\u00eb grup i posa\u00e7\u00ebm hetimor \u00ebsht\u00eb ngritur p\u00ebr rastin dhe po punohet me kamerat e siguris\u00eb, d\u00ebshmit\u00eb e t\u00eb implikuarve dhe t\u00eb dh\u00ebna operative p\u00ebr zbardhjen e gjith\u00eb dinamik\u00ebs s\u00eb k\u00ebsaj ngjarje.<\/p>\n<p>Pamjet filmike t\u00eb sekuestruara nga Policia e Shtetit tregojn\u00eb momentin e tensionuar kur t\u00eb pakt\u00ebn 8 automjete mb\u00ebrrijn\u00eb me shpejt\u00ebsi dhe rrethojn\u00eb hap\u00ebsir\u00ebn p\u00ebrpara hyrjes s\u00eb biznesit.<\/p>\n<p>N\u00eb pamjet e regjistruara nga kamerat e siguris\u00eb rreth or\u00ebs 10:30 t\u00eb m\u00ebngjesit, dallohen makinat q\u00eb bllokojn\u00eb rrug\u00ebn kryesore dhe parkimin e kompleksit, nd\u00ebrsa prej tyre zbarkojn\u00eb disa persona t\u00eb veshur me t\u00eb zeza t\u00eb cil\u00ebt m\u00eb pas i drejtohen me shpejt\u00ebsi hyrjes s\u00eb resortit p\u00ebr t\u00eb kanosur pronarin.<\/p>\n<p>Menj\u00ebher\u00eb pas alarmit t\u00eb dh\u00ebn\u00eb nga i d\u00ebmtuari, forcat e policis\u00eb kan\u00eb nd\u00ebrhyr\u00eb me urgjenc\u00eb duke bllokuar nyjet kryesore dhe duke ngritur pika kontrolli n\u00eb disa akse rrugore t\u00eb Vlor\u00ebs. Gjat\u00eb krehjes s\u00eb zon\u00ebs, n\u00eb af\u00ebrsi t\u00eb Pusit t\u00eb Mezinit, efektiv\u00ebt kan\u00eb repotuar nj\u00eb nga automjetet e dyshuara q\u00eb po l\u00ebvizte me shpejt\u00ebsi marramend\u00ebse p\u00ebr t\u2019i shp\u00ebtuar arrestimit dhe jan\u00eb v\u00ebn\u00eb menj\u00ebher\u00eb n\u00eb ndjekje t\u00eb tij.<\/p>\n<p>Gjat\u00eb tentativ\u00ebs p\u00ebr t\u2019u larguar, drejtuesi i mjetit ka humbur kontrollin duke u aksidentuar r\u00ebnd\u00eb. Brenda automjetit t\u00eb p\u00ebrmbysur, efektiv\u00ebt e policis\u00eb kan\u00eb gjetur tre persona si dhe nj\u00eb arm\u00eb zjarri t\u00eb llojit pistolet\u00eb. Si pasoj\u00eb e p\u00ebrplasjes, dy prej t\u00eb dyshuarve kan\u00eb mbetur t\u00eb d\u00ebmtuar dhe po marrin ndihm\u00eb mjek\u00ebsore n\u00ebn ruajtje policore, nd\u00ebrsa personi i tret\u00eb nuk ka p\u00ebsuar d\u00ebmtime.<\/p>\n<p>N\u00ebn drejtimin e Prokuroris\u00eb, \u00ebsht\u00eb ngritur nj\u00eb grup i posa\u00e7\u00ebm hetimor i cili po analizon pamjet e kamerave t\u00eb siguris\u00eb dhe provat e mbledhura n\u00eb terren p\u00ebr zbardhjen e plot\u00eb t\u00eb motiveve t\u00eb ngjarjes, si dhe identifikimin e shoq\u00ebrimin e t\u00eb gjith\u00eb personave t\u00eb tjer\u00eb q\u00eb mor\u00ebn pjes\u00eb n\u00eb rrethimin e resortit.\/ Kapitali<\/p>\n","protected":false},"excerpt":{"rendered":"<p>Skandali i p\u00ebrplasjes me arm\u00eb t\u00eb dy biznesmen\u00ebve t\u00eb fuqish\u00ebm p\u00ebr tokat n\u00eb Palas\u00eb merr p\u00ebrmasa t\u00eb tjera. Kapitali ka m\u00ebsuar se pjes\u00eb e grupit sulmues t\u00eb angazhuar nga Luan Mu\u00e7a i Delt\u00ebs kan\u00eb qen\u00eb edhe dy truprojat zyrtare t\u00eb ministrit t\u00eb Mbrojtjes, Ermal Nufi. Ngjarja ka shkaktuar nj\u00eb skandal t\u00eb r\u00ebnd\u00eb n\u00eb ministrin\u00eb e &hellip;<\/p>\n","protected":false},"author":3,"featured_media":152559,"comment_status":"closed","ping_status":"closed","sticky":false,"template":"","format":"standard","meta":{"footnotes":""},"categories":[37],"tags":[],"class_list":["post-152686","post","type-post","status-publish","format-standard","has-post-thumbnail","","category-politike"],"_links":{"self":[{"href":"https:\/\/rdnews.al\/index.php\/wp-json\/wp\/v2\/posts\/152686","targetHints":{"allow":["GET"]}}],"collection":[{"href":"https:\/\/rdnews.al\/index.php\/wp-json\/wp\/v2\/posts"}],"about":[{"href":"https:\/\/rdnews.al\/index.php\/wp-json\/wp\/v2\/types\/post"}],"author":[{"embeddable":true,"href":"https:\/\/rdnews.al\/index.php\/wp-json\/wp\/v2\/users\/3"}],"replies":[{"embeddable":true,"href":"https:\/\/rdnews.al\/index.php\/wp-json\/wp\/v2\/comments?post=152686"}],"version-history":[{"count":4,"href":"https:\/\/rdnews.al\/index.php\/wp-json\/wp\/v2\/posts\/152686\/revisions"}],"predecessor-version":[{"id":152690,"href":"https:\/\/rdnews.al\/index.php\/wp-json\/wp\/v2\/posts\/152686\/revisions\/152690"}],"wp:featuredmedia":[{"embeddable":true,"href":"https:\/\/rdnews.al\/index.php\/wp-json\/wp\/v2\/media\/152559"}],"wp:attachment":[{"href":"https:\/\/rdnews.al\/index.php\/wp-json\/wp\/v2\/media?parent=152686"}],"wp:term":[{"taxonomy":"category","embeddable":true,"href":"https:\/\/rdnews.al\/index.php\/wp-json\/wp\/v2\/categories?post=152686"},{"taxonomy":"post_tag","embeddable":true,"href":"https:\/\/rdnews.al\/index.php\/wp-json\/wp\/v2\/tags?post=152686"}],"curies":[{"name":"wp","href":"https:\/\/api.w.org\/{rel}","templated":true}]}}