{"id":152693,"date":"2026-09-05T08:50:34","date_gmt":"2026-09-05T08:50:34","guid":{"rendered":"https:\/\/rdnews.al\/?p=152693"},"modified":"2026-09-05T08:50:34","modified_gmt":"2026-09-05T08:50:34","slug":"berisha-mberrin-ne-shba-shqiptaret-i-japin-mireseardhjen-e-ngrohte-kryetarit-te-pd","status":"publish","type":"post","link":"https:\/\/rdnews.al\/index.php\/2026\/09\/05\/berisha-mberrin-ne-shba-shqiptaret-i-japin-mireseardhjen-e-ngrohte-kryetarit-te-pd\/","title":{"rendered":"Berisha mb\u00ebrrin n\u00eb SHBA, shqiptar\u00ebt i japin mir\u00ebseardhjen e ngroht\u00eb kryetarit t\u00eb PD"},"content":{"rendered":"<p>Kryetari i Partis\u00eb Demokratike, Sali Berisha, ka mb\u00ebrritur n\u00eb Shtetet e Bashkuara t\u00eb Amerik\u00ebs, duke nisur vizit\u00ebn e tij n\u00eb SHBA me nj\u00eb pritje t\u00eb p\u00ebrzem\u00ebrt nga komuniteti shqiptar.<\/p>\n<p>N\u00eb pamjet e publikuara nga lideri demokrat n\u00eb rrjetet sociale, ai shfaqet n\u00eb momentet e para pas mb\u00ebrritjes, teksa pritet nga shqiptar\u00eb q\u00eb i afrohen p\u00ebr ta p\u00ebrsh\u00ebndetur dhe p\u00ebr t\u00eb shk\u00ebmbyer momente me t\u00eb.<\/p>\n<p>\u201cP\u00ebrtej oqeanit, nj\u00eb pritje shqiptare, nj\u00eb moment mir\u00ebnjohjeje\u201d, shkruan Berisha, duke shoq\u00ebruar pamjet e mb\u00ebrritjes me k\u00ebt\u00eb mesazh.<\/p>\n<p>Vizita e kryetarit t\u00eb PD-s\u00eb pritet t\u00eb p\u00ebrfshij\u00eb nj\u00eb agjend\u00eb t\u00eb ngjeshur takimesh gjat\u00eb q\u00ebndrimit t\u00eb tij n\u00eb Shtetet e Bashkuara, n\u00eb nj\u00eb periudh\u00eb me r\u00ebnd\u00ebsi p\u00ebr zhvillimet politike n\u00eb Shqip\u00ebri.<\/p>\n","protected":false},"excerpt":{"rendered":"<p>Kryetari i Partis\u00eb Demokratike, Sali Berisha, ka mb\u00ebrritur n\u00eb Shtetet e Bashkuara t\u00eb Amerik\u00ebs, duke nisur vizit\u00ebn e tij n\u00eb SHBA me nj\u00eb pritje t\u00eb p\u00ebrzem\u00ebrt nga komuniteti shqiptar. N\u00eb pamjet e publikuara nga lideri demokrat n\u00eb rrjetet sociale, ai shfaqet n\u00eb momentet e para pas mb\u00ebrritjes, teksa pritet nga shqiptar\u00eb q\u00eb i afrohen p\u00ebr &hellip;<\/p>\n","protected":false},"author":4,"featured_media":152694,"comment_status":"closed","ping_status":"closed","sticky":false,"template":"","format":"standard","meta":{"footnotes":""},"categories":[37],"tags":[],"class_list":["post-152693","post","type-post","status-publish","format-standard","has-post-thumbnail","","category-politike"],"_links":{"self":[{"href":"https:\/\/rdnews.al\/index.php\/wp-json\/wp\/v2\/posts\/152693","targetHints":{"allow":["GET"]}}],"collection":[{"href":"https:\/\/rdnews.al\/index.php\/wp-json\/wp\/v2\/posts"}],"about":[{"href":"https:\/\/rdnews.al\/index.php\/wp-json\/wp\/v2\/types\/post"}],"author":[{"embeddable":true,"href":"https:\/\/rdnews.al\/index.php\/wp-json\/wp\/v2\/users\/4"}],"replies":[{"embeddable":true,"href":"https:\/\/rdnews.al\/index.php\/wp-json\/wp\/v2\/comments?post=152693"}],"version-history":[{"count":1,"href":"https:\/\/rdnews.al\/index.php\/wp-json\/wp\/v2\/posts\/152693\/revisions"}],"predecessor-version":[{"id":152695,"href":"https:\/\/rdnews.al\/index.php\/wp-json\/wp\/v2\/posts\/152693\/revisions\/152695"}],"wp:featuredmedia":[{"embeddable":true,"href":"https:\/\/rdnews.al\/index.php\/wp-json\/wp\/v2\/media\/152694"}],"wp:attachment":[{"href":"https:\/\/rdnews.al\/index.php\/wp-json\/wp\/v2\/media?parent=152693"}],"wp:term":[{"taxonomy":"category","embeddable":true,"href":"https:\/\/rdnews.al\/index.php\/wp-json\/wp\/v2\/categories?post=152693"},{"taxonomy":"post_tag","embeddable":true,"href":"https:\/\/rdnews.al\/index.php\/wp-json\/wp\/v2\/tags?post=152693"}],"curies":[{"name":"wp","href":"https:\/\/api.w.org\/{rel}","templated":true}]}}