{"id":152696,"date":"2026-09-05T08:57:37","date_gmt":"2026-09-05T08:57:37","guid":{"rendered":"https:\/\/rdnews.al\/?p=152696"},"modified":"2026-09-05T08:57:37","modified_gmt":"2026-09-05T08:57:37","slug":"10-vite-nga-shenjterimi-i-nene-terezes","status":"publish","type":"post","link":"https:\/\/rdnews.al\/index.php\/2026\/09\/05\/10-vite-nga-shenjterimi-i-nene-terezes\/","title":{"rendered":"10 vite nga Shenjt\u00ebrimi i N\u00ebn\u00eb Terez\u00ebs"},"content":{"rendered":"<p>Shqip\u00ebria dhe e gjith\u00eb bota kremtojn\u00eb sot Dit\u00ebn e Shenjt\u00ebrimit t\u00eb N\u00ebn\u00eb Terez\u00ebs, nj\u00eb figur\u00eb globale e p\u00ebrkushtimit ndaj m\u00eb t\u00eb varf\u00ebrve dhe t\u00eb braktisurve.<\/p>\n<p>Kisha Katolike Romake e shpalli N\u00ebn\u00eb Terez\u00ebn shenjtore m\u00eb 4 shtator 2016, nd\u00ebrsa ajo p\u00ebrkujtohet \u00e7do vit, nj\u00eb dit\u00eb m\u00eb pas, 5 shtatori q\u00eb sh\u00ebnon edhe ndarjen e saj nga jeta.<\/p>\n<p>N\u00ebn\u00eb Tereza lindi m\u00eb 26 gusht 1910 n\u00eb Shkup si Anjez\u00eb Gonxhe Bojaxhiu, n\u00eb nj\u00eb familje shqiptare me origjin\u00eb nga Kosova.<\/p>\n<p>N\u00eb mosh\u00ebn 18-vje\u00e7are, ajo iu p\u00ebrgjigj thirrjes s\u00eb Zotit dhe iu bashkua urdhrave t\u00eb Suoreve t\u00eb Loreto, ku mori emrin e ri \u201cTeresa\u201d. Sh\u00ebrbeu n\u00eb Kalkuta t\u00eb Indis\u00eb, ku pa kushtet e tmerrshme t\u00eb jetes\u00ebs s\u00eb t\u00eb varf\u00ebrve dhe ku nisi misioni i saj.<\/p>\n<p>N\u00eb vitin 1950, ajo krijoi Konregacionin e Misionareve t\u00eb Bamir\u00ebsis (urdh\u00ebr religjioz katolik), duke p\u00ebrkushtuar gjith\u00eb jet\u00ebn e saj p\u00ebr t\u00eb ndihmuar t\u00eb varf\u00ebrit. Veshja e saj e njohur, sari i bardh\u00eb me shirita blu, simbolizon sh\u00ebrbimin ndaj t\u00eb pafuqishm\u00ebve dhe t\u00eb margjinalizuarve.<\/p>\n<p><strong>Mrekulli dhe shenjt\u00ebrim<\/strong><\/p>\n<p>Procesi i shenjt\u00ebrimit k\u00ebrkoi dokumentimin e dy mrekullive:<\/p>\n<p>Sh\u00ebrimi i Monica Besra, nj\u00eb gruaje indiane e s\u00ebmur\u00eb r\u00ebnd\u00eb n\u00eb 1998-\u00ebn, e cila u sh\u00ebrua n\u00eb m\u00ebnyr\u00eb t\u00eb menj\u00ebhershme dhe t\u00eb plot\u00eb.<\/p>\n<p>Sh\u00ebrimi i Marcilio Haddad Andrino, nj\u00eb inxhinier brazilian q\u00eb u sh\u00ebrua n\u00eb m\u00ebnyr\u00eb t\u00eb pabesueshme nga nj\u00eb s\u00ebmundje cerebrale shum\u00eb e r\u00ebnd\u00eb n\u00eb 2008-\u00ebn.<\/p>\n<p><strong>Nj\u00eb figur\u00eb e njohur bot\u00ebrisht<\/strong><\/p>\n<p>N\u00ebn\u00eb Tereza ka fituar shum\u00eb njohje gjat\u00eb jet\u00ebs, p\u00ebrfshir\u00eb \u00c7mimin Nobel p\u00ebr Paqen n\u00eb 1979, t\u00eb cilin e dha p\u00ebr t\u00eb ndihmuar t\u00eb varfrit e Kalkut\u00ebs. Papa Gjon Pali II dhe Papa Fran\u00e7esku e kan\u00eb vler\u00ebsuar thell\u00ebsisht vepr\u00ebn e saj, nd\u00ebrsa Papa Gjon Pali II nisi procesin e beatifikimit pa pritur t\u00eb b\u00ebheshin pes\u00eb vite pas vdekjes.<\/p>\n","protected":false},"excerpt":{"rendered":"<p>Shqip\u00ebria dhe e gjith\u00eb bota kremtojn\u00eb sot Dit\u00ebn e Shenjt\u00ebrimit t\u00eb N\u00ebn\u00eb Terez\u00ebs, nj\u00eb figur\u00eb globale e p\u00ebrkushtimit ndaj m\u00eb t\u00eb varf\u00ebrve dhe t\u00eb braktisurve. Kisha Katolike Romake e shpalli N\u00ebn\u00eb Terez\u00ebn shenjtore m\u00eb 4 shtator 2016, nd\u00ebrsa ajo p\u00ebrkujtohet \u00e7do vit, nj\u00eb dit\u00eb m\u00eb pas, 5 shtatori q\u00eb sh\u00ebnon edhe ndarjen e saj nga &hellip;<\/p>\n","protected":false},"author":4,"featured_media":88259,"comment_status":"closed","ping_status":"closed","sticky":false,"template":"","format":"standard","meta":{"footnotes":""},"categories":[42],"tags":[],"class_list":["post-152696","post","type-post","status-publish","format-standard","has-post-thumbnail","","category-kulture"],"_links":{"self":[{"href":"https:\/\/rdnews.al\/index.php\/wp-json\/wp\/v2\/posts\/152696","targetHints":{"allow":["GET"]}}],"collection":[{"href":"https:\/\/rdnews.al\/index.php\/wp-json\/wp\/v2\/posts"}],"about":[{"href":"https:\/\/rdnews.al\/index.php\/wp-json\/wp\/v2\/types\/post"}],"author":[{"embeddable":true,"href":"https:\/\/rdnews.al\/index.php\/wp-json\/wp\/v2\/users\/4"}],"replies":[{"embeddable":true,"href":"https:\/\/rdnews.al\/index.php\/wp-json\/wp\/v2\/comments?post=152696"}],"version-history":[{"count":1,"href":"https:\/\/rdnews.al\/index.php\/wp-json\/wp\/v2\/posts\/152696\/revisions"}],"predecessor-version":[{"id":152697,"href":"https:\/\/rdnews.al\/index.php\/wp-json\/wp\/v2\/posts\/152696\/revisions\/152697"}],"wp:featuredmedia":[{"embeddable":true,"href":"https:\/\/rdnews.al\/index.php\/wp-json\/wp\/v2\/media\/88259"}],"wp:attachment":[{"href":"https:\/\/rdnews.al\/index.php\/wp-json\/wp\/v2\/media?parent=152696"}],"wp:term":[{"taxonomy":"category","embeddable":true,"href":"https:\/\/rdnews.al\/index.php\/wp-json\/wp\/v2\/categories?post=152696"},{"taxonomy":"post_tag","embeddable":true,"href":"https:\/\/rdnews.al\/index.php\/wp-json\/wp\/v2\/tags?post=152696"}],"curies":[{"name":"wp","href":"https:\/\/api.w.org\/{rel}","templated":true}]}}