{"id":152698,"date":"2026-09-05T09:01:54","date_gmt":"2026-09-05T09:01:54","guid":{"rendered":"https:\/\/rdnews.al\/?p=152698"},"modified":"2026-09-05T09:01:54","modified_gmt":"2026-09-05T09:01:54","slug":"himara-ne-beteje-me-flaket-asnje-reagim-nga-qeveria","status":"publish","type":"post","link":"https:\/\/rdnews.al\/index.php\/2026\/09\/05\/himara-ne-beteje-me-flaket-asnje-reagim-nga-qeveria\/","title":{"rendered":"Himara n\u00eb betej\u00eb me flak\u00ebt, asnj\u00eb reagim nga qeveria"},"content":{"rendered":"<p class=\"PDq2pG_selectionAnchorContainer\" data-start=\"92\" data-end=\"351\">Nj\u00eb zjarr i p\u00ebrmasave t\u00eb m\u00ebdha ka p\u00ebrfshir\u00eb zon\u00ebn e By-Pass-it t\u00eb Himar\u00ebs pasditen e t\u00eb premtes, duke u p\u00ebrhapur me shpejt\u00ebsi drejt zonave t\u00eb banuara. Era e fort\u00eb ka favorizuar p\u00ebrparimin e flak\u00ebve, nd\u00ebrsa situata \u00ebsht\u00eb r\u00ebnduar gjat\u00eb or\u00ebve t\u00eb mbr\u00ebmjes.<\/p>\n<div class=\"jeg_ad jeg_ad_article jnews_content_inline_ads  \">\n<div class=\"ads-wrapper align-center \">\n<div class=\"ads_code\">Fillimisht zjarri p\u00ebrfshiu sip\u00ebrfaqe t\u00eb m\u00ebdha toke n\u00eb zon\u00ebn e kodrave, nd\u00ebrsa m\u00eb pas flak\u00ebt iu afruan banesave. Deri tani raportohet se <strong data-start=\"489\" data-end=\"518\">dy banesa jan\u00eb shkrumbuar<\/strong>, nd\u00ebrsa rreth\u00a0<strong data-start=\"533\" data-end=\"566\">40 t\u00eb tjera ndodhen n\u00eb rrezik<\/strong>\u00a0p\u00ebr shkak t\u00eb af\u00ebrsis\u00eb me vatr\u00ebn e zjarrit.<\/div>\n<\/div>\n<\/div>\n<div><iframe loading=\"lazy\" src=\"https:\/\/streamable.com\/e\/t6z9jm?\" width=\"100%\" height=\"100%\" allowfullscreen=\"allowfullscreen\" data-mce-fragment=\"1\"><\/iframe><\/div>\n<p data-start=\"611\" data-end=\"860\">P\u00ebr shkak t\u00eb p\u00ebrhapjes s\u00eb flak\u00ebve, ka nisur\u00a0<strong data-start=\"655\" data-end=\"678\">evakuimi i banor\u00ebve<\/strong>\u00a0nga zonat e rrezikuara. Paralelisht, jan\u00eb larguar edhe turist\u00eb t\u00eb akomoduar n\u00eb hotelet pran\u00eb zon\u00ebs s\u00eb p\u00ebrfshir\u00eb nga zjarri, pasi flak\u00ebt jan\u00eb afruar ndjesh\u00ebm me strukturat turistike.<\/p>\n<p data-start=\"862\" data-end=\"1081\">Situata \u00ebsht\u00eb b\u00ebr\u00eb edhe m\u00eb kritike. Pamjet nga terreni tregojn\u00eb flak\u00eb me intensitet t\u00eb lart\u00eb, nd\u00ebrsa fronti i zjarrit \u00ebsht\u00eb shtrir\u00eb n\u00eb kodrat p\u00ebrreth qytetit dhe n\u00eb disa pika \u00ebsht\u00eb afruar pran\u00eb banesave.<\/p>\n<p data-start=\"1083\" data-end=\"1232\">Nj\u00eb qytetar ka k\u00ebrkuar nd\u00ebrhyrje nga ajri, duke deklaruar se banor\u00ebt po largohen me shpejt\u00ebsi nga Himara dhe se disa banesa jan\u00eb rrethuar nga flak\u00ebt.<\/p>\n<p data-start=\"1083\" data-end=\"1232\">\u201cK\u00ebrkojm\u00eb nd\u00ebrhyrje urgjentisht nga ajri sepse shikojm\u00eb disa sht\u00ebpi t\u00eb rrethuara nga zjarri. Nuk po na japin sqarim n\u00ebse ka pasur njer\u00ebz brenda apo \u00ebsht\u00eb djegur dikush. Zjarri po i afrohet qytetit. Ju lutem k\u00ebrkojm\u00eb ndihm\u00eb se nuk kemi mund\u00ebsi\u201d,\u00a0shprehet ai.<\/p>\n<div class=\"jnews_inline_related_post_wrapper left\">\n<div class=\"jnews_inline_related_post\">\n<div class=\"jeg_postblock_29 jeg_postblock jeg_module_hook jeg_pagination_disable jeg_col_2o3 jnews_module_1731357_0_6a9bd936d2a63   \" data-unique=\"jnews_module_1731357_0_6a9bd936d2a63\">\n<div><\/div>\n<\/div>\n<\/div>\n<\/div>\n<div><iframe loading=\"lazy\" src=\"https:\/\/streamable.com\/e\/73abe4?\" width=\"100%\" height=\"100%\" allowfullscreen=\"allowfullscreen\" data-mce-fragment=\"1\"><\/iframe><\/div>\n<p>&nbsp;<\/p>\n","protected":false},"excerpt":{"rendered":"<p>Nj\u00eb zjarr i p\u00ebrmasave t\u00eb m\u00ebdha ka p\u00ebrfshir\u00eb zon\u00ebn e By-Pass-it t\u00eb Himar\u00ebs pasditen e t\u00eb premtes, duke u p\u00ebrhapur me shpejt\u00ebsi drejt zonave t\u00eb banuara. Era e fort\u00eb ka favorizuar p\u00ebrparimin e flak\u00ebve, nd\u00ebrsa situata \u00ebsht\u00eb r\u00ebnduar gjat\u00eb or\u00ebve t\u00eb mbr\u00ebmjes. Fillimisht zjarri p\u00ebrfshiu sip\u00ebrfaqe t\u00eb m\u00ebdha toke n\u00eb zon\u00ebn e kodrave, nd\u00ebrsa m\u00eb &hellip;<\/p>\n","protected":false},"author":4,"featured_media":152699,"comment_status":"closed","ping_status":"closed","sticky":false,"template":"","format":"standard","meta":{"footnotes":""},"categories":[37],"tags":[],"class_list":["post-152698","post","type-post","status-publish","format-standard","has-post-thumbnail","","category-politike"],"_links":{"self":[{"href":"https:\/\/rdnews.al\/index.php\/wp-json\/wp\/v2\/posts\/152698","targetHints":{"allow":["GET"]}}],"collection":[{"href":"https:\/\/rdnews.al\/index.php\/wp-json\/wp\/v2\/posts"}],"about":[{"href":"https:\/\/rdnews.al\/index.php\/wp-json\/wp\/v2\/types\/post"}],"author":[{"embeddable":true,"href":"https:\/\/rdnews.al\/index.php\/wp-json\/wp\/v2\/users\/4"}],"replies":[{"embeddable":true,"href":"https:\/\/rdnews.al\/index.php\/wp-json\/wp\/v2\/comments?post=152698"}],"version-history":[{"count":1,"href":"https:\/\/rdnews.al\/index.php\/wp-json\/wp\/v2\/posts\/152698\/revisions"}],"predecessor-version":[{"id":152700,"href":"https:\/\/rdnews.al\/index.php\/wp-json\/wp\/v2\/posts\/152698\/revisions\/152700"}],"wp:featuredmedia":[{"embeddable":true,"href":"https:\/\/rdnews.al\/index.php\/wp-json\/wp\/v2\/media\/152699"}],"wp:attachment":[{"href":"https:\/\/rdnews.al\/index.php\/wp-json\/wp\/v2\/media?parent=152698"}],"wp:term":[{"taxonomy":"category","embeddable":true,"href":"https:\/\/rdnews.al\/index.php\/wp-json\/wp\/v2\/categories?post=152698"},{"taxonomy":"post_tag","embeddable":true,"href":"https:\/\/rdnews.al\/index.php\/wp-json\/wp\/v2\/tags?post=152698"}],"curies":[{"name":"wp","href":"https:\/\/api.w.org\/{rel}","templated":true}]}}