{"id":152701,"date":"2026-09-05T09:07:21","date_gmt":"2026-09-05T09:07:21","guid":{"rendered":"https:\/\/rdnews.al\/?p=152701"},"modified":"2026-09-05T09:07:21","modified_gmt":"2026-09-05T09:07:21","slug":"berisha-himara-ne-flake-kukulla-e-rames-asnje-fjale-ne-buletinin-e-darkes-turp-dhe-krim","status":"publish","type":"post","link":"https:\/\/rdnews.al\/index.php\/2026\/09\/05\/berisha-himara-ne-flake-kukulla-e-rames-asnje-fjale-ne-buletinin-e-darkes-turp-dhe-krim\/","title":{"rendered":"Berisha: Himara n\u00eb flak\u00eb, Kukulla e Ram\u00ebs asnj\u00eb fjal\u00eb n\u00eb buletinin e dark\u00ebs! Turp dhe krim!"},"content":{"rendered":"<p>Vijon t\u00eb jet\u00eb e r\u00ebnduar situata n\u00eb zon\u00ebn e Himar\u00ebs, ku flak\u00ebt jan\u00eb aktive dhe zjarri \u00ebsht\u00eb i duksh\u00ebm nga distanca.<\/p>\n<p>P\u00ebr situat\u00ebn ka reaguar kryetari i PD, Sali Berisha, i cili ka drejtuar akuza t\u00eb drejtp\u00ebrdrejta ndaj qeveris\u00eb dhe ministrit t\u00eb Mbrojtjes, Ermal Nufi, p\u00ebr fshehjen e informacionit zyrtar lidhur me situat\u00ebn.<\/p>\n<p>&#8220;Himara n\u00eb flak\u00eb, Kukulla e Ram\u00ebs, Nufi asnj\u00eb fjal\u00eb n\u00eb buletinin e dark\u00ebs p\u00ebr Himar\u00ebn. Turp dhe krim! #sb&#8221;, shkruan Berisha.<\/p>\n","protected":false},"excerpt":{"rendered":"<p>Vijon t\u00eb jet\u00eb e r\u00ebnduar situata n\u00eb zon\u00ebn e Himar\u00ebs, ku flak\u00ebt jan\u00eb aktive dhe zjarri \u00ebsht\u00eb i duksh\u00ebm nga distanca. P\u00ebr situat\u00ebn ka reaguar kryetari i PD, Sali Berisha, i cili ka drejtuar akuza t\u00eb drejtp\u00ebrdrejta ndaj qeveris\u00eb dhe ministrit t\u00eb Mbrojtjes, Ermal Nufi, p\u00ebr fshehjen e informacionit zyrtar lidhur me situat\u00ebn. &#8220;Himara n\u00eb &hellip;<\/p>\n","protected":false},"author":4,"featured_media":152702,"comment_status":"closed","ping_status":"closed","sticky":false,"template":"","format":"standard","meta":{"footnotes":""},"categories":[37],"tags":[],"class_list":["post-152701","post","type-post","status-publish","format-standard","has-post-thumbnail","","category-politike"],"_links":{"self":[{"href":"https:\/\/rdnews.al\/index.php\/wp-json\/wp\/v2\/posts\/152701","targetHints":{"allow":["GET"]}}],"collection":[{"href":"https:\/\/rdnews.al\/index.php\/wp-json\/wp\/v2\/posts"}],"about":[{"href":"https:\/\/rdnews.al\/index.php\/wp-json\/wp\/v2\/types\/post"}],"author":[{"embeddable":true,"href":"https:\/\/rdnews.al\/index.php\/wp-json\/wp\/v2\/users\/4"}],"replies":[{"embeddable":true,"href":"https:\/\/rdnews.al\/index.php\/wp-json\/wp\/v2\/comments?post=152701"}],"version-history":[{"count":1,"href":"https:\/\/rdnews.al\/index.php\/wp-json\/wp\/v2\/posts\/152701\/revisions"}],"predecessor-version":[{"id":152703,"href":"https:\/\/rdnews.al\/index.php\/wp-json\/wp\/v2\/posts\/152701\/revisions\/152703"}],"wp:featuredmedia":[{"embeddable":true,"href":"https:\/\/rdnews.al\/index.php\/wp-json\/wp\/v2\/media\/152702"}],"wp:attachment":[{"href":"https:\/\/rdnews.al\/index.php\/wp-json\/wp\/v2\/media?parent=152701"}],"wp:term":[{"taxonomy":"category","embeddable":true,"href":"https:\/\/rdnews.al\/index.php\/wp-json\/wp\/v2\/categories?post=152701"},{"taxonomy":"post_tag","embeddable":true,"href":"https:\/\/rdnews.al\/index.php\/wp-json\/wp\/v2\/tags?post=152701"}],"curies":[{"name":"wp","href":"https:\/\/api.w.org\/{rel}","templated":true}]}}