{"id":152707,"date":"2026-09-05T09:34:20","date_gmt":"2026-09-05T09:34:20","guid":{"rendered":"https:\/\/rdnews.al\/?p=152707"},"modified":"2026-09-05T09:34:20","modified_gmt":"2026-09-05T09:34:20","slug":"vasili-himara-dhe-fieri-ne-flake-rama-nuk-e-ben-qejfin-qeder","status":"publish","type":"post","link":"https:\/\/rdnews.al\/index.php\/2026\/09\/05\/vasili-himara-dhe-fieri-ne-flake-rama-nuk-e-ben-qejfin-qeder\/","title":{"rendered":"Vasili: Himara dhe Fieri n\u00eb flak\u00eb Rama nuk e b\u00ebn qejfin qeder!"},"content":{"rendered":"<p><strong>Nga Petrit VASILI<\/strong><\/p>\n<p>Edi Rama sot ne 8 e 20 min te mengjezit poston ne FB lajm per rikonstruksionin e nje manastiri ne Dervi\u00e7an sikur ne Shqiperi s&#8217;ka ndodhur asgje pavarsisht flakeve apokaliptike.<\/p>\n<p>Per Edi Ramen flaket e tmerrshme ne Himare dhe Fier nuk jane pjese e Shqiperise qe qeveris ai.<\/p>\n<p>Megjithese u dogjen shtepi, dhe kultura bujqesore e pasuri pyjore ne sasi te medha dhe me dem miliona euro, Edi Rama nuk e prish fare gjumin e mengjezit te tij ne Itali per ta.<\/p>\n<p>Vazhdo qejfin ne Itali Edi Rama se Shqiperine e ke lene ne mes te kater rrugeve ne meshire te fatit.<\/p>\n<p>Turp e kaluar turpit.<\/p>\n<p><img decoding=\"async\" src=\"https:\/\/scontent.ftia9-1.fna.fbcdn.net\/v\/t39.99422-6\/797339531_1410227371032734_5022266111509534240_n.png?stp=dst-jpg_tt6&amp;cstp=mx1736x2048&amp;ctp=s590x590&amp;_nc_cat=111&amp;ccb=1-7&amp;_nc_sid=833d8c&amp;_nc_eui2=AeFWD66hm4hoGJDMqYfKv8i0SEvgn3L2pNJIS-Cfcvak0pOdMEpYhgKltKG5GKUVwHg&amp;_nc_ohc=DE2WWNOhPdkQ7kNvwHHGjcf&amp;_nc_oc=Ado6RB681R_IW-C50Uo9oVlq3PFFeoMUrWpENtxnoCNuGCABDSrHLsDmzwz0nu6yEr8&amp;_nc_zt=14&amp;_nc_ht=scontent.ftia9-1.fna&amp;_nc_gid=WPPFJ6Dp-wtFXE9Yvf9Qvw&amp;_nc_ss=7f2a8&amp;oh=00_AQIojWYKfnmMtioaZ0fTlTgFMX1tktADMoYg4ap0QFVeYg&amp;oe=6AA19A4E\" alt=\"Mund t\u00eb jet\u00eb nj\u00eb imazh i teksti q\u00eb thot\u00eb &quot;Edi Rama Rama 3h \u00b7\u00b7\u00b7 MIR\u1ec4MENGJES dhe me pun\u00ebn p\u00ebr rilindjen e Manastirit t\u00eb Kryengj\u00ebjve n\u00eb Dervi\u00e7an, nj\u00eb thesar i \u00e7muar i Dropullit dhe nj\u00eb nd\u00ebr 15 15 manastiret Ae d\u00ebshmojn\u00eb pasurin\u00eb e rrall\u00eb shpirt\u00ebrore e kulturore t\u00eb Qarkut e Gjirokastr\u00ebs, ju uroj nj\u00eb fundjav\u00eb mbar\u00eb&quot;\" \/><\/p>\n","protected":false},"excerpt":{"rendered":"<p>Nga Petrit VASILI Edi Rama sot ne 8 e 20 min te mengjezit poston ne FB lajm per rikonstruksionin e nje manastiri ne Dervi\u00e7an sikur ne Shqiperi s&#8217;ka ndodhur asgje pavarsisht flakeve apokaliptike. Per Edi Ramen flaket e tmerrshme ne Himare dhe Fier nuk jane pjese e Shqiperise qe qeveris ai. Megjithese u dogjen shtepi, &hellip;<\/p>\n","protected":false},"author":4,"featured_media":152699,"comment_status":"closed","ping_status":"closed","sticky":false,"template":"","format":"standard","meta":{"footnotes":""},"categories":[37],"tags":[],"class_list":["post-152707","post","type-post","status-publish","format-standard","has-post-thumbnail","","category-politike"],"_links":{"self":[{"href":"https:\/\/rdnews.al\/index.php\/wp-json\/wp\/v2\/posts\/152707","targetHints":{"allow":["GET"]}}],"collection":[{"href":"https:\/\/rdnews.al\/index.php\/wp-json\/wp\/v2\/posts"}],"about":[{"href":"https:\/\/rdnews.al\/index.php\/wp-json\/wp\/v2\/types\/post"}],"author":[{"embeddable":true,"href":"https:\/\/rdnews.al\/index.php\/wp-json\/wp\/v2\/users\/4"}],"replies":[{"embeddable":true,"href":"https:\/\/rdnews.al\/index.php\/wp-json\/wp\/v2\/comments?post=152707"}],"version-history":[{"count":2,"href":"https:\/\/rdnews.al\/index.php\/wp-json\/wp\/v2\/posts\/152707\/revisions"}],"predecessor-version":[{"id":152709,"href":"https:\/\/rdnews.al\/index.php\/wp-json\/wp\/v2\/posts\/152707\/revisions\/152709"}],"wp:featuredmedia":[{"embeddable":true,"href":"https:\/\/rdnews.al\/index.php\/wp-json\/wp\/v2\/media\/152699"}],"wp:attachment":[{"href":"https:\/\/rdnews.al\/index.php\/wp-json\/wp\/v2\/media?parent=152707"}],"wp:term":[{"taxonomy":"category","embeddable":true,"href":"https:\/\/rdnews.al\/index.php\/wp-json\/wp\/v2\/categories?post=152707"},{"taxonomy":"post_tag","embeddable":true,"href":"https:\/\/rdnews.al\/index.php\/wp-json\/wp\/v2\/tags?post=152707"}],"curies":[{"name":"wp","href":"https:\/\/api.w.org\/{rel}","templated":true}]}}