{"id":152710,"date":"2026-09-05T09:46:02","date_gmt":"2026-09-05T09:46:02","guid":{"rendered":"https:\/\/rdnews.al\/?p=152710"},"modified":"2026-09-05T09:46:02","modified_gmt":"2026-09-05T09:46:02","slug":"reagon-pd-fier-zjarri-ne-radostine-te-levanit-djeg-propaganden-e-edi-rames","status":"publish","type":"post","link":"https:\/\/rdnews.al\/index.php\/2026\/09\/05\/reagon-pd-fier-zjarri-ne-radostine-te-levanit-djeg-propaganden-e-edi-rames\/","title":{"rendered":"Reagon PD Fier: Zjarri n\u00eb Radostin\u00eb t\u00eb Levanit djeg propagand\u00ebn e Edi Ram\u00ebs!"},"content":{"rendered":"<p><strong>Deklarat\u00eb e Partis\u00eb Demokratike, Dega Fier<\/strong><\/p>\n<p>Rreth ores 10:00 t\u00eb paradites s\u00eb djeshme, 4 shtator, nj\u00eb vat\u00ebr zjarri, q\u00eb dyshohet t\u00eb ket\u00eb qen\u00eb e q\u00ebllimshme, shp\u00ebrtheu n\u00eb zon\u00ebn q\u00eb banor\u00ebt e njohin si \u201cUllishtet e Ferm\u00ebs\u201d. E favorizuar nga era e fort\u00eb, flak\u00ebt u p\u00ebrhap\u00ebn me shpejt\u00ebsi n\u00eb drejtim t\u00eb Driz\u00ebs, Zhupanit dhe pyllit t\u00eb Levanit.<br \/>\nZjarri p\u00ebrfshiu nj\u00eb sip\u00ebrfaqe prej qindra hektaresh, duke v\u00ebn\u00eb n\u00eb rrezik serioz banesa, biznese, ullishte, pem\u00eb frutore dhe pyje. P\u00ebr fat t\u00eb mir\u00eb nuk pati d\u00ebme t\u00eb m\u00ebdha n\u00eb banesa dhe biznese, por d\u00ebmet n\u00eb bujq\u00ebsi dhe mjedis jan\u00eb t\u00eb konsiderueshme dhe do t\u00eb k\u00ebrkojn\u00eb nj\u00eb vler\u00ebsim t\u00eb plot\u00eb n\u00eb terren.<br \/>\nNga informacionet paraprake q\u00eb kemi mbledhur, vet\u00ebm n\u00eb zon\u00ebn e Ferm\u00ebs jan\u00eb djegur mbi 4.500 rr\u00ebnj\u00eb ullinj, nd\u00ebrsa d\u00ebmet totale, q\u00eb p\u00ebrfshijn\u00eb mij\u00ebra hektar\u00eb ullishte dhe sip\u00ebrfaqe pyjore, pritet t\u00eb jen\u00eb shum\u00eb m\u00eb t\u00eb m\u00ebdha. Bilanci i plot\u00eb do t\u00eb mund t\u00eb p\u00ebrcaktohet vet\u00ebm pas p\u00ebrfundimit t\u00eb vler\u00ebsimit n\u00eb terren.<br \/>\nAjo q\u00eb \u00ebsht\u00eb edhe m\u00eb shqet\u00ebsuese \u00ebsht\u00eb m\u00ebnyra e reagimit t\u00eb strukturave p\u00ebrgjegj\u00ebse.<br \/>\nSipas banor\u00ebve t\u00eb zon\u00ebs, pas shp\u00ebrthimit t\u00eb vatr\u00ebs s\u00eb par\u00eb, policia ishte nd\u00ebr strukturat e para q\u00eb mb\u00ebrriti n\u00eb mb\u00ebshtetje t\u00eb banor\u00ebve, nd\u00ebrsa mjetet zjarrfik\u00ebse u shfaq\u00ebn rreth dy or\u00eb m\u00eb von\u00eb.<br \/>\nEdhe m\u00eb alarmues \u00ebsht\u00eb fakti se, sipas d\u00ebshmive t\u00eb banor\u00ebve, punonj\u00ebs t\u00eb sh\u00ebrbimit zjarrfik\u00ebs kan\u00eb shprehur shqet\u00ebsimin se nuk dispononin uj\u00eb t\u00eb mjaftuesh\u00ebm p\u00ebr nj\u00eb nd\u00ebrhyrje t\u00eb menj\u00ebhershme dhe efikase<br \/>\nKjo \u00ebsht\u00eb e papranueshme!<br \/>\nN\u00eb nj\u00eb vend ku \u00e7do ver\u00eb p\u00ebrballemi me zjarre masive, emergjencat civile duhet t\u00eb jen\u00eb t\u00eb pajisura dhe t\u00eb gatshme p\u00ebr t\u00eb nd\u00ebrhyr\u00eb n\u00eb minutat e para. Propaganda nuk e z\u00ebvend\u00ebson ujin, mjetet zjarrfik\u00ebse dhe organizimin.<br \/>\nM\u00eb von\u00eb, emergjencat civile u detyruan t\u00eb nd\u00ebrhyjn\u00eb nga ajri, pasi nd\u00ebrhyrja nga toka ishte jasht\u00ebzakonisht e v\u00ebshtir\u00eb me kapacitetet dhe mjetet n\u00eb dispozicion. Dy helikopter\u00eb kontribuuan n\u00eb izolimin e nj\u00eb pjese t\u00eb vatrave, por me r\u00ebnien e mbr\u00ebmjes kushtet e v\u00ebshtira, tymi dhe hiri e b\u00ebn\u00eb t\u00eb pamundur vijimin e fluturimeve.<br \/>\nPartia Demokratike, Dega Fier, q\u00ebndron pran\u00eb banor\u00ebve t\u00eb Radostin\u00ebs, Levanit dhe t\u00eb gjith\u00eb zonave t\u00eb prekura nga zjarri.<br \/>\nNe nuk jemi aty p\u00ebr t\u00eb b\u00ebr\u00eb politik\u00eb mbi fatkeq\u00ebsin\u00eb e njer\u00ebzve. Jemi aty p\u00ebr t\u00eb k\u00ebrkuar p\u00ebrgjegj\u00ebsi, transparenc\u00eb dhe mb\u00ebshtetje konkrete p\u00ebr banor\u00ebt e d\u00ebmtuar.<br \/>\nPor nj\u00ebkoh\u00ebsisht duhet th\u00ebn\u00eb qart\u00eb:<br \/>\nPropaganda nuk mjafton p\u00ebr t\u00eb shuar zjarret.<br \/>\nQeveria duhet t\u00eb jap\u00eb llogari p\u00ebr m\u00ebnyr\u00ebn se si jan\u00eb menaxhuar fondet dhe kapacitetet e emergjencave civile. Kryeministri Edi Rama duhet t\u00eb kuptoj\u00eb se siguria e qytetar\u00ebve dhe mbrojtja e pasuris\u00eb s\u00eb tyre duhet t\u00eb jen\u00eb p\u00ebrpar\u00ebsi, jo spektakli dhe propaganda.<br \/>\nNuk mund t\u00eb shpenzohen miliona p\u00ebr fasada, koncerte dhe spektakle, nd\u00ebrkoh\u00eb q\u00eb kur digjen mij\u00ebra rr\u00ebnj\u00eb ullinjsh, hektar\u00eb pyje dhe toka bujq\u00ebsore, zjarrfik\u00ebsit p\u00ebrballen me munges\u00eb mjetesh dhe uji.<br \/>\nKjo nuk \u00ebsht\u00eb m\u00eb \u00e7\u00ebshtje politike. \u00cbsht\u00eb \u00e7\u00ebshtje p\u00ebrgjegj\u00ebsie shtet\u00ebrore.<br \/>\nSot kemi nj\u00eb d\u00ebm t\u00eb madh ekonomik, bujq\u00ebsor dhe mjedisor. Nes\u00ebr mund t\u00eb kemi humbje njer\u00ebzore. Dhe at\u00ebher\u00eb do t\u00eb jet\u00eb tep\u00ebr von\u00eb.<br \/>\nI b\u00ebjm\u00eb thirrje Qeveris\u00eb dhe Bashkis\u00eb Fier<br \/>\n* t\u00eb ngren\u00eb menj\u00ebher\u00eb nj\u00eb grup pune p\u00ebr evidentimin e plot\u00eb t\u00eb d\u00ebmeve;<br \/>\n* t\u00eb b\u00ebjn\u00eb transparent bilancin e sip\u00ebrfaqeve dhe pronave t\u00eb d\u00ebmtuara;<br \/>\n* t\u00eb evidentojn\u00eb \u00e7do fermer dhe banor t\u00eb prekur;<br \/>\n* t\u00eb marrin masa konkrete p\u00ebr **d\u00ebmshp\u00ebrblimin e banor\u00ebve;<br \/>\n* t\u00eb hetojn\u00eb me seriozitet shkaqet e zjarrit dhe \u00e7do p\u00ebrgjegj\u00ebsi t\u00eb mundshme;<br \/>\n* dhe t\u00eb garantojn\u00eb kapacitetet e nevojshme p\u00ebr emergjencat civile n\u00eb territorin e Bashkis\u00eb Fier.<br \/>\nKoha e propagand\u00ebs duhet t\u00eb marr\u00eb fund. Koha e p\u00ebrgjegj\u00ebsis\u00eb duhet t\u00eb filloj\u00eb tani.<br \/>\nSepse kur digjet prona e qytetarit, nuk shuhet me propagand\u00eb.<br \/>\nNes\u00ebr mund t\u00eb jet\u00eb shum\u00eb von\u00eb.<\/p>\n<p><strong>Ardian Ferro<\/strong><br \/>\n<strong>Kryetar i Partis\u00eb Demokratike \u2013 Dega Fier<\/strong><\/p>\n<p><iframe loading=\"lazy\" style=\"border: none; overflow: hidden;\" src=\"https:\/\/www.facebook.com\/plugins\/video.php?height=314&amp;href=https%3A%2F%2Fwww.facebook.com%2Freel%2F1056317787246795%2F&amp;show_text=false&amp;width=560&amp;t=0\" width=\"560\" height=\"314\" frameborder=\"0\" scrolling=\"no\" allowfullscreen=\"allowfullscreen\"><\/iframe><\/p>\n","protected":false},"excerpt":{"rendered":"<p>Deklarat\u00eb e Partis\u00eb Demokratike, Dega Fier Rreth ores 10:00 t\u00eb paradites s\u00eb djeshme, 4 shtator, nj\u00eb vat\u00ebr zjarri, q\u00eb dyshohet t\u00eb ket\u00eb qen\u00eb e q\u00ebllimshme, shp\u00ebrtheu n\u00eb zon\u00ebn q\u00eb banor\u00ebt e njohin si \u201cUllishtet e Ferm\u00ebs\u201d. E favorizuar nga era e fort\u00eb, flak\u00ebt u p\u00ebrhap\u00ebn me shpejt\u00ebsi n\u00eb drejtim t\u00eb Driz\u00ebs, Zhupanit dhe pyllit t\u00eb &hellip;<\/p>\n","protected":false},"author":4,"featured_media":152711,"comment_status":"closed","ping_status":"closed","sticky":false,"template":"","format":"standard","meta":{"footnotes":""},"categories":[37],"tags":[],"class_list":["post-152710","post","type-post","status-publish","format-standard","has-post-thumbnail","","category-politike"],"_links":{"self":[{"href":"https:\/\/rdnews.al\/index.php\/wp-json\/wp\/v2\/posts\/152710","targetHints":{"allow":["GET"]}}],"collection":[{"href":"https:\/\/rdnews.al\/index.php\/wp-json\/wp\/v2\/posts"}],"about":[{"href":"https:\/\/rdnews.al\/index.php\/wp-json\/wp\/v2\/types\/post"}],"author":[{"embeddable":true,"href":"https:\/\/rdnews.al\/index.php\/wp-json\/wp\/v2\/users\/4"}],"replies":[{"embeddable":true,"href":"https:\/\/rdnews.al\/index.php\/wp-json\/wp\/v2\/comments?post=152710"}],"version-history":[{"count":1,"href":"https:\/\/rdnews.al\/index.php\/wp-json\/wp\/v2\/posts\/152710\/revisions"}],"predecessor-version":[{"id":152712,"href":"https:\/\/rdnews.al\/index.php\/wp-json\/wp\/v2\/posts\/152710\/revisions\/152712"}],"wp:featuredmedia":[{"embeddable":true,"href":"https:\/\/rdnews.al\/index.php\/wp-json\/wp\/v2\/media\/152711"}],"wp:attachment":[{"href":"https:\/\/rdnews.al\/index.php\/wp-json\/wp\/v2\/media?parent=152710"}],"wp:term":[{"taxonomy":"category","embeddable":true,"href":"https:\/\/rdnews.al\/index.php\/wp-json\/wp\/v2\/categories?post=152710"},{"taxonomy":"post_tag","embeddable":true,"href":"https:\/\/rdnews.al\/index.php\/wp-json\/wp\/v2\/tags?post=152710"}],"curies":[{"name":"wp","href":"https:\/\/api.w.org\/{rel}","templated":true}]}}