{"id":152719,"date":"2026-09-05T13:39:47","date_gmt":"2026-09-05T13:39:47","guid":{"rendered":"https:\/\/rdnews.al\/?p=152719"},"modified":"2026-09-05T13:39:47","modified_gmt":"2026-09-05T13:39:47","slug":"berisha-perkujton-shenjterimin-e-nene-terezes-bije-e-madhe-e-kombit-shqiptar","status":"publish","type":"post","link":"https:\/\/rdnews.al\/index.php\/2026\/09\/05\/berisha-perkujton-shenjterimin-e-nene-terezes-bije-e-madhe-e-kombit-shqiptar\/","title":{"rendered":"Berisha p\u00ebrkujton shenjt\u00ebrimin e N\u00ebn\u00eb Terez\u00ebs: Bij\u00eb e madhe e kombit shqiptar!"},"content":{"rendered":"<p>Kryetari i Partis\u00eb Demokratike, Sali Berisha, ka p\u00ebrkujtuar 10-vjetorin e shenjt\u00ebrimit t\u00eb N\u00ebn\u00eb Terez\u00ebs, si nj\u00eb nga figurat m\u00eb t\u00eb m\u00ebdha t\u00eb njer\u00ebzimit dhe \u201cbij\u00ebn m\u00eb t\u00eb shquar t\u00eb kombit shqiptar\u201d.<\/p>\n<p>N\u00eb nj\u00eb status n\u00eb rrjetet sociale, Berisha rikujton se m\u00eb 5 shtator 2016, n\u00eb Sheshin e Sh\u00ebn Pjetrit n\u00eb Rom\u00eb, Papa Fran\u00e7esku shpalli shenjtore N\u00ebn\u00eb Terez\u00ebn e Kalkut\u00ebs.<\/p>\n<p>Berisha vler\u00ebson kontributin e saj n\u00eb sh\u00ebrbim t\u00eb t\u00eb varf\u00ebrve, t\u00eb s\u00ebmur\u00ebve dhe t\u00eb braktisurve, duke theksuar se ajo \u201clindi shqiptare, u b\u00eb qytetare e bot\u00ebs dhe mbeti deri n\u00eb fund nj\u00eb bij\u00eb krenare e kombit t\u00eb saj\u201d.<\/p>\n<p>\u201cShenjt\u00ebrimi i N\u00ebn\u00eb Terez\u00ebs ishte nj\u00eb nderim i jasht\u00ebzakonsh\u00ebm\u201d p\u00ebr shqiptar\u00ebt, shkruan Berisha, duke e cil\u00ebsuar figur\u00ebn e saj si d\u00ebshmi t\u00eb vlerave, dashuris\u00eb dhe humanizmit q\u00eb shqiptar\u00ebt i kan\u00eb dh\u00ebn\u00eb njer\u00ebzimit.<\/p>\n<p>N\u00eb p\u00ebrfundim, Berisha shpreh admirim dhe krenari p\u00ebr Sh\u00ebn N\u00ebn\u00eb Terez\u00ebn, duke e cil\u00ebsuar \u201cbij\u00eb t\u00eb madhe t\u00eb kombit shqiptar\u201d.<\/p>\n<p>Reagimi i plot\u00eb:<\/p>\n<p>P\u00ebrvjetori i shenjt\u00ebrimit t\u00eb nobelistes shqiptare, Sh\u00ebn N\u00ebn\u00eb Terez\u00ebs<\/p>\n<p>T\u00eb dashur miq,<\/p>\n<p>Sot \u00ebsht\u00eb nj\u00eb dit\u00eb e sh\u00ebnuar p\u00ebr kombin shqiptar dhe p\u00ebr mbar\u00eb bot\u00ebn e krishter\u00eb. Sot kujtojm\u00eb p\u00ebrvjetorin e shenjt\u00ebrimit t\u00eb bij\u00ebs m\u00eb t\u00eb shquar t\u00eb kombit shqiptar, N\u00ebn\u00eb Terez\u00ebs.<\/p>\n<p>M\u00eb 5 shtator 2016, n\u00eb Sheshin e Sh\u00ebn Pjetrit n\u00eb Rom\u00eb, Papa Fran\u00e7esku shpalli shenjtore N\u00ebn\u00eb Terez\u00ebn e Kalkut\u00ebs, gruan shqiptare q\u00eb me jet\u00ebn, vepr\u00ebn dhe dashurin\u00eb e saj p\u00ebr t\u00eb varfrit e t\u00eb pamundurit u b\u00eb nj\u00eb nga figurat m\u00eb t\u00eb m\u00ebdha t\u00eb njer\u00ebzimit.<\/p>\n<p>N\u00eb at\u00eb dit\u00eb historike, Papa Fran\u00e7esku e cil\u00ebsoi N\u00ebn\u00eb Terez\u00ebn si \u201cshp\u00ebrndar\u00ebse t\u00eb m\u00ebshir\u00ebs hyjnore\u201d, duke nderuar p\u00ebrmes saj nj\u00eb jet\u00eb t\u00ebr\u00ebsisht t\u00eb p\u00ebrkushtuar ndaj njeriut, ve\u00e7an\u00ebrisht ndaj atyre q\u00eb nuk kishin m\u00eb asgj\u00eb, p\u00ebrve\u00e7 nevoj\u00ebs p\u00ebr nj\u00eb dor\u00eb t\u00eb shtrir\u00eb dhe nj\u00eb zem\u00ebr q\u00eb t\u2019i donte.<\/p>\n<p>P\u00ebr ne shqiptar\u00ebt, shenjt\u00ebrimi i N\u00ebn\u00eb Terez\u00ebs ishte nj\u00eb nderim i jasht\u00ebzakonsh\u00ebm. Ishte kuror\u00ebzimi i nj\u00eb jete t\u00eb rrall\u00eb, por edhe nj\u00eb d\u00ebshmi madh\u00ebshtore e vlerave q\u00eb shqiptar\u00ebt kan\u00eb mundur t\u2019i japin njer\u00ebzimit.<\/p>\n<p>Ajo lindi shqiptare, u b\u00eb qytetare e bot\u00ebs dhe mbeti deri n\u00eb fund nj\u00eb bij\u00eb krenare e kombit t\u00eb saj.<\/p>\n<p>Me p\u00ebrul\u00ebsi, admirim dhe krenari, ne kujtojm\u00eb sot Sh\u00ebn N\u00ebn\u00eb Terez\u00ebn, gruan q\u00eb ia kushtoi jet\u00ebn m\u00eb t\u00eb varf\u00ebrve, t\u00eb s\u00ebmur\u00ebve, t\u00eb braktisurve dhe t\u00eb vuajturve; gruan q\u00eb u dha miliona njer\u00ebzve shpres\u00eb, dinjitet dhe dashuri.<\/p>\n<p>N\u00ebn\u00eb Tereza \u00ebsht\u00eb nj\u00eb nga d\u00ebshmit\u00eb m\u00eb t\u00eb ndritshme se madh\u00ebshtia e nj\u00eb kombi nuk matet vet\u00ebm me fuqin\u00eb apo pasurin\u00eb e tij, por me vlerat, dashurin\u00eb dhe humanizmin q\u00eb ai i dhuron njer\u00ebzimit.<\/p>\n<p>Lavdi p\u00ebrjet\u00eb kujtimit t\u00eb Sh\u00ebn N\u00ebn\u00eb Terez\u00ebs, bij\u00ebs s\u00eb madhe t\u00eb kombit shqiptar!<\/p>\n<p><img decoding=\"async\" src=\"https:\/\/scontent.ftia5-1.fna.fbcdn.net\/v\/t39.99422-6\/796098160_1073234341913853_2200620859660647525_n.png?stp=dst-jpg_tt6&amp;cstp=mx1125x786&amp;ctp=s590x590&amp;_nc_cat=109&amp;ccb=1-7&amp;_nc_sid=127cfc&amp;_nc_ohc=HM4hwhmF_TwQ7kNvwFsz50j&amp;_nc_oc=AdqKI8yo1KUxv570J-sFcD1rySVpLSGCsSw_fPz5zjtuL9bGODr2fjOihAntKlvt_Vo&amp;_nc_zt=14&amp;_nc_ht=scontent.ftia5-1.fna&amp;_nc_gid=QyDvjdnxmWgObFVzOgmYtg&amp;_nc_ss=7b289&amp;oh=00_AQIGGb_TZzrevWNWMFRHeQguKOEofzNvkMHlYnuH4DRK-w&amp;oe=6AA1DB5E\" \/><img decoding=\"async\" src=\"https:\/\/scontent.ftia5-1.fna.fbcdn.net\/v\/t39.99422-6\/796903589_1987073611964882_632622685574208483_n.png?stp=dst-jpg_tt6&amp;cstp=mx1125x814&amp;ctp=s590x590&amp;_nc_cat=108&amp;ccb=1-7&amp;_nc_sid=127cfc&amp;_nc_ohc=_MERu40-Kg4Q7kNvwEKB1SN&amp;_nc_oc=AdojhFWzCleOgtsFolPCE3K3v6Kvi_qeZ9fxgAVqDduWEkdS_mEwELEFkJgQ4gIGTEM&amp;_nc_zt=14&amp;_nc_ht=scontent.ftia5-1.fna&amp;_nc_gid=QyDvjdnxmWgObFVzOgmYtg&amp;_nc_ss=7b289&amp;oh=00_AQIBok9AmXlKe3WS2EocIJId1p9PjllgsFrnXVNGKxKkZQ&amp;oe=6AA1D6E9\" \/><img decoding=\"async\" src=\"https:\/\/scontent.ftia5-1.fna.fbcdn.net\/v\/t39.99422-6\/797841677_1774041566975791_8981556451748221646_n.png?stp=dst-jpg_tt6&amp;cstp=mx494x330&amp;ctp=s494x330&amp;_nc_cat=109&amp;ccb=1-7&amp;_nc_sid=127cfc&amp;_nc_ohc=_USUo8IXu4gQ7kNvwEyu5bb&amp;_nc_oc=Ado4Is_AB9FRaFJXPVjYyUHRkSLs-gZUlgpLY38dtEW1Ffjojkqs3HKsLOruuXw6_ho&amp;_nc_zt=14&amp;_nc_ht=scontent.ftia5-1.fna&amp;_nc_gid=QyDvjdnxmWgObFVzOgmYtg&amp;_nc_ss=7b289&amp;oh=00_AQIpKhdUNzbcmAzZm2wMmiHjMF5TXW-o363HxNJ4m6WgBA&amp;oe=6AA1EAAA\" \/><\/p>\n","protected":false},"excerpt":{"rendered":"<p>Kryetari i Partis\u00eb Demokratike, Sali Berisha, ka p\u00ebrkujtuar 10-vjetorin e shenjt\u00ebrimit t\u00eb N\u00ebn\u00eb Terez\u00ebs, si nj\u00eb nga figurat m\u00eb t\u00eb m\u00ebdha t\u00eb njer\u00ebzimit dhe \u201cbij\u00ebn m\u00eb t\u00eb shquar t\u00eb kombit shqiptar\u201d. N\u00eb nj\u00eb status n\u00eb rrjetet sociale, Berisha rikujton se m\u00eb 5 shtator 2016, n\u00eb Sheshin e Sh\u00ebn Pjetrit n\u00eb Rom\u00eb, Papa Fran\u00e7esku shpalli shenjtore &hellip;<\/p>\n","protected":false},"author":4,"featured_media":152720,"comment_status":"closed","ping_status":"closed","sticky":false,"template":"","format":"standard","meta":{"footnotes":""},"categories":[37],"tags":[],"class_list":["post-152719","post","type-post","status-publish","format-standard","has-post-thumbnail","","category-politike"],"_links":{"self":[{"href":"https:\/\/rdnews.al\/index.php\/wp-json\/wp\/v2\/posts\/152719","targetHints":{"allow":["GET"]}}],"collection":[{"href":"https:\/\/rdnews.al\/index.php\/wp-json\/wp\/v2\/posts"}],"about":[{"href":"https:\/\/rdnews.al\/index.php\/wp-json\/wp\/v2\/types\/post"}],"author":[{"embeddable":true,"href":"https:\/\/rdnews.al\/index.php\/wp-json\/wp\/v2\/users\/4"}],"replies":[{"embeddable":true,"href":"https:\/\/rdnews.al\/index.php\/wp-json\/wp\/v2\/comments?post=152719"}],"version-history":[{"count":2,"href":"https:\/\/rdnews.al\/index.php\/wp-json\/wp\/v2\/posts\/152719\/revisions"}],"predecessor-version":[{"id":152722,"href":"https:\/\/rdnews.al\/index.php\/wp-json\/wp\/v2\/posts\/152719\/revisions\/152722"}],"wp:featuredmedia":[{"embeddable":true,"href":"https:\/\/rdnews.al\/index.php\/wp-json\/wp\/v2\/media\/152720"}],"wp:attachment":[{"href":"https:\/\/rdnews.al\/index.php\/wp-json\/wp\/v2\/media?parent=152719"}],"wp:term":[{"taxonomy":"category","embeddable":true,"href":"https:\/\/rdnews.al\/index.php\/wp-json\/wp\/v2\/categories?post=152719"},{"taxonomy":"post_tag","embeddable":true,"href":"https:\/\/rdnews.al\/index.php\/wp-json\/wp\/v2\/tags?post=152719"}],"curies":[{"name":"wp","href":"https:\/\/api.w.org\/{rel}","templated":true}]}}