{"id":152723,"date":"2026-09-05T16:00:50","date_gmt":"2026-09-05T16:00:50","guid":{"rendered":"https:\/\/rdnews.al\/?p=152723"},"modified":"2026-09-05T16:00:50","modified_gmt":"2026-09-05T16:00:50","slug":"baci-zjarri-ne-fier-u-fik-pasi-nuk-kishte-se-cfare-te-digjej-me","status":"publish","type":"post","link":"https:\/\/rdnews.al\/index.php\/2026\/09\/05\/baci-zjarri-ne-fier-u-fik-pasi-nuk-kishte-se-cfare-te-digjej-me\/","title":{"rendered":"Ba\u00e7i: Zjarri n\u00eb Fier u fik pasi nuk kishte se \u00e7far\u00eb t\u00eb digjej m\u00eb&#8230;"},"content":{"rendered":"<div id=\"rekl-49\">Deputeti i PD n\u00eb Fier, Luan Ba\u00e7i ka reaguar n\u00eb lidhje me situat\u00ebn e r\u00ebnd\u00eb t\u00eb zjarreve n\u00eb Fier.<\/div>\n<div class=\"readmore-text-here\">\n<p>Sipas tij, zjarri n\u00eb Fier u fik sepse nuk kishte \u00e7far\u00eb t\u00eb digjte m\u00eb.<\/p>\n<p>Ba\u00e7i ka hedhur akuza ndaj strukturave shtet\u00ebrore, q\u00eb nuk ja dol\u00ebn t\u00eb v\u00ebn\u00eb n\u00ebn kontroll flak\u00ebt.<\/p>\n<p><strong>Reagimi i deputetit Ba\u00e7i<\/strong><\/p>\n<p>Zjarri n\u00eb Fier u fik, pasi nuk kishte se \u00e7far\u00eb t\u00eb digjej m\u00eb&#8230;<\/p>\n<p>\u00c7do gj\u00eb u shkrumbua&#8230;<\/p>\n<p>Zjarri p\u00ebrshkoi dhunsh\u00ebm dhe me d\u00ebme t\u00eb m\u00ebdha ullishte, pem\u00ebtari, toka, sht\u00ebpi, stalla bag\u00ebtish, n\u00eb Radostin\u00eb Fasko, Vadhiz\u00eb, Levan, Peshtan i Vog\u00ebl&#8230;.<\/p>\n<p>Tashm\u00eb po rrezikohet Frakulla&#8230;. Banor\u00ebt po flasin t\u00eb frik\u00ebsuar, se do t\u00eb ndodh\u00eb ajo q\u00eb ndodhi dje dhe sot n\u00eb zonat e lartp\u00ebrmendura&#8230;.<\/p>\n<p>Frakulla po rrezikohet nga zjarri dhe pas saj edhe zona t\u00eb tjera&#8230;.<\/p>\n<p>Po ndodh e nj\u00ebjta situat\u00eb q\u00eb ndodhi edhe dje&#8230;<\/p>\n<p>Zjarri u ndez n\u00eb Ferm\u00eb \u00c7lirim&#8230;. pastaj era e fort\u00eb b\u00ebri q\u00eb t\u00eb hapej me shpejt\u00ebsi n\u00eb t\u00eb gjitha zonat q\u00eb p\u00ebrmend\u00ebm&#8230;<\/p>\n<p>Nd\u00ebrhyrja n\u00eb koh\u00eb do t\u00eb kishte bllokuar dhe fikur zjarrin dhe nuk do t\u00eb kishte ndodhur gjith\u00eb kjo katastrof\u00eb, e pa ndodhur asnj\u00ebher\u00eb m\u00eb par\u00eb&#8230;<\/p>\n<p>Propaganda e qeveris\u00eb dhe deklaratat e t\u00eb d\u00ebrguarve t\u00eb saj n\u00eb terren se:<\/p>\n<p>Zjarri \u00ebsht\u00eb n\u00ebn kontroll!<\/p>\n<p>Zjarri u shua!<\/p>\n<p>Zjarri nuk b\u00ebri d\u00ebm n\u00eb njer\u00ebz!<\/p>\n<p>Jan\u00eb p\u00ebr t\u00eb ardhur keq&#8230;<\/p>\n<p>Pse, \u00e7far\u00eb prisnit q\u00eb t\u00eb kishte, pasoja te jet\u00ebt e banor\u00ebve?<\/p>\n<p>K\u00ebt\u00eb quani arritje?<\/p>\n<p>Zjarri u shua se nuk kishte se \u00e7far\u00eb t\u00eb digjte m\u00eb dhe kur nuk ka gj\u00eb p\u00ebr t\u2019u djegur&#8230;.. Kur \u00e7do gj\u00eb \u00ebsht\u00eb shkrumbuar, pa tjet\u00ebr q\u00eb zjarri shuhet vet\u00eb&#8230;.<\/p>\n<p>Merrni masa urgjente me Frakull\u00ebn, mos p\u00ebrs\u00ebrisni fajin q\u00eb b\u00ebt\u00eb dje, duke nd\u00ebrhyr\u00eb me vones\u00eb dhe jo n\u00eb faz\u00ebn fillestare, por nd\u00ebrhyt\u00eb kur zjarri b\u00ebhet i pap\u00ebrmbajtsh\u00ebm&#8230;<\/p>\n<p>Dhe pastaj prisni q\u00eb t\u00eb digjet \u00e7do gj\u00eb dhe t\u00eb dilni si triumfator\u00eb p\u00ebr t\u00eb b\u00ebr\u00eb komente n\u00eb media dhe p\u00ebr t\u00eb dh\u00ebn\u00eb info t\u00eb pasakta nga terreni, se zjarri u fik, s\u2019ka d\u00ebme n\u00eb njer\u00ebz&#8230; situata u stabilizua&#8230;.<\/p>\n<p>L\u00ebrini gazetar\u00ebt e terrenit t\u00eb raportojn\u00eb dhe t\u00eb japin informacion t\u00eb qart\u00eb dhe t\u00eb sinqert\u00eb, jan\u00eb m\u00eb t\u00eb mir\u00eb se ju, e b\u00ebjn\u00eb m\u00eb mir\u00eb se ju k\u00ebt\u00eb pun\u00eb dhe jan\u00eb v\u00ebrtet heronj n\u00eb situata t\u00eb tilla!<\/p>\n<p>Emergjencat Civile q\u00eb varen nga Prefektura dhe zjarrfik\u00ebsit q\u00eb varen nga bashkia duhet t\u00eb koordinohen n\u00eb pun\u00ebn e tyre dhe jo t\u00eb grinden p\u00ebr pun\u00eb kompetencash dhe detyrimesh, dhe n\u00eb k\u00ebt\u00eb m\u00ebnyr\u00eb vonojn\u00eb nd\u00ebrhyrjen dhe pasojat jan\u00eb katastrofike&#8230;<\/p>\n<p><iframe loading=\"lazy\" src=\"https:\/\/www.facebook.com\/plugins\/video.php?height=315&amp;href=https%3A%2F%2Fwww.facebook.com%2Freel%2F1594734808965032%2F&amp;show_text=false&amp;width=560&amp;t=0\" width=\"560\" height=\"315\" frameborder=\"0\" scrolling=\"no\" allowfullscreen=\"allowfullscreen\" data-mce-fragment=\"1\"><\/iframe><\/p>\n<\/div>\n","protected":false},"excerpt":{"rendered":"<p>Deputeti i PD n\u00eb Fier, Luan Ba\u00e7i ka reaguar n\u00eb lidhje me situat\u00ebn e r\u00ebnd\u00eb t\u00eb zjarreve n\u00eb Fier. Sipas tij, zjarri n\u00eb Fier u fik sepse nuk kishte \u00e7far\u00eb t\u00eb digjte m\u00eb. Ba\u00e7i ka hedhur akuza ndaj strukturave shtet\u00ebrore, q\u00eb nuk ja dol\u00ebn t\u00eb v\u00ebn\u00eb n\u00ebn kontroll flak\u00ebt. Reagimi i deputetit Ba\u00e7i Zjarri n\u00eb &hellip;<\/p>\n","protected":false},"author":4,"featured_media":152724,"comment_status":"closed","ping_status":"closed","sticky":false,"template":"","format":"standard","meta":{"footnotes":""},"categories":[37],"tags":[],"class_list":["post-152723","post","type-post","status-publish","format-standard","has-post-thumbnail","","category-politike"],"_links":{"self":[{"href":"https:\/\/rdnews.al\/index.php\/wp-json\/wp\/v2\/posts\/152723","targetHints":{"allow":["GET"]}}],"collection":[{"href":"https:\/\/rdnews.al\/index.php\/wp-json\/wp\/v2\/posts"}],"about":[{"href":"https:\/\/rdnews.al\/index.php\/wp-json\/wp\/v2\/types\/post"}],"author":[{"embeddable":true,"href":"https:\/\/rdnews.al\/index.php\/wp-json\/wp\/v2\/users\/4"}],"replies":[{"embeddable":true,"href":"https:\/\/rdnews.al\/index.php\/wp-json\/wp\/v2\/comments?post=152723"}],"version-history":[{"count":1,"href":"https:\/\/rdnews.al\/index.php\/wp-json\/wp\/v2\/posts\/152723\/revisions"}],"predecessor-version":[{"id":152725,"href":"https:\/\/rdnews.al\/index.php\/wp-json\/wp\/v2\/posts\/152723\/revisions\/152725"}],"wp:featuredmedia":[{"embeddable":true,"href":"https:\/\/rdnews.al\/index.php\/wp-json\/wp\/v2\/media\/152724"}],"wp:attachment":[{"href":"https:\/\/rdnews.al\/index.php\/wp-json\/wp\/v2\/media?parent=152723"}],"wp:term":[{"taxonomy":"category","embeddable":true,"href":"https:\/\/rdnews.al\/index.php\/wp-json\/wp\/v2\/categories?post=152723"},{"taxonomy":"post_tag","embeddable":true,"href":"https:\/\/rdnews.al\/index.php\/wp-json\/wp\/v2\/tags?post=152723"}],"curies":[{"name":"wp","href":"https:\/\/api.w.org\/{rel}","templated":true}]}}