{"id":152728,"date":"2026-09-05T16:07:16","date_gmt":"2026-09-05T16:07:16","guid":{"rendered":"https:\/\/rdnews.al\/?p=152728"},"modified":"2026-09-05T16:07:16","modified_gmt":"2026-09-05T16:07:16","slug":"integrimi-berisha-rama-i-beson-me-shume-lubise-dhe-droges-dhe-ia-hedh-fajin-europes","status":"publish","type":"post","link":"https:\/\/rdnews.al\/index.php\/2026\/09\/05\/integrimi-berisha-rama-i-beson-me-shume-lubise-dhe-droges-dhe-ia-hedh-fajin-europes\/","title":{"rendered":"Integrimi\/ Berisha: Rama i beson m\u00eb shum\u00eb Lubis\u00eb dhe drog\u00ebs dhe ia hedh fajin Europ\u00ebs!"},"content":{"rendered":"<p>Kryetari i PD, Sali Berisha ka reaguar pas deklaratave t\u00eb Edi Ram\u00ebs n\u00eb Itali, i cili \u00ebsht\u00eb shprehur se \u2018fajin e ka Europa\u2019, pasi Shqip\u00ebria nuk futet dot n\u00eb BE, si\u00e7 ka mashtruar m\u00eb her\u00ebt kryeministri, p\u00ebr vitin 2027.<\/p>\n<p>Sipas Berish\u00ebs, fajin nuk e ka Europa, por e ka Padrino dhe Lubit\u00eb e tij q\u00eb nuk ngopen kurr\u00eb duke vjedhur shqiptar\u00ebt.<\/p>\n<p><strong>Reagimi i kryetarit t\u00eb PD, Berisha<\/strong><\/p>\n<p>Miq, i pranish\u00ebm n\u00eb nj\u00eb forum nd\u00ebrkomb\u00ebtar n\u00eb Itali, Edi Rama i diskretituar n\u00eb shkall\u00eb ekstreme zgjodhi si moto t\u00eb fjal\u00ebs s\u00eb tij \u2018fajin e ka Europa\u2019 pse Shqip\u00ebria nuk hyn si\u00e7 mashtroi ai n\u00eb vitin 2027 n\u00eb BE.<\/p>\n<p>Madje p\u00ebr politik\u00ebn e zgjerimit t\u00eb BE ai tha se duhet t\u00eb fal\u00ebnderojn\u00eb Putinin n\u00eb nj\u00eb koh\u00eb q\u00eb politika e integrimit t\u00eb Ballkanit Per\u00ebndimor n\u00eb BE \u00ebsht\u00eb e sanksionuar n\u00eb dokumente themelore t\u00eb BE q\u00eb nga Samiti i Selanikut e n\u00eb vazhdim, pra shum\u00eb vite para agresionit rus ndaj Ukrain\u00ebs.<\/p>\n<p>N\u00eb fakt ai mund t\u00eb fal\u00ebnderoj\u00eb sa t\u00eb doj\u00eb Putinin, por fajin nuk e ka Europa, por e ka Padrino dhe Lubit\u00eb e tij q\u00eb nuk ngopen kurr\u00eb duke vjedhur shqiptar\u00ebt, fajin e ka vet\u00eb ai, Ramaduro, q\u00eb nd\u00ebrtoi narkoshtetin e par\u00eb dhe t\u00eb vet\u00ebm n\u00eb Europ\u00eb.<\/p>\n<p>Largimi i tij \u00ebsht\u00eb kushti i t\u00eb gjitha kushteve p\u00ebr rivendosjen e shtetit ligjor n\u00eb Shqip\u00ebri dhe avancimin e sigurt.<\/p>\n","protected":false},"excerpt":{"rendered":"<p>Kryetari i PD, Sali Berisha ka reaguar pas deklaratave t\u00eb Edi Ram\u00ebs n\u00eb Itali, i cili \u00ebsht\u00eb shprehur se \u2018fajin e ka Europa\u2019, pasi Shqip\u00ebria nuk futet dot n\u00eb BE, si\u00e7 ka mashtruar m\u00eb her\u00ebt kryeministri, p\u00ebr vitin 2027. Sipas Berish\u00ebs, fajin nuk e ka Europa, por e ka Padrino dhe Lubit\u00eb e tij q\u00eb &hellip;<\/p>\n","protected":false},"author":4,"featured_media":152729,"comment_status":"closed","ping_status":"closed","sticky":false,"template":"","format":"standard","meta":{"footnotes":""},"categories":[37],"tags":[],"class_list":["post-152728","post","type-post","status-publish","format-standard","has-post-thumbnail","","category-politike"],"_links":{"self":[{"href":"https:\/\/rdnews.al\/index.php\/wp-json\/wp\/v2\/posts\/152728","targetHints":{"allow":["GET"]}}],"collection":[{"href":"https:\/\/rdnews.al\/index.php\/wp-json\/wp\/v2\/posts"}],"about":[{"href":"https:\/\/rdnews.al\/index.php\/wp-json\/wp\/v2\/types\/post"}],"author":[{"embeddable":true,"href":"https:\/\/rdnews.al\/index.php\/wp-json\/wp\/v2\/users\/4"}],"replies":[{"embeddable":true,"href":"https:\/\/rdnews.al\/index.php\/wp-json\/wp\/v2\/comments?post=152728"}],"version-history":[{"count":1,"href":"https:\/\/rdnews.al\/index.php\/wp-json\/wp\/v2\/posts\/152728\/revisions"}],"predecessor-version":[{"id":152730,"href":"https:\/\/rdnews.al\/index.php\/wp-json\/wp\/v2\/posts\/152728\/revisions\/152730"}],"wp:featuredmedia":[{"embeddable":true,"href":"https:\/\/rdnews.al\/index.php\/wp-json\/wp\/v2\/media\/152729"}],"wp:attachment":[{"href":"https:\/\/rdnews.al\/index.php\/wp-json\/wp\/v2\/media?parent=152728"}],"wp:term":[{"taxonomy":"category","embeddable":true,"href":"https:\/\/rdnews.al\/index.php\/wp-json\/wp\/v2\/categories?post=152728"},{"taxonomy":"post_tag","embeddable":true,"href":"https:\/\/rdnews.al\/index.php\/wp-json\/wp\/v2\/tags?post=152728"}],"curies":[{"name":"wp","href":"https:\/\/api.w.org\/{rel}","templated":true}]}}