{"id":152731,"date":"2026-09-05T16:11:45","date_gmt":"2026-09-05T16:11:45","guid":{"rendered":"https:\/\/rdnews.al\/?p=152731"},"modified":"2026-09-05T16:11:45","modified_gmt":"2026-09-05T16:11:45","slug":"rames-nuk-i-ndahet-shpirti-nga-vucici-serbine-duhet-ta-kemi-ne-be","status":"publish","type":"post","link":"https:\/\/rdnews.al\/index.php\/2026\/09\/05\/rames-nuk-i-ndahet-shpirti-nga-vucici-serbine-duhet-ta-kemi-ne-be\/","title":{"rendered":"Ram\u00ebs nuk i ndahet shpirti nga Vu\u00e7i\u00e7i: Serbin\u00eb duhet ta kemi n\u00eb BE"},"content":{"rendered":"<p>Edi Rama \u00ebsht\u00eb ndalur edhe te Serbia gjat\u00eb forumit n\u00eb Itali, duke komentuar vendimin p\u00ebr p\u00ebrcjelljen me homazhe shtet\u00ebrore t\u00eb Ratko Mladi\u00e7it, t\u00eb cilit iu referua si \u201ckasapi i Ballkanit\u201d.<\/p>\n<p>Gjat\u00eb Forumit \u201cIntelligence on the World, Europe and Italy\u201d, Rama u shpreh se Europa duhet ta p\u00ebrfshij\u00eb Serbin\u00eb n\u00eb tryez\u00ebn e diskutimeve dhe t\u2019i thot\u00eb se \u201cS\u2019mund t\u00eb b\u00ebsh funeral shtet\u00ebror p\u00ebr nj\u00eb kasap\u201d,\u00a0nd\u00ebrsa e cil\u00ebsoi vendin si\u00a0\u00a0\u201cnj\u00eb lloj kafshe shum\u00eb interesante dhe e \u00e7uditshme n\u00eb xhungl\u00ebn e Ballkanit Per\u00ebndimor\u201d<\/p>\n<p>Sipas tij, l\u00ebnia jasht\u00eb BE-s\u00eb e Serbis\u00eb p\u00ebrb\u00ebn edhe edhe rrezikun q\u00eb kjo e fundit t\u00eb mbetet n\u00eb nj\u00eb hap\u00ebsir\u00eb t\u00eb pasigurt gjeopolitike, mes ndikimeve t\u00eb fuqive t\u00eb m\u00ebdha.<\/p>\n<p>\u201cSerbia \u00ebsht\u00eb nj\u00eb lloj kafshe shum\u00eb interesante dhe e \u00e7uditshme n\u00eb xhungl\u00ebn e Ballkanit Per\u00ebndimor. \u00c7far\u00eb \u00ebsht\u00eb m\u00eb mir\u00eb?<\/p>\n<p>Ta kesh n\u00eb tryez\u00eb dhe t\u2019i thuash:\u00a0\u00a0\u2018S\u2019mund t\u00eb b\u00ebsh funeral shtet\u00ebror p\u00ebr nj\u00eb kasap\u2019, apo ta l\u00ebsh aty, n\u00eb uj\u00ebra t\u00eb pasigurta, dhe t\u00eb krijoj\u00eb nj\u00eb situat\u00eb skizofrenike mes Europ\u00ebs, Kin\u00ebs, Amerik\u00ebs dhe Rusis\u00eb? Kjo \u00ebsht\u00eb qasja ime dhe duhet t\u00eb ndodh\u00eb tani\u201d, theksoi Rama.<\/p>\n","protected":false},"excerpt":{"rendered":"<p>Edi Rama \u00ebsht\u00eb ndalur edhe te Serbia gjat\u00eb forumit n\u00eb Itali, duke komentuar vendimin p\u00ebr p\u00ebrcjelljen me homazhe shtet\u00ebrore t\u00eb Ratko Mladi\u00e7it, t\u00eb cilit iu referua si \u201ckasapi i Ballkanit\u201d. Gjat\u00eb Forumit \u201cIntelligence on the World, Europe and Italy\u201d, Rama u shpreh se Europa duhet ta p\u00ebrfshij\u00eb Serbin\u00eb n\u00eb tryez\u00ebn e diskutimeve dhe t\u2019i thot\u00eb &hellip;<\/p>\n","protected":false},"author":4,"featured_media":33294,"comment_status":"closed","ping_status":"closed","sticky":false,"template":"","format":"standard","meta":{"footnotes":""},"categories":[37],"tags":[],"class_list":["post-152731","post","type-post","status-publish","format-standard","has-post-thumbnail","","category-politike"],"_links":{"self":[{"href":"https:\/\/rdnews.al\/index.php\/wp-json\/wp\/v2\/posts\/152731","targetHints":{"allow":["GET"]}}],"collection":[{"href":"https:\/\/rdnews.al\/index.php\/wp-json\/wp\/v2\/posts"}],"about":[{"href":"https:\/\/rdnews.al\/index.php\/wp-json\/wp\/v2\/types\/post"}],"author":[{"embeddable":true,"href":"https:\/\/rdnews.al\/index.php\/wp-json\/wp\/v2\/users\/4"}],"replies":[{"embeddable":true,"href":"https:\/\/rdnews.al\/index.php\/wp-json\/wp\/v2\/comments?post=152731"}],"version-history":[{"count":1,"href":"https:\/\/rdnews.al\/index.php\/wp-json\/wp\/v2\/posts\/152731\/revisions"}],"predecessor-version":[{"id":152732,"href":"https:\/\/rdnews.al\/index.php\/wp-json\/wp\/v2\/posts\/152731\/revisions\/152732"}],"wp:featuredmedia":[{"embeddable":true,"href":"https:\/\/rdnews.al\/index.php\/wp-json\/wp\/v2\/media\/33294"}],"wp:attachment":[{"href":"https:\/\/rdnews.al\/index.php\/wp-json\/wp\/v2\/media?parent=152731"}],"wp:term":[{"taxonomy":"category","embeddable":true,"href":"https:\/\/rdnews.al\/index.php\/wp-json\/wp\/v2\/categories?post=152731"},{"taxonomy":"post_tag","embeddable":true,"href":"https:\/\/rdnews.al\/index.php\/wp-json\/wp\/v2\/tags?post=152731"}],"curies":[{"name":"wp","href":"https:\/\/api.w.org\/{rel}","templated":true}]}}