{"id":152735,"date":"2026-09-05T18:01:25","date_gmt":"2026-09-05T18:01:25","guid":{"rendered":"https:\/\/rdnews.al\/?p=152735"},"modified":"2026-09-05T18:01:25","modified_gmt":"2026-09-05T18:01:25","slug":"bardhi-klp-dhe-klgj-fytyra-e-deshtimit-te-reformes-pergjegjes-eshte-edi-rama","status":"publish","type":"post","link":"https:\/\/rdnews.al\/index.php\/2026\/09\/05\/bardhi-klp-dhe-klgj-fytyra-e-deshtimit-te-reformes-pergjegjes-eshte-edi-rama\/","title":{"rendered":"Bardhi: KLP dhe KLGJ, fytyra e d\u00ebshtimit t\u00eb reform\u00ebs, p\u00ebrgjegj\u00ebs \u00ebsht\u00eb Edi Rama!"},"content":{"rendered":"<p>Kryetari i Grupit Parlamentar t\u00eb PD, Gazment Bardhi, ka reaguar pas deklaratave t\u00eb kryeministrit Edi Rama p\u00ebr Reform\u00ebn n\u00eb Drejt\u00ebsi, duke e b\u00ebr\u00eb at\u00eb p\u00ebrgjegj\u00ebs p\u00ebr d\u00ebshtimin e saj.<\/p>\n<p>N\u00eb reagimin e tij, Bardhi thot\u00eb se Rama, p\u00ebr her\u00eb t\u00eb par\u00eb, ka pranuar publikisht se Reforma n\u00eb Drejt\u00ebsi ka d\u00ebshtuar, por sipas tij, kryeministri ka shmangur p\u00ebrgjegj\u00ebsin\u00eb p\u00ebr shkaqet q\u00eb kan\u00eb \u00e7uar n\u00eb k\u00ebt\u00eb situat\u00eb.<\/p>\n<p><strong>Reagim i Bardhit<\/strong><\/p>\n<p>Edi Rama, p\u00ebr her\u00eb t\u00eb par\u00eb, foli p\u00ebr D\u00cbSHTIMIN e Reform\u00ebs n\u00eb Drejt\u00ebsi. Por, si gjithmon\u00eb, refuzoi t\u00eb flas\u00eb p\u00ebr p\u00ebrgjegj\u00ebsin\u00eb e k\u00ebtij d\u00ebshtimi dhe p\u00ebr arsyet q\u00eb e kan\u00eb sjell\u00eb at\u00eb.<\/p>\n<p>P\u00ebr k\u00ebt\u00eb d\u00ebshtim ka nj\u00eb p\u00ebrgjegj\u00ebs dhe ka nj\u00eb arsye t\u00eb qart\u00eb: vullneti i Edi Ram\u00ebs p\u00ebr t\u00eb kontrolluar t\u00eb gjitha pushtetet, p\u00ebrfshir\u00eb edhe pushtetin gjyq\u00ebsor.<\/p>\n<p>\u00cbsht\u00eb evidente se shqet\u00ebsimi i qytetar\u00ebve nuk \u00ebsht\u00eb se \u00e7far\u00eb mendon Edi Rama p\u00ebr organet e qeverisjes s\u00eb sistemit t\u00eb drejt\u00ebsis\u00eb. Shqet\u00ebsimi real i shqiptar\u00ebve \u00ebsht\u00eb se drejt\u00ebsia nuk po jepet n\u00eb koh\u00eb. Qytetar\u00ebt presin me vite p\u00ebr nj\u00eb vendim, p\u00ebr nj\u00eb t\u00eb drejt\u00eb, p\u00ebr nj\u00eb p\u00ebrgjigje.<\/p>\n<p>Por Edi Rama refuzon t\u00eb flas\u00eb p\u00ebr k\u00ebt\u00eb, sepse ai nuk \u00ebsht\u00eb shqet\u00ebsuar kurr\u00eb p\u00ebr hallet dhe problemet reale t\u00eb shqiptar\u00ebve. P\u00ebr t\u00eb, drejt\u00ebsia nuk \u00ebsht\u00eb nj\u00eb e drejt\u00eb e qytetar\u00ebve, por nj\u00eb instrument pushteti.<\/p>\n<p>Reforma n\u00eb Drejt\u00ebsi nuk mund t\u00eb quhet sukses kur qytetar\u00ebt vazhdojn\u00eb t\u00eb presin drejt\u00ebsi dhe kur pushteti politik k\u00ebrkon t\u00eb kontrolloj\u00eb \u00e7do hallk\u00eb t\u00eb saj. Ky \u00ebsht\u00eb d\u00ebshtimi p\u00ebr t\u00eb cilin Edi Rama duhet t\u00eb jap\u00eb llogari.<\/p>\n<p><iframe loading=\"lazy\" src=\"https:\/\/www.facebook.com\/plugins\/video.php?height=314&amp;href=https%3A%2F%2Fwww.facebook.com%2Freel%2F2027908084579277%2F&amp;show_text=false&amp;width=560&amp;t=0\" width=\"560\" height=\"314\" frameborder=\"0\" scrolling=\"no\" allowfullscreen=\"allowfullscreen\" data-mce-fragment=\"1\"><\/iframe><\/p>\n","protected":false},"excerpt":{"rendered":"<p>Kryetari i Grupit Parlamentar t\u00eb PD, Gazment Bardhi, ka reaguar pas deklaratave t\u00eb kryeministrit Edi Rama p\u00ebr Reform\u00ebn n\u00eb Drejt\u00ebsi, duke e b\u00ebr\u00eb at\u00eb p\u00ebrgjegj\u00ebs p\u00ebr d\u00ebshtimin e saj. N\u00eb reagimin e tij, Bardhi thot\u00eb se Rama, p\u00ebr her\u00eb t\u00eb par\u00eb, ka pranuar publikisht se Reforma n\u00eb Drejt\u00ebsi ka d\u00ebshtuar, por sipas tij, kryeministri ka &hellip;<\/p>\n","protected":false},"author":4,"featured_media":152619,"comment_status":"closed","ping_status":"closed","sticky":false,"template":"","format":"standard","meta":{"footnotes":""},"categories":[37],"tags":[],"class_list":["post-152735","post","type-post","status-publish","format-standard","has-post-thumbnail","","category-politike"],"_links":{"self":[{"href":"https:\/\/rdnews.al\/index.php\/wp-json\/wp\/v2\/posts\/152735","targetHints":{"allow":["GET"]}}],"collection":[{"href":"https:\/\/rdnews.al\/index.php\/wp-json\/wp\/v2\/posts"}],"about":[{"href":"https:\/\/rdnews.al\/index.php\/wp-json\/wp\/v2\/types\/post"}],"author":[{"embeddable":true,"href":"https:\/\/rdnews.al\/index.php\/wp-json\/wp\/v2\/users\/4"}],"replies":[{"embeddable":true,"href":"https:\/\/rdnews.al\/index.php\/wp-json\/wp\/v2\/comments?post=152735"}],"version-history":[{"count":2,"href":"https:\/\/rdnews.al\/index.php\/wp-json\/wp\/v2\/posts\/152735\/revisions"}],"predecessor-version":[{"id":152737,"href":"https:\/\/rdnews.al\/index.php\/wp-json\/wp\/v2\/posts\/152735\/revisions\/152737"}],"wp:featuredmedia":[{"embeddable":true,"href":"https:\/\/rdnews.al\/index.php\/wp-json\/wp\/v2\/media\/152619"}],"wp:attachment":[{"href":"https:\/\/rdnews.al\/index.php\/wp-json\/wp\/v2\/media?parent=152735"}],"wp:term":[{"taxonomy":"category","embeddable":true,"href":"https:\/\/rdnews.al\/index.php\/wp-json\/wp\/v2\/categories?post=152735"},{"taxonomy":"post_tag","embeddable":true,"href":"https:\/\/rdnews.al\/index.php\/wp-json\/wp\/v2\/tags?post=152735"}],"curies":[{"name":"wp","href":"https:\/\/api.w.org\/{rel}","templated":true}]}}