{"id":152738,"date":"2026-09-05T19:13:25","date_gmt":"2026-09-05T19:13:25","guid":{"rendered":"https:\/\/rdnews.al\/?p=152738"},"modified":"2026-09-05T19:13:25","modified_gmt":"2026-09-05T19:13:25","slug":"qytetarja-rames-me-ke-e-ke-besen-me-kriminelet-patronazhistet-apo-parlamentin-e-kukullave","status":"publish","type":"post","link":"https:\/\/rdnews.al\/index.php\/2026\/09\/05\/qytetarja-rames-me-ke-e-ke-besen-me-kriminelet-patronazhistet-apo-parlamentin-e-kukullave\/","title":{"rendered":"Qytetarja-Ram\u00ebs: Me k\u00eb e ke \u201cBes\u00ebn\u201d? Me kriminel\u00ebt, patronazhist\u00ebt apo parlamentin e kukullave?"},"content":{"rendered":"<p>Duke folur n\u00eb dit\u00ebn e 98-t\u00eb pa ndalim t\u00eb protest\u00ebs, nj\u00eb qytetare ka l\u00ebshuar akuza t\u00eb forta ndaj Edi Ram\u00ebs dhe Policis\u00eb s\u00eb Shtetit, duke k\u00ebrkuar dor\u00ebheqjen e kryeministrit.<\/p>\n<p>N\u00eb fjal\u00ebn e saj para qytetar\u00ebve, protestuesja iu drejtua drejtp\u00ebrdrejt Edi Ram\u00ebs, duke e pyetur se me k\u00eb e kishte b\u00ebr\u00eb at\u00eb q\u00eb ajo e cil\u00ebsoi si \u2018bes\u00ebn\u2019.<\/p>\n<p>\u2018Pyetja e par\u00eb \u00ebsht\u00eb p\u00ebr kryeministrin, me cilin e ka b\u00ebr\u00eb bes\u00ebn dje? A me kriminel\u00ebt, a me patronazhist\u00ebt, a me parlamentin e kukullave?\u2019, u shpreh ajo.<\/p>\n<p>Sipas protestueses, \u2018besa e shqiptarit \u00ebsht\u00eb e shtrenjt\u00eb\u2019, nd\u00ebrsa akuzoi Ram\u00ebn se nuk e p\u00ebrfaq\u00ebson k\u00ebt\u00eb vler\u00eb.<\/p>\n<p>\u2018Mir\u00ebmbr\u00ebma t\u00eb gjith\u00ebve.<\/p>\n<p>Un\u00eb kam dy k\u00ebrkesa.<\/p>\n<p>Pyetja e par\u00eb \u00ebsht\u00eb p\u00ebr kryeministrin, me cilin e ka b\u00ebr\u00eb bes\u00ebn dje? A me kriminel\u00ebt, a me patronazhist\u00ebt, a me parlamentin e kukullave? Vet\u00ebm k\u00ebt\u00eb pjes\u00eb t\u00eb na tregoj\u00eb, me kujt ia dha bes\u00ebn dje. Se besa e shqiptarit \u00ebsht\u00eb e shtrenjt\u00eb.<\/p>\n<p>Po e theve bes\u00ebn shqiptarit i ke dh\u00ebn\u00eb jet\u00ebn edhe i ke dh\u00ebn\u00eb gjakun. Po ti at\u00eb bes\u00eb nuk e ke, as jet\u00eb as gjak, e ndjen shum\u00eb keq.<\/p>\n<p>K\u00ebrkesa e dyt\u00eb \u00ebsht\u00eb p\u00ebr Policin\u00eb e Shtetit, p\u00ebr drejtorin e policis\u00eb Sk\u00ebnder Hita, p\u00ebr shefat e komisariatit 3 edhe 1. T\u00eb gjith\u00eb nuk jan\u00eb shefa t\u00eb policis\u00eb, por jan\u00eb shefa kukulla t\u00eb Edi Ram\u00ebs. Ajo polici q\u00eb ka qen\u00eb parmbr\u00ebm\u00eb nuk reflekton polici, por t\u00eb vjen turp me e pa&#8230; t\u00eb mbushur mallin e Serbis\u00eb origjinal.<\/p>\n<p>K\u00ebta nuk jan\u00eb policia e shtetit shqiptar e popullit shqiptar, por jan\u00eb policia e Edi Ram\u00ebs, e parlamentit t\u00eb Edi Ram\u00ebs. Prandaj nj\u00eb pyetje ia b\u00ebj shefit t\u00eb komisariatit num\u00ebr 3 i cili ishte dje te gjykata, m\u00eb vjen marre me i th\u00ebn\u00eb shef, m\u00eb vjen marre se ka at\u00eb uniform\u00eb. Do ta b\u00ebjm\u00eb nj\u00eb test droge bashk\u00eb, do shkojm\u00eb bashk\u00eb te mjeku edhe do ta shohim cili jemi ata, a ti apo un\u00eb.<\/p>\n<p>Po kam frik\u00eb se ju del t\u00eb gjith\u00ebve, se ju p\u00ebrdorni mallin e Serbis\u00eb a ju ka b\u00ebr\u00eb det. Prandaj mos i v\u00ebni dor\u00eb shqiptar\u00ebve, se shqiptar\u00ebt jan\u00eb gjak i past\u00ebr, nuk e kan\u00eb b\u00ebr\u00eb gjakun pis si ju, me lloj-lloj shiringash. Prandaj shqiptari ka luftuar p\u00ebr vetveten e vet, p\u00ebr tok\u00ebn e vet, p\u00ebr t\u00eb drejtat e vet.<\/p>\n<p>Nuk ka luftuar p\u00ebr karrigen e Edi Ram\u00ebs. Se ajo karrige e bes\u00ebprerit nuk i duhet pes\u00eb lek\u00eb se \u00ebsht\u00eb e b\u00ebr\u00eb me pisll\u00ebqe, \u00ebsht\u00eb e zhytur me lloj-lloj s\u00ebmundjesh. Nuk m\u00eb intereson as e majta, as e djathta, as kurrfar\u00eb lloj partie n\u00eb k\u00ebt\u00eb tok\u00eb.<\/p>\n<p>M\u00eb intereson shteti, Shqip\u00ebria edhe shqiptar\u00ebt. Kjo \u00ebsht\u00eb, Shqip\u00ebria e shqiptar\u00ebve, vdekje tradhtar\u00ebve! Edi Rama, po qe se je burr\u00eb, ta jap bes\u00ebn se kurr\u00eb nga k\u00ebta njer\u00ebz s&#8217;t\u00eb preket me dor\u00eb, hajde dil k\u00ebtu n\u00eb shesh edhe firmose dor\u00ebheqjen.<\/p>\n<p>Po t\u00eb preku kush me dor\u00eb e kam gjakun borxh un\u00eb. Por a b\u00ebhesh dot burr\u00eb? Vish nj\u00eb fustan edhe hajde k\u00ebtu n\u00eb shesh. Se burri q\u00eb s&#8217;b\u00ebhet burr\u00eb nuk futet skutave edhe nuk vesh fustan si kurvat e laviret e rrug\u00ebve.<\/p>\n<p>Prandaj b\u00ebhu nj\u00eb her\u00eb burr\u00eb, vet\u00ebm nj\u00eb her\u00eb n\u00eb at\u00eb shtremb\u00ebsin\u00eb t\u00ebnde.<\/p>\n<p>Vet\u00ebm nj\u00eb her\u00eb b\u00ebhu burr\u00eb kurr\u00eb, por palla e di nuk ke si b\u00ebhesh burr\u00eb sa t\u00eb jesh n\u00eb jet\u00eb, se s&#8217;ke pas bab\u00eb as fis as asgj\u00eb, burr\u00eb ti s&#8217;b\u00ebhesh asnj\u00ebher\u00eb.<\/p>\n<p>Zoti ju bekoft\u00eb!\u2019,\u00a0tha protestuesja n\u00eb fjal\u00ebn e saj.<\/p>\n","protected":false},"excerpt":{"rendered":"<p>Duke folur n\u00eb dit\u00ebn e 98-t\u00eb pa ndalim t\u00eb protest\u00ebs, nj\u00eb qytetare ka l\u00ebshuar akuza t\u00eb forta ndaj Edi Ram\u00ebs dhe Policis\u00eb s\u00eb Shtetit, duke k\u00ebrkuar dor\u00ebheqjen e kryeministrit. N\u00eb fjal\u00ebn e saj para qytetar\u00ebve, protestuesja iu drejtua drejtp\u00ebrdrejt Edi Ram\u00ebs, duke e pyetur se me k\u00eb e kishte b\u00ebr\u00eb at\u00eb q\u00eb ajo e cil\u00ebsoi &hellip;<\/p>\n","protected":false},"author":4,"featured_media":147606,"comment_status":"closed","ping_status":"closed","sticky":false,"template":"","format":"standard","meta":{"footnotes":""},"categories":[37],"tags":[],"class_list":["post-152738","post","type-post","status-publish","format-standard","has-post-thumbnail","","category-politike"],"_links":{"self":[{"href":"https:\/\/rdnews.al\/index.php\/wp-json\/wp\/v2\/posts\/152738","targetHints":{"allow":["GET"]}}],"collection":[{"href":"https:\/\/rdnews.al\/index.php\/wp-json\/wp\/v2\/posts"}],"about":[{"href":"https:\/\/rdnews.al\/index.php\/wp-json\/wp\/v2\/types\/post"}],"author":[{"embeddable":true,"href":"https:\/\/rdnews.al\/index.php\/wp-json\/wp\/v2\/users\/4"}],"replies":[{"embeddable":true,"href":"https:\/\/rdnews.al\/index.php\/wp-json\/wp\/v2\/comments?post=152738"}],"version-history":[{"count":1,"href":"https:\/\/rdnews.al\/index.php\/wp-json\/wp\/v2\/posts\/152738\/revisions"}],"predecessor-version":[{"id":152739,"href":"https:\/\/rdnews.al\/index.php\/wp-json\/wp\/v2\/posts\/152738\/revisions\/152739"}],"wp:featuredmedia":[{"embeddable":true,"href":"https:\/\/rdnews.al\/index.php\/wp-json\/wp\/v2\/media\/147606"}],"wp:attachment":[{"href":"https:\/\/rdnews.al\/index.php\/wp-json\/wp\/v2\/media?parent=152738"}],"wp:term":[{"taxonomy":"category","embeddable":true,"href":"https:\/\/rdnews.al\/index.php\/wp-json\/wp\/v2\/categories?post=152738"},{"taxonomy":"post_tag","embeddable":true,"href":"https:\/\/rdnews.al\/index.php\/wp-json\/wp\/v2\/tags?post=152738"}],"curies":[{"name":"wp","href":"https:\/\/api.w.org\/{rel}","templated":true}]}}