{"id":152741,"date":"2026-09-05T19:40:13","date_gmt":"2026-09-05T19:40:13","guid":{"rendered":"https:\/\/rdnews.al\/?p=152741"},"modified":"2026-09-05T19:44:41","modified_gmt":"2026-09-05T19:44:41","slug":"kush-po-e-degjeneron-banditin-kryeminister-me-shume-se-cpo-degjeneron-veten","status":"publish","type":"post","link":"https:\/\/rdnews.al\/index.php\/2026\/09\/05\/kush-po-e-degjeneron-banditin-kryeminister-me-shume-se-cpo-degjeneron-veten\/","title":{"rendered":"Kush po e degjeneron banditin Kryeminist\u00ebr, k\u00ebt\u00eb njeri t\u00eb rr\u00ebnuar mend\u00ebrisht e t\u00eb plakur fizikisht&#8230;"},"content":{"rendered":"<p><strong>Nga Adriana KALAJA<\/strong><\/p>\n<p>(Pjesa e dyt\u00eb)<br \/>\nM\u00eb shum\u00eb se \u00e7&#8217;po degjeneron veten n\u00eb fakt.<br \/>\n\u00c7do her\u00eb q\u00eb del, shohim nj\u00eb njeri t\u00eb rr\u00ebnuar m\u00ebnd\u00ebrisht, t\u00eb plakur fizikisht, por mbi t\u00eb gjitha pa ide.<br \/>\nDel dhe sa her\u00eb del, o kopjon tezat e Enverit, ndryshe frym\u00ebzuesi ideologjik t\u00eb tij, ose veten.<br \/>\nThjesht i vendos nj\u00eb em\u00ebrtim t\u00eb ri.<br \/>\nHiqet trim kur secili prej nesh sheh nj\u00eb frik\u00eb deri n\u00eb paranoj\u00eb.<br \/>\nHiqet si strateg, nd\u00ebrkoh\u00eb strategjia e tij \u00ebsht\u00eb qeverisja me krimin e organizuar.<br \/>\nHiqet si orator, por \u00e7do her\u00eb e m\u00eb shum\u00eb ndjejm\u00eb frym\u00ebmarrjen q\u00eb i merret.<br \/>\nHiqet si lider global, por \u00ebsht\u00eb thjesht nj\u00eb lolo e rradh\u00ebs e Soros dhe Vu\u00e7i\u00e7.<br \/>\nMjafton t\u00eb shihni foton me Aleksin q\u00eb doli &#8220;pa dashje&#8221; n\u00eb publik.<br \/>\nMadje nga nj\u00eb fotograf &#8220;rast\u00ebsor&#8221;, ndaj dikujt q\u00eb edhe n\u00eb tualet shkon me dhjet\u00eb shoq\u00ebrues.<br \/>\nProdukti i dark\u00ebs me Aleksin, pavar\u00ebsisht se fotoja u hodh p\u00ebr d\u00ebmtimin e protest\u00ebs, tregoi se ky klloun, zbaton urdh\u00ebrat e pronarit t\u00eb par\u00eb.<br \/>\nDmth Sorosit.<br \/>\nT\u00eb vjet\u00ebr apo t\u00eb ri.<br \/>\nDhe kjo u pa q\u00eb n\u00eb ndryshimin e pozicionit t\u00eb tij lidhur me burgaxhiun e Durr\u00ebsit.<br \/>\nKa shum\u00eb teori apo deduksione lidhur me k\u00ebt\u00eb pik\u00eb (t\u00eb cil\u00ebn do e sqaroj edhe n\u00eb statuset e tjera deri m\u00eb 15 shtator \ud83d\ude02), por objekti i k\u00ebtij statusi \u00ebsht\u00eb deklarata e banditit Kryeminist\u00ebr lidhur me propozimin e tij q\u00eb t\u00eb konsiderohet si vep\u00ebr penale nd\u00ebrhyrja e nj\u00eb deputeti p\u00ebr nj\u00eb vend pune ecetera ecetera.<br \/>\nMadje, shkoi deri aty injoranca juridike dhe padijenia e nj\u00eb banditi t\u00eb pashkoll\u00eb, kur deklaroi jo vet\u00ebm propozim t\u00eb nj\u00eb neni penal por edhe detyrimin e \u00e7do deputeti &#8220;q\u00eb ta votojn\u00eb, duke i par\u00eb n\u00eb sy&#8221; (tha ai).<br \/>\nNd\u00ebrkoh\u00eb ne e dim\u00eb, q\u00eb \u00e7do ligj q\u00eb propozohet apo kalon, ai i sheh n\u00eb sy e i detyron.<br \/>\nAta q\u00eb nuk binden t\u00eb firmosin mareveshje, tendera, kon\u00e7ensuone e deri VKM, &#8220;japin dor\u00ebheqje&#8221; po me deryrim e duke i oar\u00eb n\u00eb dy ai apo krimi i organizuar.<br \/>\nN\u00eb k\u00ebt\u00eb kontekst, ata q\u00eb po e degjenerojn\u00eb m\u00eb shum\u00eb se sa po degjeneton veten, nuk i kan\u00eb th\u00ebne se kjo q\u00eb deklaroi banditi Kryeminist\u00ebr, (me veprime konkludente e ka b\u00ebr\u00eb prej 13 vitesh), quhet ushtrim i ndikimit t\u00eb paligjsh\u00ebm dhe n\u00eb Kodin Penal \u00ebsht\u00eb parashikuar si vep\u00ebr penale n\u00eb nenin 245\/1.<br \/>\nMadje, me ndryshimet ligjore, kjo vep\u00ebr penale, n\u00eb baz\u00eb t\u00eb nenit 75\/a, \u00ebsht\u00eb kompetenc\u00eb e SPAK dhe e GJKKO.<br \/>\nA nuk i kan\u00eb treguar t\u00eb pashkollit Kryeminist\u00ebr nj\u00eb gj\u00eb kaq t\u00eb thjesht\u00eb?<br \/>\nAq m\u00eb shum\u00eb se p\u00ebr k\u00ebt\u00eb vep\u00ebr penale \u00ebsht\u00eb kall\u00ebzuar ky bashk\u00eb me mafiozin \u00cbngj\u00ebll Aga\u00e7i (e shum\u00eb t\u00eb tjer\u00eb), ndaj institucioneve shtet\u00ebrore dhe atyre t\u00eb drejt\u00ebsis\u00eb, lidhur me \u00e7\u00ebshtjen e grabitjes s\u00eb pron\u00ebs n\u00eb Surrel nga bashk\u00ebshortja ligjore e fundit (deri m\u00eb tani \ud83d\ude02), Linda me disa mbiemra.<br \/>\nNdaj pyetja ime lidhet me faktin se:<br \/>\n&#8211; A nuk u ushtrua ndikim i paligjsh\u00ebm nga mafiozi Aga\u00e7i apo Drejtuesja reale e Organizat\u00ebs Kriminale, Linda me disa mbiemra, ndaj gjyqtar\u00ebve lidhur me k\u00ebt\u00eb dosje?<br \/>\nAi e di shum\u00eb mir\u00eb se faktet jan\u00eb aty dhe un\u00eb at\u00eb \u00e7\u00ebshtje do e \u00e7oj deri n\u00eb fund, por i kujtoj banditit Kryeminist\u00ebr se kjo q\u00eb na propozohet si gjetje, \u00ebsht\u00eb e parashikuar di vep\u00ebr penale dhe n\u00ebse ka nj\u00eb vep\u00ebr penale q\u00eb ka konsumuar ky sociopat Kryeminist\u00ebr, 24\/24 or\u00eb, \u00ebsht\u00eb pik\u00ebrisht kjo.<br \/>\nNdaj them se p\u00ebrve\u00e7 se, brenda kampit mavi ka nj\u00eb betej\u00eb madhore brenda llojit, ka dhe nj\u00eb tentativ\u00eb t\u00eb past\u00ebr nga &#8220;k\u00ebshilltar\u00ebt&#8221;, p\u00ebr ta degjeneruar n\u00eb publik, n\u00eb fund t\u00eb rrug\u00ebtimit politik.<br \/>\nPS: E ka konsumuar aq shum\u00eb k\u00ebt\u00eb vep\u00ebr penale sa, i flet n\u00ebnvet\u00ebdija banditit Kryeminist\u00ebr, por k\u00ebshilla ime jo miq\u00ebsore \u00ebsht\u00eb thjesht t\u00eb b\u00ebhet gati me avokat\u00eb t\u00eb duhur, se burgaxhiu i Durr\u00ebsit nuk m\u00eb d\u00ebgjoi kur i&#8217;a thash\u00eb tek protestoja p\u00ebr 44 jav\u00eb para Bashkis\u00eb Tiran\u00eb \ud83d\ude05<\/p>\n<p><img decoding=\"async\" src=\"https:\/\/scontent.ftia5-1.fna.fbcdn.net\/v\/t39.99422-6\/797912463_1095324259847670_5354147009108863549_n.png?stp=dst-jpg_tt6&amp;cstp=mx738x1086&amp;ctp=p526x296&amp;_nc_cat=108&amp;ccb=1-7&amp;_nc_sid=833d8c&amp;_nc_ohc=CipFIwGtK7QQ7kNvwFeb2oq&amp;_nc_oc=AdqxCnRegSocj-OX5xwy46mt6w7xXXs6y_M-jxsN5KGh8uZyPrh_EDXiDUrFvfBV5VU&amp;_nc_zt=14&amp;_nc_ht=scontent.ftia5-1.fna&amp;_nc_gid=OIOuxcLpmbqG2LIY6mbq8w&amp;_nc_ss=7b2a8&amp;oh=00_AQJsAxqPNndwqABdT9zOnHw6DKP5smxl9tTvY3YU5YEI5w&amp;oe=6AA2559F\" alt=\"Mund t\u00eb jet\u00eb nj\u00eb imazh i teksti q\u00eb thot\u00eb &quot;KODI PENAL I REPUBLIKES SHQIPERISE I 7895 NENI 245-1: USHTRIMI I NDIKIMIT Te PALIGJSHEM NDAJ PERSONAVE USHTROJNE FUNKSIONE PUBLIKE Miratuar me ligjin 7895, me dat\u00eb 27\/01\/1995&quot;\" \/><\/p>\n","protected":false},"excerpt":{"rendered":"<p>Nga Adriana KALAJA (Pjesa e dyt\u00eb) M\u00eb shum\u00eb se \u00e7&#8217;po degjeneron veten n\u00eb fakt. \u00c7do her\u00eb q\u00eb del, shohim nj\u00eb njeri t\u00eb rr\u00ebnuar m\u00ebnd\u00ebrisht, t\u00eb plakur fizikisht, por mbi t\u00eb gjitha pa ide. Del dhe sa her\u00eb del, o kopjon tezat e Enverit, ndryshe frym\u00ebzuesi ideologjik t\u00eb tij, ose veten. Thjesht i vendos nj\u00eb em\u00ebrtim &hellip;<\/p>\n","protected":false},"author":4,"featured_media":67658,"comment_status":"closed","ping_status":"closed","sticky":false,"template":"","format":"standard","meta":{"footnotes":""},"categories":[37],"tags":[],"class_list":["post-152741","post","type-post","status-publish","format-standard","has-post-thumbnail","","category-politike"],"_links":{"self":[{"href":"https:\/\/rdnews.al\/index.php\/wp-json\/wp\/v2\/posts\/152741","targetHints":{"allow":["GET"]}}],"collection":[{"href":"https:\/\/rdnews.al\/index.php\/wp-json\/wp\/v2\/posts"}],"about":[{"href":"https:\/\/rdnews.al\/index.php\/wp-json\/wp\/v2\/types\/post"}],"author":[{"embeddable":true,"href":"https:\/\/rdnews.al\/index.php\/wp-json\/wp\/v2\/users\/4"}],"replies":[{"embeddable":true,"href":"https:\/\/rdnews.al\/index.php\/wp-json\/wp\/v2\/comments?post=152741"}],"version-history":[{"count":5,"href":"https:\/\/rdnews.al\/index.php\/wp-json\/wp\/v2\/posts\/152741\/revisions"}],"predecessor-version":[{"id":152746,"href":"https:\/\/rdnews.al\/index.php\/wp-json\/wp\/v2\/posts\/152741\/revisions\/152746"}],"wp:featuredmedia":[{"embeddable":true,"href":"https:\/\/rdnews.al\/index.php\/wp-json\/wp\/v2\/media\/67658"}],"wp:attachment":[{"href":"https:\/\/rdnews.al\/index.php\/wp-json\/wp\/v2\/media?parent=152741"}],"wp:term":[{"taxonomy":"category","embeddable":true,"href":"https:\/\/rdnews.al\/index.php\/wp-json\/wp\/v2\/categories?post=152741"},{"taxonomy":"post_tag","embeddable":true,"href":"https:\/\/rdnews.al\/index.php\/wp-json\/wp\/v2\/tags?post=152741"}],"curies":[{"name":"wp","href":"https:\/\/api.w.org\/{rel}","templated":true}]}}