{"id":152747,"date":"2026-09-05T19:47:20","date_gmt":"2026-09-05T19:47:20","guid":{"rendered":"https:\/\/rdnews.al\/?p=152747"},"modified":"2026-09-05T19:48:01","modified_gmt":"2026-09-05T19:48:01","slug":"98-dite-proteste-aktivistja-nga-protesta-balluku-e-lire-protestuesit-ne-burg-turp","status":"publish","type":"post","link":"https:\/\/rdnews.al\/index.php\/2026\/09\/05\/98-dite-proteste-aktivistja-nga-protesta-balluku-e-lire-protestuesit-ne-burg-turp\/","title":{"rendered":"98 dit\u00eb protest\u00eb\/ Aktivistja: Balluku e lir\u00eb, protestuesit n\u00eb burg! Turp!"},"content":{"rendered":"<p>Aktivistja Sidorela Vatnikaj theksoi se n\u00eb 98 dit\u00eb protest\u00eb, k\u00ebrkesat e protestuesve kund\u00ebr qeveris\u00eb jan\u00eb shtuar.<\/p>\n<p>Ajo theksoi se ish z\u00ebvend\u00ebs kryeministrja, Belinda Balluku, e akuzuar nga SPAK, vazhdon t\u00eb jet\u00eb e lir\u00eb, nd\u00ebrkoh\u00eb q\u00eb policia arreston protestuesit q\u00eb kan\u00eb dal\u00eb n\u00eb shesh dhe i mban n\u00eb burg.<\/p>\n<p>Vatnikaj shtoi se Edi Rama, ndon\u00ebse qytetar\u00ebt i k\u00ebrkojn\u00eb prej tre muajsh dor\u00ebheqjen, shkon pa turp n\u00eb zyr\u00ebn e tij n\u00eb kryeministri.<\/p>\n<p>\u201cN\u00eb 98 dit\u00eb arsyet pse protestojm\u00eb jan\u00eb shtuar. Mjafton se si qytetet digjen. Se si krimi shkon edhe k\u00ebrc\u00ebnon nj\u00eb biznesmen dhe zgjidhja q\u00eb jep\u00a0 qeveria \u00ebsht\u00eb shpron\u00ebsimi i tok\u00ebs dhe jo d\u00ebnimi i kriminel\u00ebve.<\/p>\n<p>Mjafton t\u00eb shikosh se si Balluku, pronare e 300 apartamenteve, \u00ebsht\u00eb e lir\u00eb nd\u00ebrkoh\u00eb q\u00eb protestuesit arrestohen me dhun\u00eb dhe mbahen n\u00eb burg. Se si n\u00eb 98 dit\u00eb, ky kryeminist\u00ebr q\u00eb i kemi th\u00ebn\u00eb se nuk na p\u00ebrfaq\u00ebson m\u00eb as ai dhe as modeli kriminal q\u00eb ka nd\u00ebrtuar, vjen si pa turp n\u00eb kryeministri dhe mundohet q\u00eb ta shes\u00eb situat\u00ebn si normale. N\u00eb 98 dit\u00eb k\u00ebrkesat tona nuk jan\u00eb realizuar, por jan\u00eb shtuar\u201d, tha ajo.<\/p>\n","protected":false},"excerpt":{"rendered":"<p>Aktivistja Sidorela Vatnikaj theksoi se n\u00eb 98 dit\u00eb protest\u00eb, k\u00ebrkesat e protestuesve kund\u00ebr qeveris\u00eb jan\u00eb shtuar. Ajo theksoi se ish z\u00ebvend\u00ebs kryeministrja, Belinda Balluku, e akuzuar nga SPAK, vazhdon t\u00eb jet\u00eb e lir\u00eb, nd\u00ebrkoh\u00eb q\u00eb policia arreston protestuesit q\u00eb kan\u00eb dal\u00eb n\u00eb shesh dhe i mban n\u00eb burg. Vatnikaj shtoi se Edi Rama, ndon\u00ebse qytetar\u00ebt &hellip;<\/p>\n","protected":false},"author":4,"featured_media":147150,"comment_status":"closed","ping_status":"closed","sticky":false,"template":"","format":"standard","meta":{"footnotes":""},"categories":[37],"tags":[],"class_list":["post-152747","post","type-post","status-publish","format-standard","has-post-thumbnail","","category-politike"],"_links":{"self":[{"href":"https:\/\/rdnews.al\/index.php\/wp-json\/wp\/v2\/posts\/152747","targetHints":{"allow":["GET"]}}],"collection":[{"href":"https:\/\/rdnews.al\/index.php\/wp-json\/wp\/v2\/posts"}],"about":[{"href":"https:\/\/rdnews.al\/index.php\/wp-json\/wp\/v2\/types\/post"}],"author":[{"embeddable":true,"href":"https:\/\/rdnews.al\/index.php\/wp-json\/wp\/v2\/users\/4"}],"replies":[{"embeddable":true,"href":"https:\/\/rdnews.al\/index.php\/wp-json\/wp\/v2\/comments?post=152747"}],"version-history":[{"count":3,"href":"https:\/\/rdnews.al\/index.php\/wp-json\/wp\/v2\/posts\/152747\/revisions"}],"predecessor-version":[{"id":152750,"href":"https:\/\/rdnews.al\/index.php\/wp-json\/wp\/v2\/posts\/152747\/revisions\/152750"}],"wp:featuredmedia":[{"embeddable":true,"href":"https:\/\/rdnews.al\/index.php\/wp-json\/wp\/v2\/media\/147150"}],"wp:attachment":[{"href":"https:\/\/rdnews.al\/index.php\/wp-json\/wp\/v2\/media?parent=152747"}],"wp:term":[{"taxonomy":"category","embeddable":true,"href":"https:\/\/rdnews.al\/index.php\/wp-json\/wp\/v2\/categories?post=152747"},{"taxonomy":"post_tag","embeddable":true,"href":"https:\/\/rdnews.al\/index.php\/wp-json\/wp\/v2\/tags?post=152747"}],"curies":[{"name":"wp","href":"https:\/\/api.w.org\/{rel}","templated":true}]}}