{"id":152751,"date":"2026-09-05T19:55:53","date_gmt":"2026-09-05T19:55:53","guid":{"rendered":"https:\/\/rdnews.al\/?p=152751"},"modified":"2026-09-05T20:18:03","modified_gmt":"2026-09-05T20:18:03","slug":"skema-kriminale-si-rama-i-futi-ne-lufte-dy-biznesmenet","status":"publish","type":"post","link":"https:\/\/rdnews.al\/index.php\/2026\/09\/05\/skema-kriminale-si-rama-i-futi-ne-lufte-dy-biznesmenet\/","title":{"rendered":"Skema kriminale si Rama i futi n\u00eb luft\u00eb dy biznesmen\u00ebt"},"content":{"rendered":"<p>Firmat e kryeministrit Edi Rama, n\u00eb cil\u00ebsin\u00eb e kryetarit t\u00eb K\u00ebshillit Komb\u00ebtar t\u00eb Territorit, p\u00ebr t\u00eb nj\u00ebjtin territor n\u00eb Palas\u00eb t\u00eb Himar\u00ebs, duket se jan\u00eb shkaku i nj\u00eb konflikti t\u00eb dhunsh\u00ebm t\u00eb ndodhur k\u00ebt\u00eb t\u00eb Enjte n\u00eb resortin \u201cRegina\u201d n\u00eb Radhim\u00eb, mes pronarit t\u00eb kompleksit, Vasil Bedinaj dhe drejtuesit t\u00eb holdingut \u201cDelta\u201d n\u00eb Tiran\u00eb, Luan Mu\u00e7a.<\/p>\n<p>Burime nga grupi hetimor than\u00eb p\u00ebr \u201cBoldnews.al\u201d se t\u00eb dyja pal\u00ebt kan\u00eb deklaruar para oficer\u00ebve t\u00eb Policis\u00eb Gjyq\u00ebsore t\u00eb Vlor\u00ebs se jan\u00eb pajisur me leje zhvillimi nga Agjencia e Zhvillimit t\u00eb Territorit (AZHT) p\u00ebr nd\u00ebrtimin e komplekseve n\u00eb zon\u00ebn e Palas\u00ebs, n\u00eb Dh\u00ebrmi.<\/p>\n<p>Por, pasi kan\u00eb marr\u00eb k\u00ebto leje, ata kan\u00eb kuptuar se n\u00eb vendimet e n\u00ebnshkruara nga kryeministri Rama, pronat e tyre kan\u00eb mbivendosje.<\/p>\n<p>\u00cbsht\u00eb e paqart\u00eb se \u00e7far\u00eb ka ndodhur me dokumentacionin dhe p\u00ebrse kjo situat\u00eb absurde nuk \u00ebsht\u00eb verifikuar nga administrata e AZHT-s\u00eb. Por, ajo q\u00eb tashm\u00eb \u00ebsht\u00eb t\u00ebr\u00ebsisht evidente, \u00ebsht\u00eb fakti se firma e kryeministrit i vendosi n\u00eb situat\u00eb p\u00ebrleshjeje dy biznesmen\u00ebt e fuqish\u00ebm.<\/p>\n<p><strong>Reagimi \u201chileqar\u201d i Ram\u00ebs<\/strong><\/p>\n<p>P\u00ebrplasja fizike, deri n\u00eb p\u00ebrdorimin e arm\u00ebve, ka nxitur kryeministrin Rama q\u00eb t\u00eb b\u00ebj\u00eb nj\u00eb reagim publik. N\u00eb rrjete sociale, ai e konsideroi ngjarjen si \u201ckonfliktit banal dhe brutal mes dy nd\u00ebrtuesve\u201d.<\/p>\n<p>Gjithashtu, Rama u shpreh se \u201ctoka q\u00eb ndau me dhun\u00eb dy investitor\u00eb fqinj\u00eb\u2026do t\u00eb kthehet n\u00eb nj\u00eb hap\u00ebsir\u00eb q\u00eb i bashkon t\u00eb gjith\u00eb, n\u00eb nj\u00eb territor paqeje n\u00ebn hijen dhe bekimin e pem\u00ebs s\u00eb paqes, pem\u00ebs s\u00eb bekuar t\u00eb ullirit\u201d.<\/p>\n<p>P\u00ebrtej retorik\u00ebs publicistike, mbushur me stilistik\u00eb gjuh\u00ebsore, reagimi i Ram\u00ebs rezulton t\u00eb jet\u00eb m\u00eb s\u00eb paku i mang\u00ebt dhe me probleme t\u00eb theksuara t\u00eb karakterit ligjor. Nj\u00eb tentativ\u00eb, me t\u00eb cil\u00ebn duket se do t\u00eb shmang\u00eb t\u00eb gjitha p\u00ebrgjegj\u00ebsit\u00eb mbi firmat e dh\u00ebna prej tij, p\u00ebr t\u00eb nj\u00ebjt\u00ebn pron\u00eb n\u00eb Palas\u00eb.<\/p>\n<p><strong>Fqinj\u00eb?<\/strong><\/p>\n<p>Kryeministri Rama, n\u00eb reagimin e tij publik, i konsideron sip\u00ebrmarr\u00ebsit Bedinaj dhe Mu\u00e7a si \u201cinvestitor\u00eb fqinj\u00eb\u201d n\u00eb Palas\u00eb. T\u00eb dh\u00ebnat e deritanishme nga grupi hetimor referojn\u00eb deklaratat e dy biznesmen\u00ebve q\u00eb bashkohen n\u00eb t\u00eb nj\u00ebjt\u00ebn pik\u00eb-t\u00eb dy kan\u00eb marr\u00eb leje zhvillimi nga K\u00ebshilli Komb\u00ebtar i Territorit (KKT) n\u00eb t\u00eb nj\u00ebjt\u00ebn pron\u00eb.<\/p>\n<p>Pra, minimalisht Vasil Bedinaj dhe Luan Mu\u00e7a nuk jan\u00eb \u201cfqinj\u201d, por, duke, iu referuar nj\u00eb praktik\u00eb aspak komode t\u00eb viteve t\u00eb komunizmit, ata duken se jan\u00eb m\u00eb shum\u00eb \u201cfqinj brenda t\u00eb s\u00eb nj\u00ebjt\u00ebs sht\u00ebpi\u201d.<\/p>\n<p>Dhe, ashtu si\u00e7 ndodhte r\u00ebndom me k\u00ebto familje n\u00eb koh\u00ebn e komunizmit, mes tyre kishte sherre e konflikte t\u00eb pashtershme.<\/p>\n<p>Ngjash\u00ebm rezulton se ka ndodhur edhe me dy biznesmen\u00ebt, t\u00eb cil\u00ebt, pasi kan\u00eb konstatuar anomalin\u00eb n\u00eb vendimet e n\u00ebnshkruara nga kryetari i K\u00ebshillit t\u00eb Rregullimit t\u00eb Territorit, Edi Rama, kan\u00eb vendosur ta zgjidhin n\u00eb m\u00ebnyr\u00eb m\u00eb t\u00eb keqe t\u00eb mundshme mes nj\u00ebri-tjetrit.<\/p>\n<p>Burime nga grupi hetimor thon\u00eb se, megjith\u00ebse t\u00eb dy sip\u00ebrmarr\u00ebsit pretendojn\u00eb se kan\u00eb marr\u00eb leje zhvillimore, asnj\u00ebri prej tyre nuk ka paraqitur dokumentacionin p\u00ebrkat\u00ebs.<\/p>\n<p>\u201cBoldnews.al\u201d kreu verifikim n\u00eb faqen zyrtare t\u00eb AZHT-s\u00eb, n\u00eb t\u00eb cil\u00ebn publikohen vendimet e K\u00ebshillit Komb\u00ebtar t\u00eb Territorit, por nuk arriti t\u00eb evidentonte leje p\u00ebr t\u00eb dyja kompanit\u00eb n\u00eb zon\u00ebn e Palas\u00ebs.<\/p>\n<p><strong>\u201cPasqyra\u201d e v\u00ebrtet\u00eb e Ram\u00ebs<\/strong><\/p>\n<p>N\u00eb k\u00ebt\u00eb fillim shtatori, kryeministri Edi Rama prezantoi para deputet\u00ebve t\u00eb tij dhe strukturave t\u00eb larta drejtuese t\u00eb Partis\u00eb Socialiste nj\u00eb platform\u00eb t\u00eb vjet\u00ebr, por me em\u00ebr t\u00eb ri-\u201cPasqyr\u00eb Albania\u201d.<\/p>\n<p>Rama e shfryt\u00ebzoi k\u00ebt\u00eb aktivitet p\u00ebr t\u00eb kritikuar, sipas tij, neglizhenc\u00ebn e administrat\u00ebs p\u00ebr t\u00eb shqyrtuar problemet e qytetar\u00ebve. Ai tha se \u201cPasqyr\u00eb-Albania\u201d do t\u00eb ndihmoj\u00eb n\u00eb rritjen e transparenc\u00ebs s\u00eb organeve qeveritare, duke e v\u00ebn\u00eb theksin gjithnj\u00eb tek \u201cnivelet e ulta t\u00eb administrat\u00ebs\u201d.<\/p>\n<p>Megjithat\u00eb, rasti i p\u00ebrplasjes mes sip\u00ebrmarr\u00ebsve Bedinaj-Mu\u00e7a tregon se, m\u00eb s\u00eb paku, pasqyra e kryeministrit Rama \u00ebsht\u00eb e thyer. Vendimet e n\u00ebnshkruara prej tij p\u00ebr pron\u00ebn n\u00eb Palas\u00eb ende nuk jan\u00eb zbardhur, megjith\u00ebse ai vet\u00eb e pranon se ekzistojn\u00eb.<\/p>\n<p>N\u00eb reagimin e tij pas sherrit n\u00eb Radhim\u00eb, kreu i qeveris\u00eb tha se \u201cprona objekt konflikti do t\u00eb kthehet n\u00eb ullishte\u201d. Nj\u00eb pron\u00eb private nuk mund t\u00eb kthehet n\u00eb \u201cullishte\u201d, vet\u00ebm pse pronar\u00ebt pretendent\u00eb tentuan ta zgjidhin problemin me konflikt.<\/p>\n<p>Por, ajo q\u00eb shkruan Rama p\u00ebr tjet\u00ebrsimin e pron\u00ebs n\u00eb \u201cullishte\u201d zbulon nj\u00eb tjet\u00ebr detaj thelb\u00ebsor, t\u00eb cilin kryeministri e ka ditur ose, m\u00eb s\u00eb paku, e ka m\u00ebsuar pasi ka n\u00ebnshkruar lejet zhvillimore p\u00ebr resorte p\u00ebr t\u00eb dy biznesmen\u00ebt n\u00eb t\u00eb nj\u00ebjtin vend-pron\u00ebsia ka probleme.<\/p>\n<p><strong>A \u00ebsht\u00eb verifikuar pron\u00ebsia?<\/strong><\/p>\n<p>Dy biznesmen\u00ebt pretendojn\u00eb se jan\u00eb pronar\u00eb t\u00eb t\u00eb nj\u00ebjt\u00ebs pron\u00eb n\u00eb Palas\u00eb. Me k\u00ebto dokumenta ata kan\u00eb aplikuar n\u00eb Agjencin\u00eb e Zhvillimit t\u00eb Territorit dhe, si\u00e7 deklarojn\u00eb t\u00eb dy, jan\u00eb pajisur me leje zhvillimore p\u00ebr nd\u00ebrtim resorti.<\/p>\n<p>Pra, duksh\u00ebm rezulton se ka nj\u00eb anomali me mbivendosje pronash, nj\u00eb situat\u00eb q\u00eb shfaqet r\u00ebndom, sidomos n\u00eb zonat bregdetare. Agjencia e Zhvillimit t\u00eb Territorit \u00ebsht\u00eb struktura p\u00ebrgjegj\u00ebse p\u00ebr shqyrtimin e dokumentacionit t\u00eb aplikimeve, para se ato t\u2019i paraqiten p\u00ebr vendimmarrje K\u00ebshillit t\u00eb Rregullimit t\u00eb Territorit.<\/p>\n<p>Nga t\u00eb dh\u00ebnat e deritanishme, gjith\u00ebsesi t\u00eb pakonfirmuara me an\u00eb dokumentare, rezulton se kryetari i KKT-s\u00eb, Rama, ka n\u00ebnshkruar dy leje p\u00ebr t\u00eb nj\u00ebjt\u00ebn pron\u00eb, pa verifikuar statusin real t\u00eb tyre. Nj\u00eb neglizhenc\u00eb fatale, p\u00ebr t\u00eb cil\u00ebn Vasil Bedinaj dhe Luan Mu\u00e7a nuk prit\u00ebn ta zgjidhnin tek \u201cPasqyr\u00eb-Albania\u201d e Ram\u00ebs, por tentuan ta sqaronin me forc\u00ebn e muskujve.\/Kapitali<\/p>\n","protected":false},"excerpt":{"rendered":"<p>Firmat e kryeministrit Edi Rama, n\u00eb cil\u00ebsin\u00eb e kryetarit t\u00eb K\u00ebshillit Komb\u00ebtar t\u00eb Territorit, p\u00ebr t\u00eb nj\u00ebjtin territor n\u00eb Palas\u00eb t\u00eb Himar\u00ebs, duket se jan\u00eb shkaku i nj\u00eb konflikti t\u00eb dhunsh\u00ebm t\u00eb ndodhur k\u00ebt\u00eb t\u00eb Enjte n\u00eb resortin \u201cRegina\u201d n\u00eb Radhim\u00eb, mes pronarit t\u00eb kompleksit, Vasil Bedinaj dhe drejtuesit t\u00eb holdingut \u201cDelta\u201d n\u00eb Tiran\u00eb, Luan &hellip;<\/p>\n","protected":false},"author":3,"featured_media":152752,"comment_status":"closed","ping_status":"closed","sticky":false,"template":"","format":"standard","meta":{"footnotes":""},"categories":[37,40],"tags":[],"class_list":["post-152751","post","type-post","status-publish","format-standard","has-post-thumbnail","","category-politike","category-aktualitet"],"_links":{"self":[{"href":"https:\/\/rdnews.al\/index.php\/wp-json\/wp\/v2\/posts\/152751","targetHints":{"allow":["GET"]}}],"collection":[{"href":"https:\/\/rdnews.al\/index.php\/wp-json\/wp\/v2\/posts"}],"about":[{"href":"https:\/\/rdnews.al\/index.php\/wp-json\/wp\/v2\/types\/post"}],"author":[{"embeddable":true,"href":"https:\/\/rdnews.al\/index.php\/wp-json\/wp\/v2\/users\/3"}],"replies":[{"embeddable":true,"href":"https:\/\/rdnews.al\/index.php\/wp-json\/wp\/v2\/comments?post=152751"}],"version-history":[{"count":2,"href":"https:\/\/rdnews.al\/index.php\/wp-json\/wp\/v2\/posts\/152751\/revisions"}],"predecessor-version":[{"id":152754,"href":"https:\/\/rdnews.al\/index.php\/wp-json\/wp\/v2\/posts\/152751\/revisions\/152754"}],"wp:featuredmedia":[{"embeddable":true,"href":"https:\/\/rdnews.al\/index.php\/wp-json\/wp\/v2\/media\/152752"}],"wp:attachment":[{"href":"https:\/\/rdnews.al\/index.php\/wp-json\/wp\/v2\/media?parent=152751"}],"wp:term":[{"taxonomy":"category","embeddable":true,"href":"https:\/\/rdnews.al\/index.php\/wp-json\/wp\/v2\/categories?post=152751"},{"taxonomy":"post_tag","embeddable":true,"href":"https:\/\/rdnews.al\/index.php\/wp-json\/wp\/v2\/tags?post=152751"}],"curies":[{"name":"wp","href":"https:\/\/api.w.org\/{rel}","templated":true}]}}