{"id":152755,"date":"2026-09-05T20:10:53","date_gmt":"2026-09-05T20:10:53","guid":{"rendered":"https:\/\/rdnews.al\/?p=152755"},"modified":"2026-09-05T20:17:22","modified_gmt":"2026-09-05T20:17:22","slug":"te-marten-proteste-e-madhe-para-parlamentit","status":"publish","type":"post","link":"https:\/\/rdnews.al\/index.php\/2026\/09\/05\/te-marten-proteste-e-madhe-para-parlamentit\/","title":{"rendered":"T\u00eb mart\u00ebn protest\u00eb e madhe para Parlamentit"},"content":{"rendered":"<p>Gjat\u00eb fjal\u00ebs s\u00eb tij n\u00eb dit\u00ebn e 98-t\u00eb t\u00eb q\u00ebndres\u00ebs popullore para Kryeministris\u00eb, aktivisti u b\u00ebri thirrje t\u00eb gjith\u00eb qytetar\u00ebve q\u00eb m\u00eb 8 shtator t\u00eb zhvendosin aksionin e revolt\u00ebs p\u00ebrpara godin\u00ebs s\u00eb Kuvendit, aty ku rinisin zyrtarisht punimet parlamentare.<\/p>\n<p>Aktivisti e cil\u00ebsoi nisjen e sesionit t\u00eb ri parlamentar si nj\u00eb moment p\u00ebrballjeje direkte me mazhoranc\u00ebn e Edi Ram\u00ebs dhe deputet\u00ebt e tij.<\/p>\n<p>\u201cM\u00eb dat\u00ebn 8 shtator jemi t\u00eb ftuar t\u00eb gjith\u00eb te Parlamenti! Edi Rama ka ftuar popullin t\u00eb ballafaqohet me deputet\u00ebt e tij p\u00ebr hallet tona. Ju lutem t\u00eb gjith\u00ebve, m\u00eb dat\u00ebn 8 shtator, ora 17:00, t\u00eb gjith\u00eb atje!\u201d deklaroi ai me ton mjaft t\u00eb prer\u00eb.<img loading=\"lazy\" decoding=\"async\" src=\"https:\/\/ads.balkanweb.com\/www\/delivery\/lg.php?bannerid=0&amp;campaignid=0&amp;zoneid=629&amp;loc=https%3A%2F%2Fwww.balkanweb.com%2Fme-8-shtator-te-gjithe-te-parlamenti-thirrja-e-aktivistit-nga-sheshi-te-gjithe-te-qendrojme-se-bashku-per-shqiperine%2F&amp;referer=https%3A%2F%2Fwww.balkanweb.com%2F&amp;cb=b6c11b673a\" alt=\"\" width=\"0\" height=\"0\" \/><\/p>\n<p>P\u00ebrmes nj\u00eb fjalimi prek\u00ebs e t\u00eb fort\u00eb, aktivisti iu drejtua t\u00eb gjith\u00eb qytetar\u00ebve dhe grupimeve q\u00eb kan\u00eb mbajtur gjall\u00eb protest\u00ebn n\u00eb k\u00ebto 98 dit\u00eb, duke k\u00ebrkuar tejkalimin e \u00e7do p\u00ebr\u00e7arjeje apo inati personal q\u00eb ka lindur gjat\u00eb rrug\u00ebtimit.<\/p>\n<p>\u201cSonte do t\u00eb flas me ju q\u00eb keni ecur bashk\u00eb me t\u00eb nj\u00ebjt\u00ebn \u00ebnd\u00ebrr dhe shpres\u00eb p\u00ebr vendin, ju q\u00eb shkuat deri n\u00eb vet\u00ebmohim p\u00ebr t\u00eb mbajtur gjall\u00eb k\u00ebt\u00eb protest\u00eb. Erdhi dreqi e bashk\u00eb me dreqin erdh\u00ebn fjal\u00ebt. Miqt\u00eb u b\u00ebn\u00eb kund\u00ebrshtar\u00eb e kund\u00ebrshtar\u00ebt u b\u00ebn\u00eb armiq. Nuk po them kush gaboi, por ju kujtoj se keni qen\u00eb v\u00ebllez\u00ebr para se dreqi t\u00eb vij\u00eb mes jush. A ja vlen t\u00eb humb\u00ebsh v\u00ebllez\u00ebrit ve\u00e7 p\u00ebr nj\u00eb fjal\u00eb q\u00eb tha dikush tjet\u00ebr?\u201d u shpreh ai.<\/p>\n<p>N\u00eb p\u00ebrmbyllje t\u00eb fjal\u00ebs s\u00eb tij, aktivisti b\u00ebri nj\u00eb apel drith\u00ebrues q\u00eb p\u00ebr hir t\u00eb t\u00eb ardhmes s\u00eb f\u00ebmij\u00ebve dhe vendit, protestuesit t\u00eb falin nj\u00ebri-tjetrin dhe t\u00eb unifikojn\u00eb rradh\u00ebt e tyre.<\/p>\n<p>\u201cV\u00ebllez\u00ebr e motra, p\u00ebr hir t\u00eb Zotit e atdheut lini pas krenarin\u00eb q\u00eb ju ndan dhe ta nisim bashk\u00eb p\u00ebr Shqip\u00ebrin\u00eb, p\u00ebr f\u00ebmij\u00ebt dhe tok\u00ebn q\u00eb ju bashkon! N\u00ebse ka akoma inate mes jush, le t\u2019i varrosni sonte. N\u00ebse duart tuaja kan\u00eb mbetur t\u00eb shtr\u00ebnguara prej inatit, hapini ato sonte!\u201d p\u00ebrfundoi aktivisti p\u00ebrball\u00eb turm\u00ebs n\u00eb bulevard.<\/p>\n","protected":false},"excerpt":{"rendered":"<p>Gjat\u00eb fjal\u00ebs s\u00eb tij n\u00eb dit\u00ebn e 98-t\u00eb t\u00eb q\u00ebndres\u00ebs popullore para Kryeministris\u00eb, aktivisti u b\u00ebri thirrje t\u00eb gjith\u00eb qytetar\u00ebve q\u00eb m\u00eb 8 shtator t\u00eb zhvendosin aksionin e revolt\u00ebs p\u00ebrpara godin\u00ebs s\u00eb Kuvendit, aty ku rinisin zyrtarisht punimet parlamentare. Aktivisti e cil\u00ebsoi nisjen e sesionit t\u00eb ri parlamentar si nj\u00eb moment p\u00ebrballjeje direkte me mazhoranc\u00ebn &hellip;<\/p>\n","protected":false},"author":3,"featured_media":152666,"comment_status":"closed","ping_status":"closed","sticky":false,"template":"","format":"standard","meta":{"footnotes":""},"categories":[37],"tags":[],"class_list":["post-152755","post","type-post","status-publish","format-standard","has-post-thumbnail","","category-politike"],"_links":{"self":[{"href":"https:\/\/rdnews.al\/index.php\/wp-json\/wp\/v2\/posts\/152755","targetHints":{"allow":["GET"]}}],"collection":[{"href":"https:\/\/rdnews.al\/index.php\/wp-json\/wp\/v2\/posts"}],"about":[{"href":"https:\/\/rdnews.al\/index.php\/wp-json\/wp\/v2\/types\/post"}],"author":[{"embeddable":true,"href":"https:\/\/rdnews.al\/index.php\/wp-json\/wp\/v2\/users\/3"}],"replies":[{"embeddable":true,"href":"https:\/\/rdnews.al\/index.php\/wp-json\/wp\/v2\/comments?post=152755"}],"version-history":[{"count":3,"href":"https:\/\/rdnews.al\/index.php\/wp-json\/wp\/v2\/posts\/152755\/revisions"}],"predecessor-version":[{"id":152758,"href":"https:\/\/rdnews.al\/index.php\/wp-json\/wp\/v2\/posts\/152755\/revisions\/152758"}],"wp:featuredmedia":[{"embeddable":true,"href":"https:\/\/rdnews.al\/index.php\/wp-json\/wp\/v2\/media\/152666"}],"wp:attachment":[{"href":"https:\/\/rdnews.al\/index.php\/wp-json\/wp\/v2\/media?parent=152755"}],"wp:term":[{"taxonomy":"category","embeddable":true,"href":"https:\/\/rdnews.al\/index.php\/wp-json\/wp\/v2\/categories?post=152755"},{"taxonomy":"post_tag","embeddable":true,"href":"https:\/\/rdnews.al\/index.php\/wp-json\/wp\/v2\/tags?post=152755"}],"curies":[{"name":"wp","href":"https:\/\/api.w.org\/{rel}","templated":true}]}}