{"id":152759,"date":"2026-09-06T18:51:28","date_gmt":"2026-09-06T18:51:28","guid":{"rendered":"https:\/\/rdnews.al\/?p=152759"},"modified":"2026-09-06T18:51:28","modified_gmt":"2026-09-06T18:51:28","slug":"shqiptaret-e-amerikes-pritje-historike-berishes-ne-new-jersey","status":"publish","type":"post","link":"https:\/\/rdnews.al\/index.php\/2026\/09\/06\/shqiptaret-e-amerikes-pritje-historike-berishes-ne-new-jersey\/","title":{"rendered":"Shqiptar\u00ebt e Amerik\u00ebs pritje historike Berish\u00ebs n\u00eb New Jersey"},"content":{"rendered":"<p>Kryetari i PD-s\u00eb Sali Berisha siguroi para shqiptar\u00ebve t\u00eb Amerik\u00ebs se rikthimi i tij do t\u00eb p\u00ebrdoret p\u00ebr nd\u00ebrtimin e nj\u00eb bashk\u00ebpunimi t\u00eb shk\u00eblqyer me Shtetet e Bashkuara t\u00eb Amerik\u00ebs.<\/p>\n<p>Takimi u mbajt sot pasdite n\u00eb New Jersey.<\/p>\n<p><strong>Pjes\u00ebe nga fjala e Berishe\u00ebs<\/strong><\/p>\n<p><em>Tani miq, le ta quajm\u00eb rikthim t\u00eb dyt\u00eb apo t\u00eb tret\u00eb, le ta quajm\u00eb si t\u00eb duam.<br \/>\nPor nj\u00eb gj\u00eb ju siguroj,\u00a0 se ky rikthim do t\u00eb p\u00ebrdoret, p\u00ebr nd\u00ebrtimin e nj\u00eb bashk\u00ebpunimi t\u00eb shk\u00eblqyer me Shtetet e Bashkuara t\u00eb Amerik\u00ebs, i nj\u00eb r\u00ebnd\u00ebsie jetike, p\u00ebr t\u00eb ardhmen e vendit ton\u00eb.<br \/>\nKurr\u00eb shqiptar\u00ebt nuk duhet t\u00eb harrojn\u00eb se ky vend ka kontributin m\u00eb t\u00eb madh se \u00e7do vend tjet\u00ebr i planetit n\u00eb lirin\u00eb e bot\u00ebs.<br \/>\nKy komb me qeverit\u00eb e tij, kan\u00eb kontributin m\u00eb t\u00eb madh dhe p\u00ebrcaktues n\u00eb lirin\u00eb e kombit shqiptar nga vitet &#8217;20 t\u00eb shekullit t\u00eb kaluar deri n\u00eb vitet 2000 t\u00eb k\u00ebtij shekulli.<br \/>\nNdaj edhe ju siguroj, se k\u00ebt\u00eb rikthim do ta p\u00ebrdor, do ta p\u00ebrdorim s\u00eb bashku, p\u00ebr nd\u00ebrtimin e marr\u00ebdh\u00ebnieve, t\u00eb partneritetit m\u00eb t\u00eb shk\u00eblqyer n\u00eb interesin m\u00eb t\u00eb mir\u00eb t\u00eb dy vendeve dhe kombeve tona, me k\u00ebt\u00eb vend dhe qeverin\u00eb e Shteteve t\u00eb Bashkuara.<br \/>\nEdhe nj\u00eb her\u00eb faleminderit shum\u00eb p\u00ebr k\u00ebt\u00eb pritje.<br \/>\nDhe mir\u00ebnjohje t\u00eb pafundme.<br \/>\nRroft\u00eb diaspora shqiptare!<br \/>\nRroft\u00eb kombi shqiptar!<br \/>\nRroft\u00eb kombi i madh amerikan!<br \/>\nZoti e bekoft\u00eb, i bekoft\u00eb Shtetet e Bashkuara, Zoti e bekoft\u00eb Shqip\u00ebrin\u00eb, flamurin e saj. Faleminderit!\u00a0<\/em><\/p>\n","protected":false},"excerpt":{"rendered":"<p>Kryetari i PD-s\u00eb Sali Berisha siguroi para shqiptar\u00ebve t\u00eb Amerik\u00ebs se rikthimi i tij do t\u00eb p\u00ebrdoret p\u00ebr nd\u00ebrtimin e nj\u00eb bashk\u00ebpunimi t\u00eb shk\u00eblqyer me Shtetet e Bashkuara t\u00eb Amerik\u00ebs. Takimi u mbajt sot pasdite n\u00eb New Jersey. Pjes\u00ebe nga fjala e Berishe\u00ebs Tani miq, le ta quajm\u00eb rikthim t\u00eb dyt\u00eb apo t\u00eb tret\u00eb, le &hellip;<\/p>\n","protected":false},"author":3,"featured_media":152760,"comment_status":"closed","ping_status":"closed","sticky":false,"template":"","format":"standard","meta":{"footnotes":""},"categories":[37],"tags":[],"class_list":["post-152759","post","type-post","status-publish","format-standard","has-post-thumbnail","","category-politike"],"_links":{"self":[{"href":"https:\/\/rdnews.al\/index.php\/wp-json\/wp\/v2\/posts\/152759","targetHints":{"allow":["GET"]}}],"collection":[{"href":"https:\/\/rdnews.al\/index.php\/wp-json\/wp\/v2\/posts"}],"about":[{"href":"https:\/\/rdnews.al\/index.php\/wp-json\/wp\/v2\/types\/post"}],"author":[{"embeddable":true,"href":"https:\/\/rdnews.al\/index.php\/wp-json\/wp\/v2\/users\/3"}],"replies":[{"embeddable":true,"href":"https:\/\/rdnews.al\/index.php\/wp-json\/wp\/v2\/comments?post=152759"}],"version-history":[{"count":1,"href":"https:\/\/rdnews.al\/index.php\/wp-json\/wp\/v2\/posts\/152759\/revisions"}],"predecessor-version":[{"id":152761,"href":"https:\/\/rdnews.al\/index.php\/wp-json\/wp\/v2\/posts\/152759\/revisions\/152761"}],"wp:featuredmedia":[{"embeddable":true,"href":"https:\/\/rdnews.al\/index.php\/wp-json\/wp\/v2\/media\/152760"}],"wp:attachment":[{"href":"https:\/\/rdnews.al\/index.php\/wp-json\/wp\/v2\/media?parent=152759"}],"wp:term":[{"taxonomy":"category","embeddable":true,"href":"https:\/\/rdnews.al\/index.php\/wp-json\/wp\/v2\/categories?post=152759"},{"taxonomy":"post_tag","embeddable":true,"href":"https:\/\/rdnews.al\/index.php\/wp-json\/wp\/v2\/tags?post=152759"}],"curies":[{"name":"wp","href":"https:\/\/api.w.org\/{rel}","templated":true}]}}