{"id":152766,"date":"2026-09-06T19:53:01","date_gmt":"2026-09-06T19:53:01","guid":{"rendered":"https:\/\/rdnews.al\/?p=152766"},"modified":"2026-09-06T19:53:01","modified_gmt":"2026-09-06T19:53:01","slug":"berisha-ata-qe-firmosen-ndalimin-tim-sot-jane-non-grata-mirenjohje-presidentit-trump-dhe-sekretarit-rubio","status":"publish","type":"post","link":"https:\/\/rdnews.al\/index.php\/2026\/09\/06\/berisha-ata-qe-firmosen-ndalimin-tim-sot-jane-non-grata-mirenjohje-presidentit-trump-dhe-sekretarit-rubio\/","title":{"rendered":"Berisha: Ata q\u00eb firmos\u00ebn ndalimin tim, sot jan\u00eb non-grata! Mir\u00ebnjohje presidentit Trump dhe sekretarit Rubio"},"content":{"rendered":"<p>Kreu i Partis\u00eb Demokratike n\u00eb fjal\u00ebn e mbajtur me shqiptar\u00ebt n\u00eb Nju Xhersi u shpreh se ata q\u00eb i p\u00ebrgatit\u00ebn mashtrime ndaj tij dhe ndalimin p\u00ebr hyrjen n\u00eb SHBA, sot jan\u00eb pas hekurave.<\/p>\n<p>Duke iu referuar ish-ambasadores n\u00eb Tiran\u00eb, Yuri Kim, Berisha shton se ajo q\u00eb dikur i tregonte shqiptar\u00ebve barin, sot \u00ebsht\u00eb papun\u00eb. Berisha theksoi edhe nj\u00eb her\u00eb se pas goditjes me non-grata nga ekstremi i majt\u00eb n\u00eb SHBA dhe Shqip\u00ebri ai vendosi t\u00eb ringrihet, n\u00eb t\u00eb nj\u00ebjt\u00ebn koh\u00eb kur edhe Trump po b\u00ebnte betej\u00ebn e tij kund\u00ebr Soros.<\/p>\n<p>Berisha:\u00a0<em>P\u00ebr ne sot kjo \u00ebsht\u00eb nj\u00eb dit\u00eb jo e zakonshme. Sot \u00ebsht\u00eb nj\u00eb dit\u00eb q\u00eb p\u00ebr mua p\u00ebrs\u00ebri ngjall emocione. Nj\u00eb dit\u00eb q\u00eb shum\u00ebkush e ka menduar t\u00eb pamundur. E ka menduar si\u00a0 nj\u00eb dit\u00eb q\u00eb nuk do ta shihnim ndonj\u00ebher\u00eb. Sepse le t\u00eb jemi t\u00eb sinqert\u00eb.<\/p>\n<p>Shum\u00eb prej nesh t\u00eb pakt\u00ebn nj\u00eb her\u00eb a m\u00eb shum\u00eb kemi pyetur veten kush jemi ne, kush\u00a0 jemi ne p\u00ebr t\u00eb sfiduar nj\u00eb padrejt\u00ebsi.<\/em><\/p>\n<p><em>Jo pak her\u00eb kemi pyetur veten k\u00ebto vite:<br \/>\nKush jemi ne?<br \/>\nSi z\u00ebri i nj\u00eb t\u00eb drejte t\u00eb d\u00ebgjohet n\u00eb nj\u00eb bot\u00eb ku p\u00ebr fat t\u00eb keq gjithmon\u00eb e m\u00eb shum\u00eb po sundohet nga e padrejta?<\/p>\n<p>Kush jemi ne q\u00eb t\u00eb q\u00ebndrojm\u00eb t\u00eb fort\u00eb kur n\u00eb momente t\u00eb caktuara e gjith\u00eb bota dukej kund\u00ebr nesh? K\u00ebto jan\u00eb pyetje q\u00eb v\u00ebrtet t\u00eb b\u00ebjn\u00eb t\u00eb ndihesh i vog\u00ebl n\u00eb nj\u00eb bot\u00eb t\u00eb madhe.<\/p>\n<p>K\u00ebto jan\u00eb pyetje q\u00eb t\u00eb b\u00ebjn\u00eb t\u00eb ndihesh i pafuqish\u00ebm p\u00ebrball\u00eb padrejt\u00ebsive shum\u00eb t\u00eb fuqishme.<\/p>\n<p>Por kjo pyetje, &#8220;kush jemi ne&#8221;, ka nj\u00eb p\u00ebrgjigje e cila p\u00ebrjet\u00ebsisht do jet\u00eb burim i pashtersh\u00ebm i fuqis\u00eb son\u00eb p\u00ebr t\u00eb b\u00ebr\u00eb t\u00eb pamundur\u00ebn t\u00eb mundur. Ne jemi shqiptar\u00eb!<\/em><\/p>\n<p><em>Sepse, sepse ne jemi shqiptar\u00eb dhe q\u00ebndrojm\u00eb e luftojm\u00eb t\u00eb pamposhtur p\u00ebr dinjitetin ton\u00eb. Sepse ne jemi shqiptar\u00eb, luftojm\u00eb dhe q\u00ebndrojm\u00eb t\u00eb vendosur p\u00ebr familjet tona. Ne jemi shqiptar\u00eb, ndaj edhe luftojm\u00eb n\u00eb kushtet m\u00eb t\u00eb pabarabarta p\u00ebr kombin ton\u00eb, dinjitetin dhe lirin\u00eb e tij. Ne jemi shqiptar\u00eb, ndaj edhe nuk dor\u00ebzohemi. Prandaj dit\u00eb si kjo, t\u00eb pamundurat ne i b\u00ebjm\u00eb t\u00eb mundura. Zoti u bekoft\u00eb!<\/em><\/p>\n<p><em>Kjo dit\u00eb sh\u00ebnon pra nj\u00eb nga ato raste, forca e t\u00eb keqes q\u00eb t\u00eb gjith\u00eb e njohim, n\u00eb nj\u00eb agresion t\u00eb padrejt\u00eb ndaj dinjitetit tim, m\u00eb mohoi hyrjen n\u00eb Shtetet e Bashkuara t\u00eb Amerik\u00ebs 4 vite m\u00eb par\u00eb. N\u00eb nj\u00eb koh\u00eb kur un\u00eb isha tet\u00eb vite pa asnj\u00eb pushtet, thuajse i t\u00ebrhequr plot\u00ebsisht nga jeta politike. Por me fuqin\u00eb q\u00eb na karakterizon ne si shqiptar\u00eb, me besimin e pal\u00ebkundur tek Shtetet e Bashkuara t\u00eb Amerik\u00ebs, vlerat mbi t\u00eb cilat \u00ebsht\u00eb nd\u00ebrtuar ky vend e komb i madh..<\/em><\/p>\n<p><em>Vend i t\u00eb lir\u00ebve, sht\u00ebpi e guximtar\u00ebve. I qart\u00eb se kristali se kjo padrejt\u00ebsi nuk po vinte nga Shtetet e Bashkuara, por po vinte nga agjendat antiliri, antikomb, t\u00eb asaj q\u00eb vet\u00eb presidenti Donald Trump e ka em\u00ebrtuar si ekstremi i majt\u00eb.<\/em><\/p>\n<p><em>Duke mbajtur n\u00eb mend shprehjen e nj\u00eb prej burrave m\u00eb t\u00eb ndritur dhe legjendar\u00eb t\u00eb kombit t\u00eb madh amerikan, Abraham Lincoln, i cili thot\u00eb se &#8220;r\u00ebnd\u00ebsi nuk ka sa her\u00eb rr\u00ebzohesh, por sa her\u00eb ngrihesh&#8221;. Dhe un\u00eb vendosa t\u00eb ringrihem. V\u00ebrtet e nisa k\u00ebt\u00eb betej\u00eb n\u00eb pamje t\u00eb par\u00eb n\u00eb pamund\u00ebsi t\u00eb plot\u00eb, nj\u00eb terr, pa asnj\u00eb nat\u00eb, asnj\u00eb nat\u00eb nuk zgjat dot pafund\u00ebsisht. N\u00eb t\u00eb nj\u00ebjt\u00ebn koh\u00eb q\u00eb un\u00eb zhvillova k\u00ebt\u00eb betej\u00eb, populli i madh amerikan vendosi t\u00eb ringrihet, duke zgjedhur si president Donald Trump n\u00eb n\u00ebntor t\u00eb vitit 2024. Pak nga pak, bota e lir\u00eb filloi t\u00eb ringrihet nga agresioni i ekstremit t\u00eb majt\u00eb dhe efektet erdh\u00ebn deri n\u00eb Shqip\u00ebri.<\/p>\n<p>Ata q\u00eb na treguan ne barin p\u00ebrfunduan t\u00eb papun\u00eb, ata q\u00eb firmos\u00ebn ndalimin tim sot jan\u00eb non-grata vet\u00eb n\u00eb vendin e tyre, ata q\u00eb p\u00ebrgatit\u00ebn mashtrimet ndaj meje n\u00eb Shqip\u00ebri sot jan\u00eb prapa hekurave.<\/p>\n<p>Nd\u00ebrsa un\u00eb sot po q\u00ebndroj me dy k\u00ebmb\u00eb mbi at\u00eb tok\u00eb q\u00eb ata mendonin t\u00eb ma ndalonin p\u00ebrgjithmon\u00eb. Ndaj dhe un\u00eb sot kam nj\u00eb mir\u00ebnjohje t\u00eb pakufishme ndaj jush, burra, gra, djem dhe vajza, shqiptar\u00eb t\u00eb v\u00ebrtet\u00eb q\u00eb m\u00eb mb\u00ebshtet\u00ebt n\u00eb or\u00ebt m\u00eb t\u00eb v\u00ebshtira.<\/em><\/p>\n<p><em>Mir\u00ebnjohje t\u00eb pakufishme ndaj administrat\u00ebs s\u00eb presidentit Donald Trump, sekretarit t\u00eb Departamentit t\u00eb Shtetit, Marco Rubio, p\u00ebr vendimin e tij.\u00a0<\/em><\/p>\n","protected":false},"excerpt":{"rendered":"<p>Kreu i Partis\u00eb Demokratike n\u00eb fjal\u00ebn e mbajtur me shqiptar\u00ebt n\u00eb Nju Xhersi u shpreh se ata q\u00eb i p\u00ebrgatit\u00ebn mashtrime ndaj tij dhe ndalimin p\u00ebr hyrjen n\u00eb SHBA, sot jan\u00eb pas hekurave. Duke iu referuar ish-ambasadores n\u00eb Tiran\u00eb, Yuri Kim, Berisha shton se ajo q\u00eb dikur i tregonte shqiptar\u00ebve barin, sot \u00ebsht\u00eb papun\u00eb. Berisha &hellip;<\/p>\n","protected":false},"author":3,"featured_media":152767,"comment_status":"closed","ping_status":"closed","sticky":false,"template":"","format":"standard","meta":{"footnotes":""},"categories":[37],"tags":[],"class_list":["post-152766","post","type-post","status-publish","format-standard","has-post-thumbnail","","category-politike"],"_links":{"self":[{"href":"https:\/\/rdnews.al\/index.php\/wp-json\/wp\/v2\/posts\/152766","targetHints":{"allow":["GET"]}}],"collection":[{"href":"https:\/\/rdnews.al\/index.php\/wp-json\/wp\/v2\/posts"}],"about":[{"href":"https:\/\/rdnews.al\/index.php\/wp-json\/wp\/v2\/types\/post"}],"author":[{"embeddable":true,"href":"https:\/\/rdnews.al\/index.php\/wp-json\/wp\/v2\/users\/3"}],"replies":[{"embeddable":true,"href":"https:\/\/rdnews.al\/index.php\/wp-json\/wp\/v2\/comments?post=152766"}],"version-history":[{"count":1,"href":"https:\/\/rdnews.al\/index.php\/wp-json\/wp\/v2\/posts\/152766\/revisions"}],"predecessor-version":[{"id":152768,"href":"https:\/\/rdnews.al\/index.php\/wp-json\/wp\/v2\/posts\/152766\/revisions\/152768"}],"wp:featuredmedia":[{"embeddable":true,"href":"https:\/\/rdnews.al\/index.php\/wp-json\/wp\/v2\/media\/152767"}],"wp:attachment":[{"href":"https:\/\/rdnews.al\/index.php\/wp-json\/wp\/v2\/media?parent=152766"}],"wp:term":[{"taxonomy":"category","embeddable":true,"href":"https:\/\/rdnews.al\/index.php\/wp-json\/wp\/v2\/categories?post=152766"},{"taxonomy":"post_tag","embeddable":true,"href":"https:\/\/rdnews.al\/index.php\/wp-json\/wp\/v2\/tags?post=152766"}],"curies":[{"name":"wp","href":"https:\/\/api.w.org\/{rel}","templated":true}]}}