{"id":1535,"date":"2022-01-04T18:03:21","date_gmt":"2022-01-04T18:03:21","guid":{"rendered":"http:\/\/rdnews.al\/?p=1535"},"modified":"2022-01-04T18:03:21","modified_gmt":"2022-01-04T18:03:21","slug":"protesta-banoret-e-laprakes-nuk-do-ia-falim-shtetit-as-qindarken-me-te-vogel-nuk-do-te-tolerojme-asgje","status":"publish","type":"post","link":"https:\/\/rdnews.al\/index.php\/2022\/01\/04\/protesta-banoret-e-laprakes-nuk-do-ia-falim-shtetit-as-qindarken-me-te-vogel-nuk-do-te-tolerojme-asgje\/","title":{"rendered":"Protesta\/ Banor\u00ebt e Laprak\u00ebs: Nuk do ia falim shtetit as qindark\u00ebn m\u00eb t\u00eb vog\u00ebl, nuk do t\u00eb tolerojm\u00eb asgj\u00eb!"},"content":{"rendered":"<p>Banor\u00ebt e Laprak\u00ebs kan\u00eb protestuar s\u00ebrish, kund\u00ebr prishjes t\u00eb sht\u00ebpive t\u00eb tyre, pasi do nd\u00ebrtohet projekti i Unaz\u00ebs n\u00eb Tiran\u00eb.<\/p>\n<p>Gazetari dhe banori i zon\u00ebs Bled Marku, n\u00eb fjal\u00ebn e tij deklaroi se nuk do t\u00eb tolerohet asgj\u00eb. Ai u shpreh m\u00eb tej se, njer\u00ebz t\u00eb pushtetit dhe t\u00eb paras\u00eb, jan\u00eb duke heshtur p\u00ebrpara korrupsionit t\u00eb madh.<\/p>\n<p>\u201cBalluku tha se do t\u00eb vazhdoj\u00eb projekti i Unaz\u00ebs dhe projektet e tjera infrastrukturore, tha ajo. N\u00eb k\u00ebt\u00eb zon\u00eb, asgj\u00eb nuk do t\u00eb tolerohet. Nuk do ia falim shtetit as qindark\u00ebn m\u00eb t\u00eb vog\u00ebl. N\u00ebse duan t\u00eb na b\u00ebjn\u00eb kriminela, do iu p\u00ebrgjigjemi. Nuk e kuptoj Manj\u00ebn dhe as Lamajn q\u00eb heshtin para nj\u00eb korrupsioni kaq t\u00eb madh.<\/p>\n<p>Nuk e kuptoj pse kreu i Kadastr\u00ebs nuk thot\u00eb se p\u00ebrse \u00ebsht\u00eb ndryshuar projekti. Projekti ka devijuar se po favorizohen njer\u00ebz t\u00eb pushtetit dhe t\u00eb paras\u00eb. Ne k\u00ebrkojm\u00eb q\u00eb njer\u00ebzit t\u00eb trajtohen si shtetas shqiptar\u00eb e jo si dikush i vjehrrit, dikush i n\u00ebn\u00ebs e dikush i njerk\u00ebs\u201d, deklaroi Bled Marku.<\/p>\n","protected":false},"excerpt":{"rendered":"<p>Banor\u00ebt e Laprak\u00ebs kan\u00eb protestuar s\u00ebrish, kund\u00ebr prishjes t\u00eb sht\u00ebpive t\u00eb tyre, pasi do nd\u00ebrtohet projekti i Unaz\u00ebs n\u00eb Tiran\u00eb. Gazetari dhe banori i zon\u00ebs Bled Marku, n\u00eb fjal\u00ebn e tij deklaroi se nuk do t\u00eb tolerohet asgj\u00eb. Ai u shpreh m\u00eb tej se, njer\u00ebz t\u00eb pushtetit dhe t\u00eb paras\u00eb, jan\u00eb duke heshtur p\u00ebrpara korrupsionit &hellip;<\/p>\n","protected":false},"author":4,"featured_media":1536,"comment_status":"open","ping_status":"open","sticky":false,"template":"","format":"standard","meta":{"footnotes":""},"categories":[45],"tags":[],"class_list":["post-1535","post","type-post","status-publish","format-standard","has-post-thumbnail","","category-sociale"],"_links":{"self":[{"href":"https:\/\/rdnews.al\/index.php\/wp-json\/wp\/v2\/posts\/1535","targetHints":{"allow":["GET"]}}],"collection":[{"href":"https:\/\/rdnews.al\/index.php\/wp-json\/wp\/v2\/posts"}],"about":[{"href":"https:\/\/rdnews.al\/index.php\/wp-json\/wp\/v2\/types\/post"}],"author":[{"embeddable":true,"href":"https:\/\/rdnews.al\/index.php\/wp-json\/wp\/v2\/users\/4"}],"replies":[{"embeddable":true,"href":"https:\/\/rdnews.al\/index.php\/wp-json\/wp\/v2\/comments?post=1535"}],"version-history":[{"count":0,"href":"https:\/\/rdnews.al\/index.php\/wp-json\/wp\/v2\/posts\/1535\/revisions"}],"wp:featuredmedia":[{"embeddable":true,"href":"https:\/\/rdnews.al\/index.php\/wp-json\/wp\/v2\/media\/1536"}],"wp:attachment":[{"href":"https:\/\/rdnews.al\/index.php\/wp-json\/wp\/v2\/media?parent=1535"}],"wp:term":[{"taxonomy":"category","embeddable":true,"href":"https:\/\/rdnews.al\/index.php\/wp-json\/wp\/v2\/categories?post=1535"},{"taxonomy":"post_tag","embeddable":true,"href":"https:\/\/rdnews.al\/index.php\/wp-json\/wp\/v2\/tags?post=1535"}],"curies":[{"name":"wp","href":"https:\/\/api.w.org\/{rel}","templated":true}]}}