{"id":15590,"date":"2022-06-21T09:48:10","date_gmt":"2022-06-21T09:48:10","guid":{"rendered":"https:\/\/rdnews.al\/?p=15590"},"modified":"2022-06-21T09:48:10","modified_gmt":"2022-06-21T09:48:10","slug":"kur-ironia-perdoret-pa-vend","status":"publish","type":"post","link":"https:\/\/rdnews.al\/index.php\/2022\/06\/21\/kur-ironia-perdoret-pa-vend\/","title":{"rendered":"Kur ironia p\u00ebrdoret pa vend&#8230;"},"content":{"rendered":"<p><strong>Nga Lu\u00e7iano BO\u00c7I<\/strong><\/p>\n<p>Rama ka ironizuar nga Prishtina akuzat dhe mbajtjen n\u00eb qeli t\u00eb Tha\u00e7it dhe Veselit. Dick Marty dhe Tribunali i Hag\u00ebs \u00ebsht\u00eb e v\u00ebrtet\u00eb q\u00eb meritojn\u00eb nota shp\u00ebrfillje e ironike me akuzat qesharake ndaj luft\u00ebtar\u00ebve t\u00eb U\u00c7K-s\u00eb.<\/p>\n<p>Por a mjafton vet\u00ebm nj\u00eb ironi n\u00eb k\u00ebt\u00eb rast?!<\/p>\n<p>E p\u00ebr m\u00eb tep\u00ebr a \u00ebsht\u00eb ky thjesht\u00eb opinion kalimtar, apo q\u00ebndrim zyrtar i nj\u00eb Kryeministri?!<\/p>\n<p>Mos harrojm\u00eb q\u00eb me t\u00eb nj\u00ebjitin nivel ironie, Rama ka zhvler\u00ebsuar genocidin serb n\u00eb Kosov\u00eb e masakrat e Re\u00e7akut, Krush\u00ebs, \u00c7erezit, Prekazit, Izbic\u00ebs etj, zhvler\u00ebsime q\u00eb u pasuan me deklarata t\u00eb ngjashme t\u00eb Kryeministres serbe dhe t\u00eb pararendura nga VU\u00c7I\u00c7.<\/p>\n<p>P\u00ebrkundrejt k\u00ebsaj ironie aspak efektive dhe m\u00eb shum\u00eb e stilit gazetaresk, Rama duhet t\u00eb kishte artikuluar qart\u00eb q\u00ebndrimin e tij kund\u00ebr akuzave qesharake t\u00eb Dick Marty dhe Hag\u00ebs, n\u00eb mbrojtje t\u00eb vlerave dhe luft\u00ebs s\u00eb U\u00c7K.<\/p>\n<p>Dhe m\u00eb kryesorja:<\/p>\n<p>Pas refuzimit t\u00eb rezolutave t\u00eb PD prej tij e PS, q\u00eb d\u00ebnojn\u00eb genocidin e masakrat serbe n\u00eb Kosov\u00eb e Bosnje, Rama duhej t\u00eb ishte i prer\u00eb dhe taksativ n\u00eb q\u00ebndrimin e tij p\u00ebr k\u00ebto genocide.<\/p>\n<p>Por preferoi t\u00eb hesht\u00eb, duke tentuar ta kaloj\u00eb situat\u00ebn me t\u00eb qeshura ironike pa vend, nd\u00ebrsa \u201cmiqt\u00eb\u201d e tij dhe drejtuesit e U\u00c7K, p\u00ebrballen sot prapa hekurave, me akuza t\u00eb fabrikuara nga lobet serbe dhe siv\u00ebllau i tij VU\u00c7I\u00c7.<\/p>\n<p>Asnj\u00eb fjal\u00eb nuk nxorri nga goja dhe fjal\u00ebt GENOCID, MASAK\u00cbR, RE\u00c7AK, KRUSH\u00cb, PREKAZ i ka futur n\u00eb fondin e t\u00eb ndaluarave<\/p>\n<p>Nuk foli jo se nuk i di, por se nuk do.<\/p>\n<p>I d\u00ebmtohet \u201cOpen Balkan\u201d i Vu\u00e7i\u00e7 dhe vet\u00eb Serbia e dashur e tij!<\/p>\n","protected":false},"excerpt":{"rendered":"<p>Nga Lu\u00e7iano BO\u00c7I Rama ka ironizuar nga Prishtina akuzat dhe mbajtjen n\u00eb qeli t\u00eb Tha\u00e7it dhe Veselit. Dick Marty dhe Tribunali i Hag\u00ebs \u00ebsht\u00eb e v\u00ebrtet\u00eb q\u00eb meritojn\u00eb nota shp\u00ebrfillje e ironike me akuzat qesharake ndaj luft\u00ebtar\u00ebve t\u00eb U\u00c7K-s\u00eb. Por a mjafton vet\u00ebm nj\u00eb ironi n\u00eb k\u00ebt\u00eb rast?! E p\u00ebr m\u00eb tep\u00ebr a \u00ebsht\u00eb ky &hellip;<\/p>\n","protected":false},"author":4,"featured_media":0,"comment_status":"open","ping_status":"open","sticky":false,"template":"","format":"standard","meta":{"footnotes":""},"categories":[44],"tags":[],"class_list":["post-15590","post","type-post","status-publish","format-standard","","category-editorial"],"_links":{"self":[{"href":"https:\/\/rdnews.al\/index.php\/wp-json\/wp\/v2\/posts\/15590","targetHints":{"allow":["GET"]}}],"collection":[{"href":"https:\/\/rdnews.al\/index.php\/wp-json\/wp\/v2\/posts"}],"about":[{"href":"https:\/\/rdnews.al\/index.php\/wp-json\/wp\/v2\/types\/post"}],"author":[{"embeddable":true,"href":"https:\/\/rdnews.al\/index.php\/wp-json\/wp\/v2\/users\/4"}],"replies":[{"embeddable":true,"href":"https:\/\/rdnews.al\/index.php\/wp-json\/wp\/v2\/comments?post=15590"}],"version-history":[{"count":0,"href":"https:\/\/rdnews.al\/index.php\/wp-json\/wp\/v2\/posts\/15590\/revisions"}],"wp:attachment":[{"href":"https:\/\/rdnews.al\/index.php\/wp-json\/wp\/v2\/media?parent=15590"}],"wp:term":[{"taxonomy":"category","embeddable":true,"href":"https:\/\/rdnews.al\/index.php\/wp-json\/wp\/v2\/categories?post=15590"},{"taxonomy":"post_tag","embeddable":true,"href":"https:\/\/rdnews.al\/index.php\/wp-json\/wp\/v2\/tags?post=15590"}],"curies":[{"name":"wp","href":"https:\/\/api.w.org\/{rel}","templated":true}]}}