{"id":15660,"date":"2022-06-21T17:33:55","date_gmt":"2022-06-21T17:33:55","guid":{"rendered":"https:\/\/rdnews.al\/?p=15660"},"modified":"2022-06-21T17:33:55","modified_gmt":"2022-06-21T17:33:55","slug":"sfidat-shendetesore-te-nje-politike-qe-therret","status":"publish","type":"post","link":"https:\/\/rdnews.al\/index.php\/2022\/06\/21\/sfidat-shendetesore-te-nje-politike-qe-therret\/","title":{"rendered":"Sfidat sh\u00ebndet\u00ebsore t\u00eb nj\u00eb politike q\u00eb th\u00ebrret\u2026!"},"content":{"rendered":"<p><strong>Dr.Alban HAXHI<\/strong><br \/>\n<em><strong>Mjek Toksikolog dhe Specializant n\u00eb Obstetrike dhe Gjinekologji\u00a0<\/strong><\/em><\/p>\n<p>Mendova t\u00eb sfidoj dhe t\u00eb sfidohem aty ku prej shum\u00eb vitesh kam qen\u00eb pjes\u00eb e politik\u00eb b\u00ebrjes n\u00ebn hije si nj\u00eb mision q\u00eb shoq\u00ebria jon\u00eb e k\u00ebrkon me k\u00ebmb\u00ebngulje p\u00ebr t\u00eb dal\u00eb nga kjo katrahur\u00eb e mir\u00ebqenies sh\u00ebndet\u00ebsore q\u00eb asnj\u00ebher\u00eb s\u2019ka marr\u00eb v\u00ebmendjen e duhur.<\/p>\n<p>E mendova mire q\u00eb politika, si nj\u00eb promotor dhe investitor kryesor, duhet t\u2019i jap\u00eb jet\u00eb nj\u00eb sh\u00ebndeti t\u00eb mir\u00eb, \u201cSH\u00cbNDET P\u00cbR T\u00cb\u00a0GJITH\u00cb\u201d&#8230;<\/p>\n<p>Ky slogan i Organizat\u00ebs Bot\u00ebrore t\u00eb Sh\u00ebndet\u00ebsis\u00eb m\u00eb frym\u00ebzoi p\u00ebr t\u00eb k\u00ebrkuar ndihm\u00eb n\u00eb em\u00ebr t\u00eb shum\u00eb profesor\u00ebve, mjek\u00ebve, infermier\u00ebve, farmacist\u00ebve, stomatolog\u00ebve etj, partis\u00eb ku un\u00eb jam rritur dhe frym\u00ebzuar p\u00ebr iniciativat q\u00eb nd\u00ebrmerr p\u00ebr aksione t\u00eb ndryshme n\u00eb politik\u00eb b\u00ebrje.<\/p>\n<p>Nevojat q\u00eb sh\u00ebndet\u00ebsia shqiptare na shtron si profesionist\u00eb, na detyruan t\u00eb nd\u00ebrmarrim nj\u00eb iniciativ\u00eb t\u00eb domosdoshme p\u00ebr t\u2019i dh\u00ebn\u00eb r\u00ebnd\u00ebsin\u00eb e duhur n\u00eb shoq\u00ebri at\u00eb q\u00eb ne shpesh e themi \u201cSH\u00cbNDETI I PARI\u201d.<\/p>\n<p>K\u00ebshtu, nis\u00ebm t\u00eb grumbullojm\u00eb problematikat dhe t\u2019i diskutojm\u00eb me nj\u00ebri-tjetrin si profesionist\u00eb t\u00eb l\u00ebn\u00eb pasdore nga nj\u00eb qeverisje q\u00eb tenton t\u00eb t\u00eb mbyll\u00eb sy, goj\u00eb dhe vesh para k\u00ebsaj mos mir\u00ebqenie sh\u00ebndet\u00ebsore q\u00eb po l\u00ebngon gjithmon\u00eb e m\u00eb shum\u00eb nga korrupsioni, mos efektiviteti, prosvalja etj, etj&#8230;<\/p>\n<p>K\u00ebshtu, bashk\u00eb me nj\u00eb grup koleg\u00ebsh vendos\u00ebm t\u00eb bashk\u00ebpunojm\u00eb, t\u00eb evidentojm\u00eb dhe t\u00eb japim zgjidhje p\u00ebr problematikat e nj\u00eb sh\u00ebndet\u00ebsie q\u00eb na th\u00ebrret&#8230;<\/p>\n<p>Askush si Prof. Dr. Sali Berisha nuk do t\u00eb na kuptonte dhe t\u00eb na mb\u00ebshteste m\u00eb mir\u00eb n\u00eb k\u00ebt\u00eb drejtim duke na ofruar t\u00eb gjitha mund\u00ebsit\u00eb p\u00ebr t\u2019iu bashkangjitur dhe implementuar idet\u00eb tona si pjes\u00eb e pandashme e programit t\u00eb tij politik, k\u00ebmb\u00ebngul\u00ebs dhe parimor, na th\u00ebrret p\u00ebr t\u2019i v\u00ebn\u00eb n\u00eb jet\u00eb idet\u00eb tona.<\/p>\n<p>S\u00eb bashku k\u00ebrkuam nj\u00eb takim mes profesionist\u00ebsh t\u00eb bluzave t\u00eb bardha p\u00ebr t\u2019i ballafaquar k\u00ebto ide\/k\u00ebrkesa mes politik\u00ebs dhe profesionalizmit t\u00eb cilin e realizuam n\u00eb dt.14.06.2022.<\/p>\n<p>Pas nj\u00eb pune disa ditore po shikoja q\u00eb interesi ishte masiv dhe i p\u00ebrkushtuar nga ana e bluzave t\u00eb bardha p\u00ebr t\u2019u p\u00ebrballur me shfaqjen e sfidave q\u00eb na presin n\u00eb krah t\u00eb Doktorit.<\/p>\n<p>Mes skepticizmit t\u00eb frik\u00ebs nga ata q\u00eb i kan\u00eb frik\u00ebsuar deri n\u00eb palc\u00eb profesionist\u00ebt me largim nga puna, u befasova nga pjes\u00ebmarrja aq e madhe dhe shum\u00eb cil\u00ebsore e personaliteteve dhe funksionar\u00ebve t\u00eb sektorit sh\u00ebndet\u00ebsor shqiptar.<\/p>\n<p>Krenar p\u00ebr k\u00ebt\u00eb takim me kok\u00ebn lart vendos\u00ebm t\u00eb paraqesim para t\u00eb gjith\u00eb shoq\u00ebris\u00eb son\u00eb nj\u00eb pjes\u00eb t\u00eb problematikave t\u00eb pafundme q\u00eb k\u00ebrkojn\u00eb zgjidhje:<\/p>\n<p>Problematikat n\u00eb Sistemin Par\u00ebsor Sh\u00ebndet\u00ebsor (Receta elektronike, refereca mjek\u00ebsore, rritja e autoritetit t\u00eb mjekut t\u00eb familjes, vonesat e pacientit, efektiviteti i \u201ccheck up\u201d, mungesa e mjek\u00ebve t\u00eb p\u00ebrgjithsh\u00ebm n\u00eb zonat rurale etj.)<\/p>\n<p>Problematikat e Menaxhimit t\u00eb COVID-19 gjat\u00eb dhe pas periudh\u00ebs s\u00eb Pandemis\u00eb. (Vdekshm\u00ebria, trajtimi, suporti financiar, etj)<\/p>\n<p>Urgjenca Paraspitalore dhe ajo Spitalore (vonesat n\u00eb sh\u00ebrbim, mungesat e medikamenteve dhe mjeteve manipulative, mungesa e mbrojtjes s\u00eb personelit mjek\u00ebsor me pacientin dhe familjaret).<\/p>\n<p>Sh\u00ebrbimi Spitalor Rajonal (mungesa e mjek\u00ebve specialist\u00eb, munges\u00eb e theksuar e disa sh\u00ebrbimeve n\u00eb rrethe, munges\u00eb e medikamenteve spitalore).<\/p>\n<p>Zgjerimi dhe rritja e cil\u00ebsis\u00eb s\u00eb medikamenteve t\u00eb list\u00ebs s\u00eb barnave n\u00eb p\u00ebrqasje me ato europiane.<\/p>\n<p>Sh\u00ebrbimi Spitalor Terciar, Universitar. (Munges\u00eb e her\u00ebpashershme e ekzaminimeve laboratorike dhe imazherike, mungesa e shtret\u00ebrve n\u00eb sh\u00ebrbime t\u00eb r\u00ebnd\u00ebsishme si Urgjenc\u00eb, Neurologji, Kardiologji etj).<\/p>\n<p>Specializimet si nj\u00eb proces jo efektiv dhe r\u00ebndues p\u00ebr mjek\u00ebt n\u00eb specializim (paga t\u00eb ul\u00ebta, kontrata jo eficiente, kosto e lart\u00eb dhe Feedback shum\u00eb i ul\u00ebt n\u00eb ofrimin e sh\u00ebrbimit t\u00eb specializant\u00ebve n\u00eb rrethe kryesisht).<\/p>\n<p>Vdekshm\u00ebria foshnjore n\u00eb rritje dhe planifikimi familjar pothuaj inekzistent nga ana shtet\u00ebrore.<\/p>\n<p>Sh\u00ebrbimet parandaluese dhe mb\u00ebshtet\u00ebse (pothuaj inekzistente n\u00eb Sh\u00ebrbimin Sh\u00ebndet\u00ebsor Shtet\u00ebror).<\/p>\n<p>Pagesa t\u00eb ul\u00ebta t\u00eb mjek\u00ebve dhe Infermier\u00ebve krahasuar me vendet e Rajonit dhe Europ\u00ebs.<\/p>\n<p>Ngritja n\u00eb m\u00ebnyr\u00eb emergjente e nj\u00eb strategjie politike europiane ku t\u00eb\u00a0rritet eficenca e investimit n\u00eb sh\u00ebndet\u00ebsi n\u00eb m\u00ebnyr\u00eb q\u00eb t\u00eb mos lejohet abuzimi me tenderat e Sh\u00ebrbimit Publik Sh\u00ebndet\u00ebsor.<\/p>\n<p>Ngritja e z\u00ebrit nga ana e bluzave t\u00eb bardha p\u00ebrsa i p\u00ebrket rritjes s\u00eb taksimit s\u00eb t\u00eb ardhurave t\u00eb tyre nga ushtrimi si profesion i lir\u00eb.<\/p>\n<p>Absorbimi mes koleg\u00ebsh dhe shoq\u00ebris\u00eb ishte e dukshme.<\/p>\n<p>Tani mendoj se jemi n\u00eb rrug\u00ebn e duhur ku me suportin e PD, Profesor Sali Berish\u00ebs dhe profesionist\u00ebve t\u00eb shumt\u00eb t\u00eb prekim \u00e7do cep t\u00eb k\u00ebtij vendi duke nxjerr\u00eb, evidentuar dhe k\u00ebrkuar zgjidhje t\u00eb problematikave shum\u00eb evidente t\u00eb sh\u00ebndet\u00ebsis\u00eb shqiptare p\u00ebr t\u2019i dh\u00ebn\u00eb banor\u00ebve t\u00eb k\u00ebtij kombi nj\u00eb mir\u00ebqenie sh\u00ebndet\u00ebsore europiane, bashk\u00ebkohore duke e finalizuar me nj\u00eb program politik profesionist\u00ebsh ashtu si e k\u00ebrkon koha t\u00eb cilin sapo e kemi nisur&#8230;<\/p>\n","protected":false},"excerpt":{"rendered":"<p>Dr.Alban HAXHI Mjek Toksikolog dhe Specializant n\u00eb Obstetrike dhe Gjinekologji\u00a0 Mendova t\u00eb sfidoj dhe t\u00eb sfidohem aty ku prej shum\u00eb vitesh kam qen\u00eb pjes\u00eb e politik\u00eb b\u00ebrjes n\u00ebn hije si nj\u00eb mision q\u00eb shoq\u00ebria jon\u00eb e k\u00ebrkon me k\u00ebmb\u00ebngulje p\u00ebr t\u00eb dal\u00eb nga kjo katrahur\u00eb e mir\u00ebqenies sh\u00ebndet\u00ebsore q\u00eb asnj\u00ebher\u00eb s\u2019ka marr\u00eb v\u00ebmendjen e duhur. &hellip;<\/p>\n","protected":false},"author":4,"featured_media":15661,"comment_status":"open","ping_status":"open","sticky":false,"template":"","format":"standard","meta":{"footnotes":""},"categories":[37],"tags":[],"class_list":["post-15660","post","type-post","status-publish","format-standard","has-post-thumbnail","","category-politike"],"_links":{"self":[{"href":"https:\/\/rdnews.al\/index.php\/wp-json\/wp\/v2\/posts\/15660","targetHints":{"allow":["GET"]}}],"collection":[{"href":"https:\/\/rdnews.al\/index.php\/wp-json\/wp\/v2\/posts"}],"about":[{"href":"https:\/\/rdnews.al\/index.php\/wp-json\/wp\/v2\/types\/post"}],"author":[{"embeddable":true,"href":"https:\/\/rdnews.al\/index.php\/wp-json\/wp\/v2\/users\/4"}],"replies":[{"embeddable":true,"href":"https:\/\/rdnews.al\/index.php\/wp-json\/wp\/v2\/comments?post=15660"}],"version-history":[{"count":0,"href":"https:\/\/rdnews.al\/index.php\/wp-json\/wp\/v2\/posts\/15660\/revisions"}],"wp:featuredmedia":[{"embeddable":true,"href":"https:\/\/rdnews.al\/index.php\/wp-json\/wp\/v2\/media\/15661"}],"wp:attachment":[{"href":"https:\/\/rdnews.al\/index.php\/wp-json\/wp\/v2\/media?parent=15660"}],"wp:term":[{"taxonomy":"category","embeddable":true,"href":"https:\/\/rdnews.al\/index.php\/wp-json\/wp\/v2\/categories?post=15660"},{"taxonomy":"post_tag","embeddable":true,"href":"https:\/\/rdnews.al\/index.php\/wp-json\/wp\/v2\/tags?post=15660"}],"curies":[{"name":"wp","href":"https:\/\/api.w.org\/{rel}","templated":true}]}}