{"id":15663,"date":"2022-06-21T17:49:15","date_gmt":"2022-06-21T17:49:15","guid":{"rendered":"https:\/\/rdnews.al\/?p=15663"},"modified":"2022-06-21T17:49:36","modified_gmt":"2022-06-21T17:49:36","slug":"paloka-rama-zgjodhi-aleancat-anti-shqiptare-open-balkan-nisme-ruso-serbe","status":"publish","type":"post","link":"https:\/\/rdnews.al\/index.php\/2022\/06\/21\/paloka-rama-zgjodhi-aleancat-anti-shqiptare-open-balkan-nisme-ruso-serbe\/","title":{"rendered":"Paloka: Rama zgjodhi aleancat anti-shqiptare! \u201cOpen Balkan\u201d nism\u00eb ruso-serbe"},"content":{"rendered":"<p>Kryetari i K\u00ebshillit Komb\u00ebtar t\u00eb PD, Edi Paloka ka reaguar n\u00eb rrjete sociale n\u00eb lidhje me refuzimin q\u00eb Rama i ka b\u00ebr\u00eb samitit t\u00eb Brukselit. Paloka shprehet se, kjo nuk ishte e papritur, por e paralajm\u00ebruar se rruga e Ram\u00ebs nuk \u00ebsht\u00eb BE, por aleancat anti-shqiptare.<\/p>\n<p>&#8220;E kishim paralajm\u00ebruar, rruga e Ram\u00ebs nuk \u00ebsht\u00eb BE por aleancat anti-shqiptare. Ballkani i Hapur \u00ebsht\u00eb konkretizimi i linj\u00ebs ruso-serbe t\u00eb sponsorizuara nga padron\u00ebt e Ram\u00ebs. Nuk \u00ebsht\u00eb rast\u00ebsi q\u00eb pik\u00ebrisht Serbia, Maqedonia e Veriut dhe Rama dalin hapur kund\u00ebr BE duke bojkotuar&#8221;, shkruan Paloka.<\/p>\n<p><img loading=\"lazy\" decoding=\"async\" class=\"\" src=\"https:\/\/scontent.ftia4-1.fna.fbcdn.net\/v\/t39.30808-6\/288565511_2966324786998821_8801163322208698919_n.jpg?_nc_cat=100&amp;ccb=1-7&amp;_nc_sid=8bfeb9&amp;_nc_eui2=AeFtA3x6aGJSESNfkR_jFg3qev0W6lwRtAl6_RbqXBG0CUN6ml-vKAPwdrwKXHGvBIU&amp;_nc_ohc=4txGTgDFiY4AX-dfmOJ&amp;_nc_ht=scontent.ftia4-1.fna&amp;oh=00_AT_756sWkR6BnHFI2lpgnDPTIIbNumigPPr5gedo3QEljQ&amp;oe=62B62BAF\" alt=\"Mund t\u00eb jet\u00eb nj\u00eb pamje ekrani e Twitter p\u00ebr teksti q\u00eb thot\u00eb &quot;Edi Rama @ediramaal We discussed today at length with Serbia's and North Macedonia's leaders about the upcoming EU Summit. It seems that another &quot;No,sorry!&quot; is gonna be what we will hear at the end! The whole Union kidnapped by Bulgaria it is not a good spectacle to watch! What to do there?!&quot;\" width=\"401\" height=\"342\" \/><\/p>\n","protected":false},"excerpt":{"rendered":"<p>Kryetari i K\u00ebshillit Komb\u00ebtar t\u00eb PD, Edi Paloka ka reaguar n\u00eb rrjete sociale n\u00eb lidhje me refuzimin q\u00eb Rama i ka b\u00ebr\u00eb samitit t\u00eb Brukselit. Paloka shprehet se, kjo nuk ishte e papritur, por e paralajm\u00ebruar se rruga e Ram\u00ebs nuk \u00ebsht\u00eb BE, por aleancat anti-shqiptare. &#8220;E kishim paralajm\u00ebruar, rruga e Ram\u00ebs nuk \u00ebsht\u00eb BE &hellip;<\/p>\n","protected":false},"author":4,"featured_media":0,"comment_status":"open","ping_status":"open","sticky":false,"template":"","format":"standard","meta":{"footnotes":""},"categories":[37],"tags":[],"class_list":["post-15663","post","type-post","status-publish","format-standard","","category-politike"],"_links":{"self":[{"href":"https:\/\/rdnews.al\/index.php\/wp-json\/wp\/v2\/posts\/15663","targetHints":{"allow":["GET"]}}],"collection":[{"href":"https:\/\/rdnews.al\/index.php\/wp-json\/wp\/v2\/posts"}],"about":[{"href":"https:\/\/rdnews.al\/index.php\/wp-json\/wp\/v2\/types\/post"}],"author":[{"embeddable":true,"href":"https:\/\/rdnews.al\/index.php\/wp-json\/wp\/v2\/users\/4"}],"replies":[{"embeddable":true,"href":"https:\/\/rdnews.al\/index.php\/wp-json\/wp\/v2\/comments?post=15663"}],"version-history":[{"count":0,"href":"https:\/\/rdnews.al\/index.php\/wp-json\/wp\/v2\/posts\/15663\/revisions"}],"wp:attachment":[{"href":"https:\/\/rdnews.al\/index.php\/wp-json\/wp\/v2\/media?parent=15663"}],"wp:term":[{"taxonomy":"category","embeddable":true,"href":"https:\/\/rdnews.al\/index.php\/wp-json\/wp\/v2\/categories?post=15663"},{"taxonomy":"post_tag","embeddable":true,"href":"https:\/\/rdnews.al\/index.php\/wp-json\/wp\/v2\/tags?post=15663"}],"curies":[{"name":"wp","href":"https:\/\/api.w.org\/{rel}","templated":true}]}}