{"id":15701,"date":"2022-06-22T14:42:45","date_gmt":"2022-06-22T14:42:45","guid":{"rendered":"https:\/\/rdnews.al\/?p=15701"},"modified":"2022-06-22T14:42:45","modified_gmt":"2022-06-22T14:42:45","slug":"protesta-masive-ne-bruksel-kunder-rritjes-se-cmimeve","status":"publish","type":"post","link":"https:\/\/rdnews.al\/index.php\/2022\/06\/22\/protesta-masive-ne-bruksel-kunder-rritjes-se-cmimeve\/","title":{"rendered":"Protesta masive n\u00eb Bruksel kund\u00ebr rritjes s\u00eb \u00e7mimeve"},"content":{"rendered":"<p>Nj\u00eb protest\u00eb e organizuar nga sindikatat q\u00eb num\u00ebron 70,000 deri n\u00eb 80,000 demonstrues mbush\u00ebn rrug\u00ebt e Brukselit t\u00eb h\u00ebn\u00ebn, duke e \u00e7uar qytetin n\u00eb nj\u00eb ndales\u00eb.<\/p>\n<p>P\u00ebrve\u00e7 shprehjes s\u00eb zem\u00ebrimit p\u00ebr koston n\u00eb rritje t\u00eb jetes\u00ebs n\u00eb Belgjik\u00eb, shum\u00eb d\u00ebnuan aleanc\u00ebn e NATO-s t\u00eb udh\u00ebhequr nga SHBA dhe p\u00ebrfshirjen e saj n\u00eb konfliktin ukrainas.<br \/>\nSindikatat than\u00eb se 80,000 njer\u00ebz mor\u00ebn pjes\u00eb n\u00eb protest\u00eb, nd\u00ebrsa policia tha se pjes\u00ebmarrja ishte af\u00ebr 70,000, raportoi Reuters.<\/p>\n<p>P\u00ebrve\u00e7 mbushjes s\u00eb rrug\u00ebve, protesta \u00e7oi n\u00eb anulime masive t\u00eb fluturimeve n\u00eb aeroportin e Brukselit, pasi sindikatat q\u00eb p\u00ebrfaq\u00ebsonin personelin e siguris\u00eb hyn\u00eb n\u00eb grev\u00eb. Rrug\u00ebt e tranzitit publik rreth qytetit po funksiononin gjithashtu me kapacitet t\u00eb zvog\u00ebluar shum\u00eb.<\/p>\n<p>Inflacioni arriti n\u00eb 9% n\u00eb Belgjik\u00eb n\u00eb qershor, nj\u00eb nivel m\u00eb i lart\u00eb n\u00eb kat\u00ebr dhjet\u00ebvje\u00e7ar\u00eb. Me r\u00ebnien e fuqis\u00eb shpenzuese, protestuesit k\u00ebrkuan rritje t\u00eb pagave dhe ulje taksash.<br \/>\nMegjithat\u00eb, shum\u00eb e lidh\u00ebn ngushtic\u00ebn e tyre t\u00eb tmerrshme ekonomike me regjimin e sanksioneve t\u00eb BE-s\u00eb ndaj Rusis\u00eb dhe me nxitimin e aleanc\u00ebs s\u00eb NATO-s p\u00ebr t\u00eb armatosur Ukrain\u00ebn.<\/p>\n<p>Protestuesit k\u00ebrkuan q\u00eb lider\u00ebt e tyre \u2018t\u00eb shpenzojn\u00eb para p\u00ebr rroga, jo p\u00ebr arm\u00eb\u2019 dhe brohorit\u00ebn \u2018Stop NATO-s\u2019.<br \/>\nNd\u00ebrsa protesta t\u00eb ngjashme kund\u00ebr rritjes s\u00eb kostove kan\u00eb ndodhur n\u00eb t\u00eb gjith\u00eb Evrop\u00ebn deri von\u00eb, mij\u00ebra sindikalist\u00eb marshuan n\u00eb Lond\u00ebr t\u00eb shtun\u00ebn, pak  kan\u00eb lidhur \u00e7mimet n\u00eb rritje me veprimet e NATO-s dhe an\u00ebtar\u00ebve t\u00eb saj.<br \/>\nVet\u00ebm tre muaj m\u00eb par\u00eb, disa protestues n\u00eb Bruksel val\u00ebvit\u00ebn flamujt ukrainas dhe k\u00ebrkuan q\u00eb BE-ja t\u00eb shk\u00ebputej nga \u2018Nafta e Putinit\u2019. Jav\u00eb m\u00eb par\u00eb, pati nj\u00eb demonstrat\u00eb jasht\u00eb nd\u00ebrtesave t\u00eb Parlamentit Evropian duke b\u00ebr\u00eb thirrje p\u00ebr \u2018sanksione p\u00ebr Rusin\u00eb\u2019.<\/p>\n<p>Brukseli \u00ebsht\u00eb sht\u00ebpia e selive t\u00eb BE-s\u00eb dhe NATO-s. Ishte gjithashtu qyteti nga ku Presidenti i SHBA Joe Biden zgjodhi t\u00eb shpallte nj\u00eb raund sanksionesh ndaj Mosk\u00ebs n\u00eb mars, p\u00ebrpara se t\u2019i thoshte menj\u00ebher\u00eb nj\u00eb gazetari se \u2018sanksionet nuk i pengojn\u00eb kurr\u00eb\u2019 ata q\u00eb jan\u00eb n\u00eb sh\u00ebnjest\u00ebr prej tyre.<br \/>\nPavar\u00ebsisht parashikimit n\u00eb prill se k\u00ebto masa do t\u00eb \u2018fshijn\u00eb 15 vitet e fundit t\u00eb fitimeve ekonomike t\u00eb Rusis\u00eb\u2019, t\u00eb ardhurat e Rusis\u00eb nga energjia kan\u00eb arritur nivele rekord q\u00eb nga shkurti dhe rubla ruse \u00ebsht\u00eb tani n\u00eb nivelin m\u00eb t\u00eb lart\u00eb t\u00eb shtat\u00eb viteve kundrejt euros.<\/p>\n","protected":false},"excerpt":{"rendered":"<p>Nj\u00eb protest\u00eb e organizuar nga sindikatat q\u00eb num\u00ebron 70,000 deri n\u00eb 80,000 demonstrues mbush\u00ebn rrug\u00ebt e Brukselit t\u00eb h\u00ebn\u00ebn, duke e \u00e7uar qytetin n\u00eb nj\u00eb ndales\u00eb. P\u00ebrve\u00e7 shprehjes s\u00eb zem\u00ebrimit p\u00ebr koston n\u00eb rritje t\u00eb jetes\u00ebs n\u00eb Belgjik\u00eb, shum\u00eb d\u00ebnuan aleanc\u00ebn e NATO-s t\u00eb udh\u00ebhequr nga SHBA dhe p\u00ebrfshirjen e saj n\u00eb konfliktin ukrainas. Sindikatat &hellip;<\/p>\n","protected":false},"author":4,"featured_media":15702,"comment_status":"open","ping_status":"open","sticky":false,"template":"","format":"standard","meta":{"footnotes":""},"categories":[38],"tags":[],"class_list":["post-15701","post","type-post","status-publish","format-standard","has-post-thumbnail","","category-bota"],"_links":{"self":[{"href":"https:\/\/rdnews.al\/index.php\/wp-json\/wp\/v2\/posts\/15701","targetHints":{"allow":["GET"]}}],"collection":[{"href":"https:\/\/rdnews.al\/index.php\/wp-json\/wp\/v2\/posts"}],"about":[{"href":"https:\/\/rdnews.al\/index.php\/wp-json\/wp\/v2\/types\/post"}],"author":[{"embeddable":true,"href":"https:\/\/rdnews.al\/index.php\/wp-json\/wp\/v2\/users\/4"}],"replies":[{"embeddable":true,"href":"https:\/\/rdnews.al\/index.php\/wp-json\/wp\/v2\/comments?post=15701"}],"version-history":[{"count":0,"href":"https:\/\/rdnews.al\/index.php\/wp-json\/wp\/v2\/posts\/15701\/revisions"}],"wp:featuredmedia":[{"embeddable":true,"href":"https:\/\/rdnews.al\/index.php\/wp-json\/wp\/v2\/media\/15702"}],"wp:attachment":[{"href":"https:\/\/rdnews.al\/index.php\/wp-json\/wp\/v2\/media?parent=15701"}],"wp:term":[{"taxonomy":"category","embeddable":true,"href":"https:\/\/rdnews.al\/index.php\/wp-json\/wp\/v2\/categories?post=15701"},{"taxonomy":"post_tag","embeddable":true,"href":"https:\/\/rdnews.al\/index.php\/wp-json\/wp\/v2\/tags?post=15701"}],"curies":[{"name":"wp","href":"https:\/\/api.w.org\/{rel}","templated":true}]}}